{"id":111062,"date":"2021-11-08T07:35:56","date_gmt":"2021-11-08T10:35:56","guid":{"rendered":"https:\/\/eltrabajo.cl\/portal\/?p=111062"},"modified":"2021-11-07T23:55:32","modified_gmt":"2021-11-08T02:55:32","slug":"ronda-impacto-deja-18-personas-detenidas-por-ordenes-vigentes","status":"publish","type":"post","link":"https:\/\/eltrabajo.cl\/portal\/ronda-impacto-deja-18-personas-detenidas-por-ordenes-vigentes\/","title":{"rendered":"\u2018Ronda Impacto\u2019 deja 18 personas detenidas por \u00f3rdenes vigentes"},"content":{"rendered":"<p style=\"text-align: justify;\">Un total de 18 personas fueron detenidas por Carabineros San Felipe en una operaci\u00f3n llamada \u2018Ronda Impacto\u2019, realizada el jueves en la tarde-noche en distintos sectores de la ciudad.<\/p>\n<p style=\"text-align: justify;\">El cargado de entregar esta informaci\u00f3n fue el mayor de Carabineros, <strong>Cristian Ram\u00edrez Gald\u00e1mez<\/strong>, detallando que en esta operaci\u00f3n se hace una focalizaci\u00f3n y geo referenciaci\u00f3n de lo que es delito; <em>\u00abes decir hora lugar y donde ocurren los delitos y en base a eso se abocan todos los esfuerzos y los recursos. En este cometido es que Carabineros de San Felipe, personal de la SIP, Secci\u00f3n de Intervenci\u00f3n Policial de la Prefectura Aconcagua N\u00ba7, efectuaron patrullajes preventivos por todos los sectores y en este cometido se logr\u00f3 la detenci\u00f3n de catorce personas, esto fue hasta las 20:00 horas <\/em>(jueves),<em> no obstante durante la noche hubo cuatro detenidos m\u00e1s, en total sumaron 18; diez fueron por \u00f3rdenes vigentes por Robo en lugar habitado, No habitado y el restante fue por flagrancia por delitos de connotaci\u00f3n social, Ley de Drogas y otras\u00bb,<\/em> se\u00f1al\u00f3.<\/p>\n<p style=\"text-align: justify;\">El oficial destac\u00f3 un procedimiento donde se detuvo a tres personas por Ley de Drogas, <em>\u00ablos cuales al momento de efectuar el control se detect\u00f3 que uno de sus ocupantes, el copiloto, portaba un arma de fuego la cual ocult\u00f3 en su entre piernas y el pasajero del asiento trasero ocultaba un banano en cuyo interior manten\u00eda contenedores que son com\u00fanmente utilizados para tener droga. Sometidos a la prueba de campo arroj\u00f3 positivo a coloraci\u00f3n, la reacci\u00f3n qu\u00edmica en este caso, y el pesaje en este caso a la droga que corresponde a clorhidrato\u00a0 de coca\u00edna\u00bb,<\/em> se\u00f1al\u00f3.<\/p>\n<p style=\"text-align: justify;\">El mayor Ram\u00edrez hizo hincapi\u00e9 en que este tipo de rondas obedece a denuncias que realiza la comunidad: <em>\u00abCuando los vecinos denuncian, yo puedo rescatar el dato, enfocar todos los esfuerzos hacia donde se est\u00e1 cometiendo el delito y en esa l\u00f3gica se ven estos resultados\u00bb,<\/em> finaliz\u00f3. Todos los detenidos pasaron a control de detenci\u00f3n.<\/p>\n<figure id=\"attachment_111063\" aria-describedby=\"caption-attachment-111063\" style=\"width: 699px\" class=\"wp-caption alignnone\"><img data-recalc-dims=\"1\" loading=\"lazy\" decoding=\"async\" class=\"size-full wp-image-111063\" src=\"https:\/\/i0.wp.com\/eltrabajo.cl\/portal\/wp-content\/uploads\/2021\/11\/Decomiso.jpg?resize=640%2C479&#038;ssl=1\" alt=\"Una funcionara junto al decomiso realizado a tres detenidos por infracci\u00f3n a ley de drogas.\" width=\"640\" height=\"479\" srcset=\"https:\/\/i0.wp.com\/eltrabajo.cl\/portal\/wp-content\/uploads\/2021\/11\/Decomiso.jpg?w=699&amp;ssl=1 699w, https:\/\/i0.wp.com\/eltrabajo.cl\/portal\/wp-content\/uploads\/2021\/11\/Decomiso.jpg?resize=300%2C224&amp;ssl=1 300w, https:\/\/i0.wp.com\/eltrabajo.cl\/portal\/wp-content\/uploads\/2021\/11\/Decomiso.jpg?resize=200%2C150&amp;ssl=1 200w, https:\/\/i0.wp.com\/eltrabajo.cl\/portal\/wp-content\/uploads\/2021\/11\/Decomiso.jpg?resize=696%2C521&amp;ssl=1 696w\" sizes=\"auto, (max-width: 640px) 100vw, 640px\" \/><figcaption id=\"caption-attachment-111063\" class=\"wp-caption-text\">Una funcionara junto al decomiso realizado a tres detenidos por infracci\u00f3n a ley de drogas.<\/figcaption><\/figure>\n","protected":false},"excerpt":{"rendered":"<p>Un total de 18 personas fueron detenidas por Carabineros San Felipe en una operaci\u00f3n llamada \u2018Ronda Impacto\u2019, realizada el jueves en la tarde-noche en distintos sectores de la ciudad. El cargado de&#8230;<\/p>\n","protected":false},"author":482,"featured_media":111063,"comment_status":"closed","ping_status":"open","sticky":false,"template":"","format":"standard","meta":{"advanced_seo_description":"","jetpack_seo_html_title":"","jetpack_seo_noindex":false,"_jetpack_memberships_contains_paid_content":false,"footnotes":""},"categories":[21],"tags":[],"class_list":["post-111062","post","type-post","status-publish","format-standard","has-post-thumbnail","hentry","category-policial"],"jetpack_featured_media_url":"https:\/\/i0.wp.com\/eltrabajo.cl\/portal\/wp-content\/uploads\/2021\/11\/Decomiso.jpg?fit=699%2C523&ssl=1","jetpack_sharing_enabled":true,"jetpack_likes_enabled":true,"jetpack-related-posts":[],"_links":{"self":[{"href":"https:\/\/eltrabajo.cl\/portal\/wp-json\/wp\/v2\/posts\/111062","targetHints":{"allow":["GET"]}}],"collection":[{"href":"https:\/\/eltrabajo.cl\/portal\/wp-json\/wp\/v2\/posts"}],"about":[{"href":"https:\/\/eltrabajo.cl\/portal\/wp-json\/wp\/v2\/types\/post"}],"author":[{"embeddable":true,"href":"https:\/\/eltrabajo.cl\/portal\/wp-json\/wp\/v2\/users\/482"}],"replies":[{"embeddable":true,"href":"https:\/\/eltrabajo.cl\/portal\/wp-json\/wp\/v2\/comments?post=111062"}],"version-history":[{"count":0,"href":"https:\/\/eltrabajo.cl\/portal\/wp-json\/wp\/v2\/posts\/111062\/revisions"}],"wp:featuredmedia":[{"embeddable":true,"href":"https:\/\/eltrabajo.cl\/portal\/wp-json\/wp\/v2\/media\/111063"}],"wp:attachment":[{"href":"https:\/\/eltrabajo.cl\/portal\/wp-json\/wp\/v2\/media?parent=111062"}],"wp:term":[{"taxonomy":"category","embeddable":true,"href":"https:\/\/eltrabajo.cl\/portal\/wp-json\/wp\/v2\/categories?post=111062"},{"taxonomy":"post_tag","embeddable":true,"href":"https:\/\/eltrabajo.cl\/portal\/wp-json\/wp\/v2\/tags?post=111062"}],"curies":[{"name":"wp","href":"https:\/\/api.w.org\/{rel}","templated":true}]}}