{"id":111074,"date":"2021-11-08T07:55:34","date_gmt":"2021-11-08T10:55:34","guid":{"rendered":"https:\/\/eltrabajo.cl\/portal\/?p=111074"},"modified":"2021-11-08T00:10:05","modified_gmt":"2021-11-08T03:10:05","slug":"con-danos-menores-hallan-en-colina-auto-robado-frente-a-discoteca-cesar","status":"publish","type":"post","link":"https:\/\/eltrabajo.cl\/portal\/con-danos-menores-hallan-en-colina-auto-robado-frente-a-discoteca-cesar\/","title":{"rendered":"Con da\u00f1os menores hallan en Colina auto robado frente a discoteca C\u00e9sar"},"content":{"rendered":"<p style=\"text-align: left;\"><span style=\"color: #ff0000;\"><strong>Carretera San Mart\u00edn:<\/strong><\/span><\/p>\n<p style=\"text-align: justify;\">En Colina fue encontrado por Carabineros de esa ciudad, el autom\u00f3vil robado la noche del 30 de octubre frente a la discoteca C\u00e9sar, en la carretera San Mart\u00edn.<\/p>\n<p style=\"text-align: justify;\">Como se recordar\u00e1, el autom\u00f3vil corresponde a uno marca K\u00cdA, color azul, cuyo propietario, un joven de 20 a\u00f1os de edad, se encontraba devastado por este robo.<\/p>\n<p style=\"text-align: justify;\">La informaci\u00f3n del hallazgo la entreg\u00f3 el padre de la v\u00edctima, <strong>H\u00e9ctor Silva Aranda<\/strong>, se\u00f1alando que el auto fue encontrado el d\u00eda jueves por Carabineros, que le informaron que <em>\u00abencontramos un auto de las caracter\u00edsticas que and\u00e1bamos buscando, as\u00ed es que nos apersonamos ah\u00ed en la Comisar\u00eda y efectivamente era el auto de mi hijo que lo hab\u00edan encontrado y que hoy viernes lo podemos retirar. As\u00ed es que con da\u00f1os m\u00ednimos lo encontramos, pero gracias a todos los que cooperaron en difundir la noticia, ustedes los medios de comunicaci\u00f3n, dimos con el veh\u00edculo\u00bb,<\/em> dijo.<\/p>\n<p style=\"text-align: justify;\">&#8211;<strong> \u00bfEn qu\u00e9 consiste eso de da\u00f1os m\u00ednimos?<\/strong><\/p>\n<p style=\"text-align: justify;\">&#8211; Mira, da\u00f1ado no, solamente ellos reventaron la chapa de contacto y una luneta que lleva en la parte trasera, es lo \u00fanico. Ah lo otro es que no tiene las patentes, eso fue lo \u00fanico que le hicieron, lo dem\u00e1s est\u00e1 en perfectas condiciones, como mi hijo lo ten\u00eda.<\/p>\n<p style=\"text-align: justify;\">&#8211;<strong> \u00bfC\u00f3mo est\u00e1 su hijo con esto?<\/strong><\/p>\n<p style=\"text-align: justify;\">&#8211; Est\u00e1 feliz que hayan encontrado su veh\u00edculo en tan buenas condiciones como te digo yo. Nosotros ya pens\u00e1bamos que lo \u00edbamos a encontrar desarmado. Por lo menos ya lo encontramos entero, funcionando, solamente que no se puede echar andar como se hizo tira la chapa, pero funciona, los carabineros nos dijeron que lo hab\u00edan llevado andando a la comisar\u00eda, adem\u00e1s, como an\u00e9cdota estaba el auto de mi hijo y uno m\u00e1s que tambi\u00e9n hab\u00edan robado aqu\u00ed en San Felipe. As\u00ed es que encontraron dos de San Felipe ayer.<\/p>\n<p style=\"text-align: justify;\">&#8211; <strong>\u00bfSaben ustedes de qui\u00e9n es el otro veh\u00edculo?<\/strong><\/p>\n<p style=\"text-align: justify;\">&#8211; No, pero era un Hyundai, Tucson, color gris que estaba junto con el de mi hijo. Lo encontraron donde mismo estaba el de mi hijo.<\/p>\n<p style=\"text-align: justify;\">&#8211;<strong> \u00bfQu\u00e9 piensan ustedes de c\u00f3mo los tipos robaron el veh\u00edculo, de inmediato se fueron a Colina?<\/strong><\/p>\n<p style=\"text-align: justify;\">&#8211; Lo que nos inform\u00f3 Carabineros es que es una banda de j\u00f3venes que se est\u00e1n dedicando a este tipo de robos, tanto en San Felipe como en Los Andes, y despu\u00e9s se llevan los autos para correrlos, jactarse de sus delitos y por poblaciones de Colina que no es muy buena.<\/p>\n<p style=\"text-align: justify;\">&#8211; <strong>Lo bueno que no fueron utilizados para cometer otros delitos.<\/strong><\/p>\n<p style=\"text-align: justify;\">&#8211; No, eso era lo que me dec\u00eda el carabinero, solamente es para diversi\u00f3n, eso es lo que nos comentaban.<\/p>\n<p style=\"text-align: justify;\">&#8211; <strong>\u00bfNo hubo detenidos?<\/strong><\/p>\n<p style=\"text-align: justify;\">&#8211; No, porque cuando llegaron ellos se hicieron humo dentro de las poblaciones y los pasajes donde estaba el auto.<\/p>\n<p style=\"text-align: justify;\">&#8211;<strong> \u00bfC\u00f3mo Carabineros da con ellos o identifica el auto que era robado, alguien los llam\u00f3?<\/strong><\/p>\n<p style=\"text-align: justify;\">&#8211; Me dicen que ellos andaban haciendo un patrullaje preventivo y lo divisaron. Divisaron el veh\u00edculo y lo consultaron no por las patentes sino por los encargos de robos que ten\u00edan y por las caracter\u00edsticas f\u00edsicas llegaron ah\u00ed.<\/p>\n<p style=\"text-align: justify;\">\n<p style=\"text-align: justify;\"><strong>EST\u00c1N CONFORMES<\/strong><\/p>\n<p style=\"text-align: justify;\">Agreg\u00f3 que como familia est\u00e1n bastante conforme porque podr\u00edan haberlo encontrado todo desarmado y no fue as\u00ed, s\u00f3lo da\u00f1os menores, <em>\u00abaparte que fue en muy poco tiempo y gracias a toda esta cobertura que se dio tanto por redes sociales ustedes como medio de comunicaci\u00f3n, yo creo que eso fue un \u00e9nfasis bastante positivo en que todo el mundo se moviera en darnos datos que estaba por aqu\u00ed, por all\u00e1, entonces tambi\u00e9n puso m\u00e1s en alerta a Carabineros\u00bb,<\/em> se\u00f1al\u00f3.<\/p>\n<p style=\"text-align: justify;\">&#8211; <strong>Ustedes el otro d\u00eda estaban analizando acciones judiciales contra la productora por la responsabilidad en el aforo, \u00bfsiguen con eso o lo dan por terminado? <\/strong><\/p>\n<p style=\"text-align: justify;\">&#8211; No, mira nosotros conversamos con nuestro asesor y me dice ya se encontr\u00f3 el veh\u00edculo, vamos a ver, sino para poder terminar con esta situaci\u00f3n, porque el tema va a ser un poco m\u00e1s engorroso seguir las acciones por el tema que ninguna de las productoras se hicieron ni responsable ni tampoco se hicieron parte en dar alguna explicaci\u00f3n. Yo creo que una explicaci\u00f3n vale m\u00e1s que mil palabras.<\/p>\n<p style=\"text-align: justify;\">Al finalizar la conversaci\u00f3n con nuestro medio, reiter\u00f3 sus agradecimientos a todas las personas que de alguna u otra manera ayudaron difundiendo la noticia incluyendo a los medios de comunicaci\u00f3n; <strong>Diario El Trabajo<\/strong> y Radio Aconcagua.<\/p>\n<figure id=\"attachment_111075\" aria-describedby=\"caption-attachment-111075\" style=\"width: 699px\" class=\"wp-caption alignnone\"><img data-recalc-dims=\"1\" loading=\"lazy\" decoding=\"async\" class=\"size-full wp-image-111075\" src=\"https:\/\/i0.wp.com\/eltrabajo.cl\/portal\/wp-content\/uploads\/2021\/11\/Auto-2.jpg?resize=640%2C288&#038;ssl=1\" alt=\"En Colina apareci\u00f3 el autom\u00f3vil robado la noche del 30 de octubre frente a la discoteca C\u00e9sar, en la carretera San Mart\u00edn.\" width=\"640\" height=\"288\" srcset=\"https:\/\/i0.wp.com\/eltrabajo.cl\/portal\/wp-content\/uploads\/2021\/11\/Auto-2.jpg?w=699&amp;ssl=1 699w, https:\/\/i0.wp.com\/eltrabajo.cl\/portal\/wp-content\/uploads\/2021\/11\/Auto-2.jpg?resize=300%2C135&amp;ssl=1 300w, https:\/\/i0.wp.com\/eltrabajo.cl\/portal\/wp-content\/uploads\/2021\/11\/Auto-2.jpg?resize=200%2C90&amp;ssl=1 200w, https:\/\/i0.wp.com\/eltrabajo.cl\/portal\/wp-content\/uploads\/2021\/11\/Auto-2.jpg?resize=696%2C314&amp;ssl=1 696w\" sizes=\"auto, (max-width: 640px) 100vw, 640px\" \/><figcaption id=\"caption-attachment-111075\" class=\"wp-caption-text\">En Colina apareci\u00f3 el autom\u00f3vil robado la noche del 30 de octubre frente a la discoteca C\u00e9sar, en la carretera San Mart\u00edn.<\/figcaption><\/figure>\n","protected":false},"excerpt":{"rendered":"<p>Carretera San Mart\u00edn: En Colina fue encontrado por Carabineros de esa ciudad, el autom\u00f3vil robado la noche del 30 de octubre frente a la discoteca C\u00e9sar, en la carretera San Mart\u00edn. Como&#8230;<\/p>\n","protected":false},"author":482,"featured_media":111075,"comment_status":"closed","ping_status":"open","sticky":false,"template":"","format":"standard","meta":{"advanced_seo_description":"","jetpack_seo_html_title":"","jetpack_seo_noindex":false,"_jetpack_memberships_contains_paid_content":false,"footnotes":""},"categories":[21],"tags":[],"class_list":["post-111074","post","type-post","status-publish","format-standard","has-post-thumbnail","hentry","category-policial"],"jetpack_featured_media_url":"https:\/\/i0.wp.com\/eltrabajo.cl\/portal\/wp-content\/uploads\/2021\/11\/Auto-2.jpg?fit=699%2C315&ssl=1","jetpack_sharing_enabled":true,"jetpack_likes_enabled":true,"jetpack-related-posts":[],"_links":{"self":[{"href":"https:\/\/eltrabajo.cl\/portal\/wp-json\/wp\/v2\/posts\/111074","targetHints":{"allow":["GET"]}}],"collection":[{"href":"https:\/\/eltrabajo.cl\/portal\/wp-json\/wp\/v2\/posts"}],"about":[{"href":"https:\/\/eltrabajo.cl\/portal\/wp-json\/wp\/v2\/types\/post"}],"author":[{"embeddable":true,"href":"https:\/\/eltrabajo.cl\/portal\/wp-json\/wp\/v2\/users\/482"}],"replies":[{"embeddable":true,"href":"https:\/\/eltrabajo.cl\/portal\/wp-json\/wp\/v2\/comments?post=111074"}],"version-history":[{"count":0,"href":"https:\/\/eltrabajo.cl\/portal\/wp-json\/wp\/v2\/posts\/111074\/revisions"}],"wp:featuredmedia":[{"embeddable":true,"href":"https:\/\/eltrabajo.cl\/portal\/wp-json\/wp\/v2\/media\/111075"}],"wp:attachment":[{"href":"https:\/\/eltrabajo.cl\/portal\/wp-json\/wp\/v2\/media?parent=111074"}],"wp:term":[{"taxonomy":"category","embeddable":true,"href":"https:\/\/eltrabajo.cl\/portal\/wp-json\/wp\/v2\/categories?post=111074"},{"taxonomy":"post_tag","embeddable":true,"href":"https:\/\/eltrabajo.cl\/portal\/wp-json\/wp\/v2\/tags?post=111074"}],"curies":[{"name":"wp","href":"https:\/\/api.w.org\/{rel}","templated":true}]}}