{"id":111077,"date":"2021-11-08T08:00:16","date_gmt":"2021-11-08T11:00:16","guid":{"rendered":"https:\/\/eltrabajo.cl\/portal\/?p=111077"},"modified":"2021-11-08T00:12:22","modified_gmt":"2021-11-08T03:12:22","slug":"le-robaron-su-auto-y-ahora-le-piden-dinero-por-facebook-para-devolverlo","status":"publish","type":"post","link":"https:\/\/eltrabajo.cl\/portal\/le-robaron-su-auto-y-ahora-le-piden-dinero-por-facebook-para-devolverlo\/","title":{"rendered":"Le robaron su auto y ahora le piden dinero por Facebook para devolverlo"},"content":{"rendered":"<p style=\"text-align: left;\"><span style=\"color: #ff0000;\"><strong>Delincuente le exige cada vez m\u00e1s, pero no lo devuelve:<\/strong><\/span><\/p>\n<ul style=\"text-align: left;\">\n<li><strong> Vecinos denuncian ola de robos de autom\u00f3viles en el sector debido a que los trabajos que se realizan en el sector les impiden ingresar los veh\u00edculos a sus casas.<\/strong><\/li>\n<\/ul>\n<p style=\"text-align: justify;\">Una ola de robos de autom\u00f3viles es la que est\u00e1n se\u00f1alando vecinos de El Se\u00f1orial y todo el sector de Avenida Michimalongo, pues al no poder ingresar sus autos a sus hogares, deben dejarlos en la intemperie, situaci\u00f3n que facilita la sustracci\u00f3n de los mismos por parte de los delincuentes.<\/p>\n<p style=\"text-align: justify;\">As\u00ed nos lo hizo saber don <strong>Nelson Guzm\u00e1n<\/strong>: <em>\u00abEn mi caso sufr\u00ed el robo de mi Toyota Yaris, desde Avenida Michimalongo, a eso de las tres de la ma\u00f1ana. Ahora viendo las publicaciones que hicimos en Facebook, un delincuente se contacta conmigo y me muestra fotos efectivas de mi veh\u00edculo y me extorsiona pidiendo dinero a cambio. Tambi\u00e9n me he enterado que a otros vecinos del sector tambi\u00e9n les est\u00e1 pasando lo mismo\u00bb,<\/em> coment\u00f3 el afectado.<\/p>\n<p style=\"text-align: justify;\">Seg\u00fan nos coment\u00f3 don Nelson, su esposa se puso nerviosa cuando uno de los delincuentes les contact\u00f3 por Facebook, les mostr\u00f3 fotos del veh\u00edculo y les exigi\u00f3 transferencias de dinero, a lo que ella accedi\u00f3 depositando $100.000 a una cuenta bancaria. Una vez hecha la transacci\u00f3n siguieron pidiendo m\u00e1s. En horas de la tarde de este domingo la denuncia por estafa fue interpuesta en Carabineros de San Felipe, se espera que en pocas horas se pueda dar con el paradero del auto sustra\u00eddo. Quienes tengan informaci\u00f3n del paradero del auto, pueden llamar al <strong>+56974677881<\/strong>.<\/p>\n<p style=\"text-align: justify;\"><strong>Roberto Gonz\u00e1lez Short<\/strong><\/p>\n<figure id=\"attachment_111079\" aria-describedby=\"caption-attachment-111079\" style=\"width: 700px\" class=\"wp-caption alignnone\"><img data-recalc-dims=\"1\" loading=\"lazy\" decoding=\"async\" class=\"size-full wp-image-111079\" src=\"https:\/\/i0.wp.com\/eltrabajo.cl\/portal\/wp-content\/uploads\/2021\/11\/Extorsion3.jpg?resize=640%2C640&#038;ssl=1\" alt=\"SIGUEN LOS ROBOS.- Este es el veh\u00edculo robado, quienes tengan informaci\u00f3n pueden llamar al +56974677881.\" width=\"640\" height=\"640\" srcset=\"https:\/\/i0.wp.com\/eltrabajo.cl\/portal\/wp-content\/uploads\/2021\/11\/Extorsion3.jpg?w=700&amp;ssl=1 700w, https:\/\/i0.wp.com\/eltrabajo.cl\/portal\/wp-content\/uploads\/2021\/11\/Extorsion3.jpg?resize=300%2C300&amp;ssl=1 300w, https:\/\/i0.wp.com\/eltrabajo.cl\/portal\/wp-content\/uploads\/2021\/11\/Extorsion3.jpg?resize=150%2C150&amp;ssl=1 150w, https:\/\/i0.wp.com\/eltrabajo.cl\/portal\/wp-content\/uploads\/2021\/11\/Extorsion3.jpg?resize=696%2C696&amp;ssl=1 696w\" sizes=\"auto, (max-width: 640px) 100vw, 640px\" \/><figcaption id=\"caption-attachment-111079\" class=\"wp-caption-text\">SIGUEN LOS ROBOS.- Este es el veh\u00edculo robado, quienes tengan informaci\u00f3n pueden llamar al +56974677881.<\/figcaption><\/figure>\n<figure id=\"attachment_111078\" aria-describedby=\"caption-attachment-111078\" style=\"width: 699px\" class=\"wp-caption alignnone\"><img data-recalc-dims=\"1\" loading=\"lazy\" decoding=\"async\" class=\"size-full wp-image-111078\" src=\"https:\/\/i0.wp.com\/eltrabajo.cl\/portal\/wp-content\/uploads\/2021\/11\/Extorsion.jpg?resize=640%2C714&#038;ssl=1\" alt=\"EL DESCARO.- En este chat se aprecia c\u00f3mo un tal \u2018Diego\u2019 les exige sumas de dinero para \u2018devolver\u2019 el veh\u00edculo a sus due\u00f1os.\" width=\"640\" height=\"714\" srcset=\"https:\/\/i0.wp.com\/eltrabajo.cl\/portal\/wp-content\/uploads\/2021\/11\/Extorsion.jpg?w=699&amp;ssl=1 699w, https:\/\/i0.wp.com\/eltrabajo.cl\/portal\/wp-content\/uploads\/2021\/11\/Extorsion.jpg?resize=269%2C300&amp;ssl=1 269w, https:\/\/i0.wp.com\/eltrabajo.cl\/portal\/wp-content\/uploads\/2021\/11\/Extorsion.jpg?resize=134%2C150&amp;ssl=1 134w, https:\/\/i0.wp.com\/eltrabajo.cl\/portal\/wp-content\/uploads\/2021\/11\/Extorsion.jpg?resize=696%2C777&amp;ssl=1 696w\" sizes=\"auto, (max-width: 640px) 100vw, 640px\" \/><figcaption id=\"caption-attachment-111078\" class=\"wp-caption-text\">EL DESCARO.- En este chat se aprecia c\u00f3mo un tal \u2018Diego\u2019 les exige sumas de dinero para \u2018devolver\u2019 el veh\u00edculo a sus due\u00f1os.<\/figcaption><\/figure>\n","protected":false},"excerpt":{"rendered":"<p>Delincuente le exige cada vez m\u00e1s, pero no lo devuelve: Vecinos denuncian ola de robos de autom\u00f3viles en el sector debido a que los trabajos que se realizan en el sector les&#8230;<\/p>\n","protected":false},"author":482,"featured_media":111078,"comment_status":"closed","ping_status":"open","sticky":false,"template":"","format":"standard","meta":{"advanced_seo_description":"","jetpack_seo_html_title":"","jetpack_seo_noindex":false,"_jetpack_memberships_contains_paid_content":false,"footnotes":""},"categories":[21],"tags":[],"class_list":["post-111077","post","type-post","status-publish","format-standard","has-post-thumbnail","hentry","category-policial"],"jetpack_featured_media_url":"https:\/\/i0.wp.com\/eltrabajo.cl\/portal\/wp-content\/uploads\/2021\/11\/Extorsion.jpg?fit=699%2C780&ssl=1","jetpack_sharing_enabled":true,"jetpack_likes_enabled":true,"jetpack-related-posts":[],"_links":{"self":[{"href":"https:\/\/eltrabajo.cl\/portal\/wp-json\/wp\/v2\/posts\/111077","targetHints":{"allow":["GET"]}}],"collection":[{"href":"https:\/\/eltrabajo.cl\/portal\/wp-json\/wp\/v2\/posts"}],"about":[{"href":"https:\/\/eltrabajo.cl\/portal\/wp-json\/wp\/v2\/types\/post"}],"author":[{"embeddable":true,"href":"https:\/\/eltrabajo.cl\/portal\/wp-json\/wp\/v2\/users\/482"}],"replies":[{"embeddable":true,"href":"https:\/\/eltrabajo.cl\/portal\/wp-json\/wp\/v2\/comments?post=111077"}],"version-history":[{"count":0,"href":"https:\/\/eltrabajo.cl\/portal\/wp-json\/wp\/v2\/posts\/111077\/revisions"}],"wp:featuredmedia":[{"embeddable":true,"href":"https:\/\/eltrabajo.cl\/portal\/wp-json\/wp\/v2\/media\/111078"}],"wp:attachment":[{"href":"https:\/\/eltrabajo.cl\/portal\/wp-json\/wp\/v2\/media?parent=111077"}],"wp:term":[{"taxonomy":"category","embeddable":true,"href":"https:\/\/eltrabajo.cl\/portal\/wp-json\/wp\/v2\/categories?post=111077"},{"taxonomy":"post_tag","embeddable":true,"href":"https:\/\/eltrabajo.cl\/portal\/wp-json\/wp\/v2\/tags?post=111077"}],"curies":[{"name":"wp","href":"https:\/\/api.w.org\/{rel}","templated":true}]}}