{"id":111127,"date":"2021-11-10T07:50:42","date_gmt":"2021-11-10T10:50:42","guid":{"rendered":"https:\/\/eltrabajo.cl\/portal\/?p=111127"},"modified":"2021-11-09T22:38:29","modified_gmt":"2021-11-10T01:38:29","slug":"cae-profugo-que-debia-cumplir-condena-por-robo-en-casa-pob-carlos-pezoa","status":"publish","type":"post","link":"https:\/\/eltrabajo.cl\/portal\/cae-profugo-que-debia-cumplir-condena-por-robo-en-casa-pob-carlos-pezoa\/","title":{"rendered":"Cae pr\u00f3fugo que deb\u00eda cumplir condena por robo en casa Pob. Carlos Pezoa"},"content":{"rendered":"<p style=\"text-align: left;\"><span style=\"color: #ff0000;\"><strong>SIP de Carabineros San Felipe:<\/strong><\/span><\/p>\n<p style=\"text-align: justify;\">En un intenso operativo realizado este d\u00eda lunes en la tarde en\u00a0 Avenida Chacabuco, a pasos de Avenida Yungay, personal de la Secci\u00f3n de Investigaci\u00f3n Policial (SIP) de Carabineros de San Felipe, detuvo a un pr\u00f3fugo de la justicia que manten\u00eda una orden de detenci\u00f3n vigente por el delito de robo en lugar habitado cometido el mes de abril de este a\u00f1o en un domicilio de la Poblaci\u00f3n Carlos Pezoa.<\/p>\n<p style=\"text-align: justify;\">Desde Carabineros informaron que se trata de un sujeto de 25 a\u00f1os, de iniciales <strong>M.A.Q.L.<\/strong>, qui\u00e9n deber\u00e1 entrar a cumplir condena de inmediato. El condenado era buscado desde hace unos dos meses, pero siempre se daba a la fuga.<\/p>\n<figure id=\"attachment_111128\" aria-describedby=\"caption-attachment-111128\" style=\"width: 698px\" class=\"wp-caption alignnone\"><img data-recalc-dims=\"1\" loading=\"lazy\" decoding=\"async\" class=\"size-full wp-image-111128\" src=\"https:\/\/i0.wp.com\/eltrabajo.cl\/portal\/wp-content\/uploads\/2021\/11\/Profugo-Detenido.jpg?resize=640%2C498&#038;ssl=1\" alt=\"El detenido en el cuartel de Carabineros de San Felipe a cargo de la SIP.\" width=\"640\" height=\"498\" srcset=\"https:\/\/i0.wp.com\/eltrabajo.cl\/portal\/wp-content\/uploads\/2021\/11\/Profugo-Detenido.jpg?w=698&amp;ssl=1 698w, https:\/\/i0.wp.com\/eltrabajo.cl\/portal\/wp-content\/uploads\/2021\/11\/Profugo-Detenido.jpg?resize=300%2C233&amp;ssl=1 300w, https:\/\/i0.wp.com\/eltrabajo.cl\/portal\/wp-content\/uploads\/2021\/11\/Profugo-Detenido.jpg?resize=193%2C150&amp;ssl=1 193w, https:\/\/i0.wp.com\/eltrabajo.cl\/portal\/wp-content\/uploads\/2021\/11\/Profugo-Detenido.jpg?resize=696%2C541&amp;ssl=1 696w\" sizes=\"auto, (max-width: 640px) 100vw, 640px\" \/><figcaption id=\"caption-attachment-111128\" class=\"wp-caption-text\">El detenido en el cuartel de Carabineros de San Felipe a cargo de la SIP.<\/figcaption><\/figure>\n<figure id=\"attachment_111129\" aria-describedby=\"caption-attachment-111129\" style=\"width: 699px\" class=\"wp-caption alignnone\"><img data-recalc-dims=\"1\" loading=\"lazy\" decoding=\"async\" class=\"size-full wp-image-111129\" src=\"https:\/\/i0.wp.com\/eltrabajo.cl\/portal\/wp-content\/uploads\/2021\/11\/Profugo-Procedimiento1.jpg?resize=640%2C481&#038;ssl=1\" alt=\"Ac\u00e1 se aprecia el furg\u00f3n policial en el procedimiento de este lunes en la tarde en Avenida Chacabuco.\" width=\"640\" height=\"481\" srcset=\"https:\/\/i0.wp.com\/eltrabajo.cl\/portal\/wp-content\/uploads\/2021\/11\/Profugo-Procedimiento1.jpg?w=699&amp;ssl=1 699w, https:\/\/i0.wp.com\/eltrabajo.cl\/portal\/wp-content\/uploads\/2021\/11\/Profugo-Procedimiento1.jpg?resize=300%2C225&amp;ssl=1 300w, https:\/\/i0.wp.com\/eltrabajo.cl\/portal\/wp-content\/uploads\/2021\/11\/Profugo-Procedimiento1.jpg?resize=200%2C150&amp;ssl=1 200w, https:\/\/i0.wp.com\/eltrabajo.cl\/portal\/wp-content\/uploads\/2021\/11\/Profugo-Procedimiento1.jpg?resize=696%2C523&amp;ssl=1 696w\" sizes=\"auto, (max-width: 640px) 100vw, 640px\" \/><figcaption id=\"caption-attachment-111129\" class=\"wp-caption-text\">Ac\u00e1 se aprecia el furg\u00f3n policial en el procedimiento de este lunes en la tarde en Avenida Chacabuco.<\/figcaption><\/figure>\n","protected":false},"excerpt":{"rendered":"<p>SIP de Carabineros San Felipe: En un intenso operativo realizado este d\u00eda lunes en la tarde en\u00a0 Avenida Chacabuco, a pasos de Avenida Yungay, personal de la Secci\u00f3n de Investigaci\u00f3n Policial (SIP)&#8230;<\/p>\n","protected":false},"author":482,"featured_media":111128,"comment_status":"closed","ping_status":"open","sticky":false,"template":"","format":"standard","meta":{"advanced_seo_description":"","jetpack_seo_html_title":"","jetpack_seo_noindex":false,"_jetpack_memberships_contains_paid_content":false,"footnotes":""},"categories":[21],"tags":[],"class_list":["post-111127","post","type-post","status-publish","format-standard","has-post-thumbnail","hentry","category-policial"],"jetpack_featured_media_url":"https:\/\/i0.wp.com\/eltrabajo.cl\/portal\/wp-content\/uploads\/2021\/11\/Profugo-Detenido.jpg?fit=698%2C543&ssl=1","jetpack_sharing_enabled":true,"jetpack_likes_enabled":true,"jetpack-related-posts":[],"_links":{"self":[{"href":"https:\/\/eltrabajo.cl\/portal\/wp-json\/wp\/v2\/posts\/111127","targetHints":{"allow":["GET"]}}],"collection":[{"href":"https:\/\/eltrabajo.cl\/portal\/wp-json\/wp\/v2\/posts"}],"about":[{"href":"https:\/\/eltrabajo.cl\/portal\/wp-json\/wp\/v2\/types\/post"}],"author":[{"embeddable":true,"href":"https:\/\/eltrabajo.cl\/portal\/wp-json\/wp\/v2\/users\/482"}],"replies":[{"embeddable":true,"href":"https:\/\/eltrabajo.cl\/portal\/wp-json\/wp\/v2\/comments?post=111127"}],"version-history":[{"count":0,"href":"https:\/\/eltrabajo.cl\/portal\/wp-json\/wp\/v2\/posts\/111127\/revisions"}],"wp:featuredmedia":[{"embeddable":true,"href":"https:\/\/eltrabajo.cl\/portal\/wp-json\/wp\/v2\/media\/111128"}],"wp:attachment":[{"href":"https:\/\/eltrabajo.cl\/portal\/wp-json\/wp\/v2\/media?parent=111127"}],"wp:term":[{"taxonomy":"category","embeddable":true,"href":"https:\/\/eltrabajo.cl\/portal\/wp-json\/wp\/v2\/categories?post=111127"},{"taxonomy":"post_tag","embeddable":true,"href":"https:\/\/eltrabajo.cl\/portal\/wp-json\/wp\/v2\/tags?post=111127"}],"curies":[{"name":"wp","href":"https:\/\/api.w.org\/{rel}","templated":true}]}}