{"id":111132,"date":"2021-11-10T07:55:10","date_gmt":"2021-11-10T10:55:10","guid":{"rendered":"https:\/\/eltrabajo.cl\/portal\/?p=111132"},"modified":"2021-11-09T22:50:48","modified_gmt":"2021-11-10T01:50:48","slug":"a-la-carcel-sujeto-acusado-de-violar-y-secuestrar-a-su-expareja","status":"publish","type":"post","link":"https:\/\/eltrabajo.cl\/portal\/a-la-carcel-sujeto-acusado-de-violar-y-secuestrar-a-su-expareja\/","title":{"rendered":"A la c\u00e1rcel sujeto acusado de violar y secuestrar a su expareja"},"content":{"rendered":"<p style=\"text-align: justify;\">En prisi\u00f3n preventiva y formalizado por su presunta participaci\u00f3n en los delitos de violaci\u00f3n y secuestro en contra de su expareja, qued\u00f3 un sujeto de 25 a\u00f1os de iniciales <strong>C.M.P.<\/strong>, quien fue detenido este d\u00eda lunes por personal de la Brigada de Delitos Sexuales de la PDI Los Andes.<\/p>\n<p style=\"text-align: justify;\">Seg\u00fan lo se\u00f1alado por el fiscal especialista en delitos sexuales de la Fiscal\u00eda San Felipe, <strong>Alejandro Bustos<\/strong>, la audiencia de formalizaci\u00f3n de investigaci\u00f3n contra el imputado se efectu\u00f3 ayer 9 de noviembre del 2021 en el Juzgado de Garant\u00eda de San Felipe, por su presunta participaci\u00f3n en un delito de secuestro y violaci\u00f3n en contra de su exconviviente, con quien tiene un hijo en com\u00fan.<\/p>\n<p style=\"text-align: justify;\">Detall\u00f3 que los antecedentes de los delitos llegaron al Ministerio P\u00fablico a trav\u00e9s de una denuncia efectuada por la propia v\u00edctima a finales de mayo de este a\u00f1o en la Tenencia de San Esteban, <em>\u00abdonde ella manifest\u00f3 que el d\u00eda anterior su exconviviente la hab\u00eda trasladado hasta una casa que manten\u00eda en la comuna de Santa Mar\u00eda donde resid\u00eda. Estando all\u00ed ambos compartieron durante varias horas. El imputado le solicita retomar la relaci\u00f3n sentimental que manten\u00edan, a lo cual la v\u00edctima se opuso\u00bb,<\/em> expone el fiscal.<\/p>\n<p style=\"text-align: justify;\">En ese mismo contexto el persecutor se\u00f1ala que en horas de la ma\u00f1ana del d\u00eda siguiente, cuando la v\u00edctima pretend\u00eda irse del domicilio, <em>\u00abel imputado la retuvo en dicho lugar a la fuerza, la intimid\u00f3 con un cuchillo, adem\u00e1s la golpe\u00f3 reiteradamente en diversas partes del cuerpo, tras lo cual mantuvo relaciones sexuales con ella sin contar con su consentimiento, siempre intimid\u00e1ndola con esta arma corto punzante. As\u00ed la retuvo en dicho domicilio durante aproximadamente 9 horas. Aproximadamente a las 18:00 horas, el imputado ingresa al ba\u00f1o y la v\u00edctima logra escaparse por una ventana de la misma vivienda, luego huye por distintos pasajes del sector, encontrando a una persona que transitaba en veh\u00edculo, quien la llev\u00f3 hasta la comuna de Los Andes desde la cual, por sus medios, logra llegar hasta su domicilio donde se encontraba su grupo familiar. All\u00ed ella les narr\u00f3 lo ocurrido momentos antes con su exconviviente, quienes la trasladan a una unidad policial para hacer la denuncia. Una vez all\u00ed la trasladan al hospital donde le efect\u00faan la constataci\u00f3n de lesiones, evidenciando que efectivamente ten\u00eda se\u00f1ales que hab\u00eda sido agredida, golpeada y adem\u00e1s violentada sexualmente\u00bb,<\/em> indic\u00f3.<\/p>\n<p style=\"text-align: justify;\">La fiscal\u00eda en su oportunidad dispuso que la Brigada de Delitos Sexuales de la Polic\u00eda de Investigaciones de Los Andes realizara las indagaciones correspondientes a fin de esclarecer los hechos, levant\u00e1ndose varias evidencias que fueron puestas en conocimiento del ente persecutor, solicit\u00e1ndose la orden de detenci\u00f3n respecto del imputado, la cual se materializ\u00f3 tambi\u00e9n a trav\u00e9s de la Brigada de Delitos Sexuales de la PDI este d\u00eda lunes, poni\u00e9ndose el imputado ayer a disposici\u00f3n del Tribunal de Garant\u00eda de San Felipe.<\/p>\n<p style=\"text-align: justify;\">Reiter\u00f3 el fiscal Alejandro Bustos que el imputado fue formalizado en los t\u00e9rminos ya se\u00f1alados, esto es Violaci\u00f3n y Secuestro: <em>\u00abSe solicit\u00f3 la prisi\u00f3n preventiva a fin de resguardar la seguridad de la sociedad, de la v\u00edctima, para evitar la fuga del imputado. El juez de Garant\u00eda consider\u00f3 plausible los antecedentes que fueron esgrimidos por el Ministerio P\u00fablico, desechando las teor\u00edas alternativas de la defensa e impuso la prisi\u00f3n preventiva como medida cautelar\u00bb.<\/em><\/p>\n<p style=\"text-align: justify;\">Se fij\u00f3 un plazo para el cierre de investigaci\u00f3n de 120 d\u00edas.<\/p>\n<p style=\"text-align: justify;\">\n<p style=\"text-align: justify;\"><span style=\"color: #ff0000;\">TRABAS PARA DENUNCIAR<\/span><\/p>\n<p style=\"text-align: justify;\">El d\u00eda de ayer, afuera del Tribunal de Garant\u00eda de San Felipe, hab\u00eda un grupo de mujeres que acompa\u00f1\u00f3 a la madre de la v\u00edctima, quienes por medio de un comunicado dan a conocer las trabas que hay al denunciar delitos de connotaci\u00f3n sexual.<\/p>\n<p style=\"text-align: justify;\">A continuaci\u00f3n el comunicado:<\/p>\n<p style=\"text-align: justify;\">Se incita a las denuncias, y lo que encuentras al hacerlo es un sistema lleno de obst\u00e1culos.<\/p>\n<p style=\"text-align: justify;\">No te creen.<\/p>\n<p style=\"text-align: justify;\">Te revictimizan, a ti y a tu entorno,<\/p>\n<p style=\"text-align: justify;\">El camino hacia una denuncia de violaci\u00f3n:<\/p>\n<p style=\"text-align: justify;\">1\u00ba Denunciar en la comisar\u00eda de tu territorio<\/p>\n<p style=\"text-align: justify;\">2\u00ba Constatar lesiones en el hospital<\/p>\n<p style=\"text-align: justify;\">3\u00ba Contar lo sucedido a tu familia, quienes tambi\u00e9n ser\u00e1n expuestos a declarar.<\/p>\n<p style=\"text-align: justify;\">4\u00ba Declarar ante el fiscal<\/p>\n<p style=\"text-align: justify;\">5\u00ba Declarar ante la unidad de v\u00edctimas sexuales de la PDI<\/p>\n<p style=\"text-align: justify;\">6\u00ba Volver a declarar en la PDI<\/p>\n<p style=\"text-align: justify;\">7\u00ba Declarar a tu propia abogada (si es que tienes el privilegio de acceder a alguien que te represente)<\/p>\n<p style=\"text-align: justify;\">Atenci\u00f3n.\u00a0Cuando nos referimos a los obst\u00e1culos:<\/p>\n<p style=\"text-align: justify;\">1\u00ba Si vas a declarar, aseg\u00farate de hacerlo en la comisar\u00eda en el lugar donde se comete el delito, puesto de no ser as\u00ed, no correr\u00e1s con la suerte de que lo busquen y detengan dentro de las 12 horas posteriores al delito.<\/p>\n<p style=\"text-align: justify;\">2\u00ba Que en el hospital que constates lesiones, tengan c\u00e1mara fotogr\u00e1fica para guardar registro de las agresiones f\u00edsicas, pues de no ser as\u00ed tendr\u00e1s que tomarlas sola en casa.<\/p>\n<p style=\"text-align: justify;\">3\u00ba Tener una red de apoyo y contenci\u00f3n emocional para estar dispuesta a declarar en largos y tediosos procedimientos, en los que deber\u00e1s relatar detalladamente c\u00f3mo ocurrieron los hechos.<\/p>\n<p style=\"text-align: justify;\">4\u00ba Tener la suficiente paciencia para esperar los resultados de los ex\u00e1menes del Servicio M\u00e9dico Legal que comprueben la violaci\u00f3n, para luego, en caso de poder individualizar y hallar al violador, esperar los resultados que permitan comprobar su responsabilidad.<\/p>\n<p style=\"text-align: justify;\">5\u00ba Si eres v\u00edctima de abuso, no existen mecanismos de comprobaci\u00f3n formales m\u00e1s efectivos (validados), cuesti\u00f3n que complejiza m\u00e1s levantar y sostener un proceso judicial de estas caracter\u00edsticas (entregando pruebas que sean aceptadas y v\u00e1lidas).<\/p>\n<p style=\"text-align: justify;\">6\u00ba Enfrentar a funcionarios y funcionarias en diversos organismos del Estado como hospitales, polic\u00edas y tribunales, que no tienen las capacidades para enfrentar este tipo de procedimientos. Acompa\u00f1amientos distantes, con cuestionamientos constantes, opiniones innecesarias, prejuicios discriminadores que a\u00edslan y desamparan a las v\u00edctimas.<\/p>\n<p style=\"text-align: justify;\">Hoy (ayer) 9 de noviembre, familiares, amigxs y conocidxs de la v\u00edctima nos convocamos para exigir <strong>Justicia<\/strong>.<\/p>\n<p style=\"text-align: justify;\">Este d\u00eda (ayer) se llevar\u00e1 a cabo el control de detenci\u00f3n y formalizaci\u00f3n de <strong>C.M.P.<\/strong>, por secuestro y violaci\u00f3n.<\/p>\n<p style=\"text-align: justify;\">Han pasado casi seis meses de espera, de constatar lesiones, de declaraci\u00f3n de la v\u00edctima y de su familia para que por fin el sistema judicial se pronuncie y que el Servicio M\u00e9dico Legal entregue pronto parte de los resultados de los ex\u00e1menes faltantes.<\/p>\n<p style=\"text-align: justify;\">Mientras se incentiva a que las mujeres denuncien agresiones, maltratos y violaciones, vemos c\u00f3mo se les revictimiza, pone en duda e ignora su dolor, profundizando as\u00ed m\u00e1s su vulnerabilidad.<\/p>\n<p style=\"text-align: justify;\">El camino de quien denuncia se ve enfrentado a decenas de obst\u00e1culos y tropiezos, en donde las instituciones no resguardan a las v\u00edctimas, por el contrario, las exponen una y otra vez oblig\u00e1ndolas a comprobar la veracidad de la violencia sufrida que ya se ve reflejada en su cuerpo y esp\u00edritu.<\/p>\n<p style=\"text-align: justify;\">No necesitamos m\u00e1s exposici\u00f3n para ella.<\/p>\n<p style=\"text-align: justify;\">Sin acompa\u00f1amiento alguno ni medidas de protecci\u00f3n que ayuden a mitigar el dolor y la vulnerabilidad en la que se encuentran, dej\u00e1ndolas en total abandono en momentos tan importantes en los que han decidido contar lo sucedido y enfrentar a los agresores.<\/p>\n<p style=\"text-align: justify;\">Tomar la decisi\u00f3n de denunciar, no s\u00f3lo implica tener la valent\u00eda para enfrentar al agresor y a las secuelas del hecho, sino que tambi\u00e9n significa luchar contra un sistema que no da espacio para los cuerpos violentados ni para los gritos que reclaman una reparaci\u00f3n, es m\u00e1s, muchas veces ese mismo entramado de instituciones llamadas al amparo y a la protecci\u00f3n, acaban aplastando las esperanzas de justicia.<\/p>\n<p style=\"text-align: justify;\">La Justicia la hacemos carne en nosotras cada d\u00eda porque resistimos, porque seguimos existiendo, viviendo y nos alzamos.<\/p>\n<figure id=\"attachment_111133\" aria-describedby=\"caption-attachment-111133\" style=\"width: 698px\" class=\"wp-caption alignnone\"><img data-recalc-dims=\"1\" loading=\"lazy\" decoding=\"async\" class=\"size-full wp-image-111133\" src=\"https:\/\/i0.wp.com\/eltrabajo.cl\/portal\/wp-content\/uploads\/2021\/11\/viola-Imputado.jpg?resize=640%2C425&#038;ssl=1\" alt=\"El imputado fue detenido por personal de la PDI Los Andes. (Foto archivo).\" width=\"640\" height=\"425\" srcset=\"https:\/\/i0.wp.com\/eltrabajo.cl\/portal\/wp-content\/uploads\/2021\/11\/viola-Imputado.jpg?w=698&amp;ssl=1 698w, https:\/\/i0.wp.com\/eltrabajo.cl\/portal\/wp-content\/uploads\/2021\/11\/viola-Imputado.jpg?resize=300%2C199&amp;ssl=1 300w, https:\/\/i0.wp.com\/eltrabajo.cl\/portal\/wp-content\/uploads\/2021\/11\/viola-Imputado.jpg?resize=200%2C133&amp;ssl=1 200w, https:\/\/i0.wp.com\/eltrabajo.cl\/portal\/wp-content\/uploads\/2021\/11\/viola-Imputado.jpg?resize=696%2C463&amp;ssl=1 696w\" sizes=\"auto, (max-width: 640px) 100vw, 640px\" \/><figcaption id=\"caption-attachment-111133\" class=\"wp-caption-text\">El imputado fue detenido por personal de la PDI Los Andes. (Foto archivo).<\/figcaption><\/figure>\n<figure id=\"attachment_111134\" aria-describedby=\"caption-attachment-111134\" style=\"width: 699px\" class=\"wp-caption alignnone\"><img data-recalc-dims=\"1\" loading=\"lazy\" decoding=\"async\" class=\"size-full wp-image-111134\" src=\"https:\/\/i0.wp.com\/eltrabajo.cl\/portal\/wp-content\/uploads\/2021\/11\/viola-fiscal-alejandro-bustos.jpg?resize=640%2C392&#038;ssl=1\" alt=\"Alejandro Bustos, Fiscal a cargo del caso.\" width=\"640\" height=\"392\" srcset=\"https:\/\/i0.wp.com\/eltrabajo.cl\/portal\/wp-content\/uploads\/2021\/11\/viola-fiscal-alejandro-bustos.jpg?w=699&amp;ssl=1 699w, https:\/\/i0.wp.com\/eltrabajo.cl\/portal\/wp-content\/uploads\/2021\/11\/viola-fiscal-alejandro-bustos.jpg?resize=300%2C184&amp;ssl=1 300w, https:\/\/i0.wp.com\/eltrabajo.cl\/portal\/wp-content\/uploads\/2021\/11\/viola-fiscal-alejandro-bustos.jpg?resize=200%2C122&amp;ssl=1 200w, https:\/\/i0.wp.com\/eltrabajo.cl\/portal\/wp-content\/uploads\/2021\/11\/viola-fiscal-alejandro-bustos.jpg?resize=696%2C426&amp;ssl=1 696w\" sizes=\"auto, (max-width: 640px) 100vw, 640px\" \/><figcaption id=\"caption-attachment-111134\" class=\"wp-caption-text\">Alejandro Bustos, Fiscal a cargo del caso.<\/figcaption><\/figure>\n<p style=\"text-align: justify;\">\n","protected":false},"excerpt":{"rendered":"<p>En prisi\u00f3n preventiva y formalizado por su presunta participaci\u00f3n en los delitos de violaci\u00f3n y secuestro en contra de su expareja, qued\u00f3 un sujeto de 25 a\u00f1os de iniciales C.M.P., quien fue&#8230;<\/p>\n","protected":false},"author":482,"featured_media":111133,"comment_status":"closed","ping_status":"open","sticky":false,"template":"","format":"standard","meta":{"advanced_seo_description":"","jetpack_seo_html_title":"","jetpack_seo_noindex":false,"_jetpack_memberships_contains_paid_content":false,"footnotes":""},"categories":[21],"tags":[],"class_list":["post-111132","post","type-post","status-publish","format-standard","has-post-thumbnail","hentry","category-policial"],"jetpack_featured_media_url":"https:\/\/i0.wp.com\/eltrabajo.cl\/portal\/wp-content\/uploads\/2021\/11\/viola-Imputado.jpg?fit=698%2C464&ssl=1","jetpack_sharing_enabled":true,"jetpack_likes_enabled":true,"jetpack-related-posts":[],"_links":{"self":[{"href":"https:\/\/eltrabajo.cl\/portal\/wp-json\/wp\/v2\/posts\/111132","targetHints":{"allow":["GET"]}}],"collection":[{"href":"https:\/\/eltrabajo.cl\/portal\/wp-json\/wp\/v2\/posts"}],"about":[{"href":"https:\/\/eltrabajo.cl\/portal\/wp-json\/wp\/v2\/types\/post"}],"author":[{"embeddable":true,"href":"https:\/\/eltrabajo.cl\/portal\/wp-json\/wp\/v2\/users\/482"}],"replies":[{"embeddable":true,"href":"https:\/\/eltrabajo.cl\/portal\/wp-json\/wp\/v2\/comments?post=111132"}],"version-history":[{"count":0,"href":"https:\/\/eltrabajo.cl\/portal\/wp-json\/wp\/v2\/posts\/111132\/revisions"}],"wp:featuredmedia":[{"embeddable":true,"href":"https:\/\/eltrabajo.cl\/portal\/wp-json\/wp\/v2\/media\/111133"}],"wp:attachment":[{"href":"https:\/\/eltrabajo.cl\/portal\/wp-json\/wp\/v2\/media?parent=111132"}],"wp:term":[{"taxonomy":"category","embeddable":true,"href":"https:\/\/eltrabajo.cl\/portal\/wp-json\/wp\/v2\/categories?post=111132"},{"taxonomy":"post_tag","embeddable":true,"href":"https:\/\/eltrabajo.cl\/portal\/wp-json\/wp\/v2\/tags?post=111132"}],"curies":[{"name":"wp","href":"https:\/\/api.w.org\/{rel}","templated":true}]}}