{"id":111136,"date":"2021-11-10T08:00:51","date_gmt":"2021-11-10T11:00:51","guid":{"rendered":"https:\/\/eltrabajo.cl\/portal\/?p=111136"},"modified":"2021-11-09T22:53:32","modified_gmt":"2021-11-10T01:53:32","slug":"fuego-arraso-tres-viviendas-y-deja-herida-grave-a-una-adulta-mayor","status":"publish","type":"post","link":"https:\/\/eltrabajo.cl\/portal\/fuego-arraso-tres-viviendas-y-deja-herida-grave-a-una-adulta-mayor\/","title":{"rendered":"Fuego arras\u00f3 tres viviendas y deja herida grave a una adulta mayor"},"content":{"rendered":"<p style=\"text-align: left;\"><span style=\"color: #ff0000;\"><strong>Incendio en Catemu:<\/strong><\/span><\/p>\n<p style=\"text-align: justify;\">Un saldo de tres casadas incendiadas y una mujer adulta mayor con gran parte de su cuerpo quemado, aunque fuera de riesgo vital, fue la consecuencia que arroj\u00f3 un incendio que se produjo ayer en la ma\u00f1ana en el Cerro San Jos\u00e9 de Catemu, dejando cuatro adultos y dos ni\u00f1as damnificados.<\/p>\n<p style=\"text-align: justify;\">Al respecto fue el alcalde <strong>Rodrigo D\u00edaz<\/strong> quien se refiri\u00f3 a los efectos que tuvo este dantesco incendio.<\/p>\n<p style=\"text-align: justify;\"><em>\u00abSon tres las casas afectadas, la principal donde seg\u00fan Bomberos se podr\u00eda haber iniciado el fuego, es justamente la casa de esta vecina que viv\u00eda sola, que tiene algunos temas f\u00edsicos de desplazamiento, alg\u00fan grado de discapacidad, y que la ten\u00edan en condiciones que para ella se le hac\u00eda muy dif\u00edcil evacuar el lugar, y ella lamentablemente est\u00e1 con el 50% de su cuerpo&#8230; (quemado). Es lo que me ha entregado Bomberos, yo estoy esperando el parte oficial. Est\u00e1 en el San Camilo en San Felipe. Luego tenemos una segunda casa que tambi\u00e9n era habitada por un adulto con dos ni\u00f1as y una tercera donde tenemos dos adultos mayores\u00bb, <\/em>se\u00f1al\u00f3 el alcalde.<\/p>\n<p style=\"text-align: justify;\">De todas maneras aclara que no estaba informado si era el 50% del cuerpo quemado, <em>\u00abtodav\u00eda yo no he recibido el informe para ser tajante con el 50% de quemaduras; s\u00ed s\u00e9 que iba muy complicada porque fue personal de la municipalidad que ayud\u00f3 justamente en la salida de esta se\u00f1ora\u00bb,<\/em> asever\u00f3 D\u00edaz.<\/p>\n<p style=\"text-align: justify;\">Agreg\u00f3 que a trav\u00e9s de la Direcci\u00f3n de Desarrollo Comunitario (Dideco) se activ\u00f3 toda la red de apoyo: <em>\u00abLa mayor\u00eda de las personas, por un tiempo, se van a quedar en casas de familiares, luego vamos a ver nosotros c\u00f3mo llegamos con la ayuda, si el problema es que todo esto ocurre en el Cerro San Jos\u00e9, un cerro donde la mayor parte de la gente que lo habita, no toda, pero una parte importante pertenece a un segmento social con muy pocas posibilidades, entonces eso complejiza todo. Adem\u00e1s las condiciones que tiene ese cerro San Jos\u00e9, en t\u00e9rminos de v\u00edas de evacuaci\u00f3n, de v\u00edas de ingreso, Bomberos pudo llegar hasta cierto punto, con civiles pudimos mover bombas para poder impulsar el agua hacia arriba, o sea esa es la otra pata que tenemos ahora, es c\u00f3mo vamos a apoyar a los damnificados y qu\u00e9 plan aplicar\u00bb,<\/em> manifest\u00f3 el alcalde Rodrigo D\u00edaz.<\/p>\n<p style=\"text-align: justify;\">Agreg\u00f3 que el d\u00eda jueves hab\u00eda estado recorriendo el lugar, porque intu\u00eda que en el lugar hab\u00eda una problem\u00e1tica <em>\u00abno menor por todo esto que le describo, entonces ahora ya se est\u00e1 trabajando en todo eso, en mejorar. Aqu\u00ed la \u00fanica soluci\u00f3n que sea definitiva, es tomar el canal que cruza por la median\u00eda del cerro, entubar y hacer una calle de acceso de emergencia, pero sabes, la burocracia lamentablemente en nuestro pa\u00eds quiz\u00e1s cu\u00e1nto nos vamos a demorar en esa soluci\u00f3n definitiva, pero estamos trabajando, muy apenados por nuestra vecina, esperando las noticias de su estado de salud\u00bb,<\/em> finaliz\u00f3 el alcalde.<\/p>\n<p style=\"text-align: justify;\">Se\u00f1alar que Bomberos de San Felipe debi\u00f3 concurrir tambi\u00e9n a apoyar labores de los voluntarios de Catemu.<\/p>\n<figure id=\"attachment_111137\" aria-describedby=\"caption-attachment-111137\" style=\"width: 699px\" class=\"wp-caption alignnone\"><img data-recalc-dims=\"1\" loading=\"lazy\" decoding=\"async\" class=\"size-full wp-image-111137\" src=\"https:\/\/i0.wp.com\/eltrabajo.cl\/portal\/wp-content\/uploads\/2021\/11\/Casa.jpg?resize=640%2C480&#038;ssl=1\" alt=\"Una de las tres viviendas en los momentos en que est\u00e1 siendo consumida por el fuego.\" width=\"640\" height=\"480\" srcset=\"https:\/\/i0.wp.com\/eltrabajo.cl\/portal\/wp-content\/uploads\/2021\/11\/Casa.jpg?w=699&amp;ssl=1 699w, https:\/\/i0.wp.com\/eltrabajo.cl\/portal\/wp-content\/uploads\/2021\/11\/Casa.jpg?resize=300%2C225&amp;ssl=1 300w, https:\/\/i0.wp.com\/eltrabajo.cl\/portal\/wp-content\/uploads\/2021\/11\/Casa.jpg?resize=200%2C150&amp;ssl=1 200w, https:\/\/i0.wp.com\/eltrabajo.cl\/portal\/wp-content\/uploads\/2021\/11\/Casa.jpg?resize=696%2C522&amp;ssl=1 696w\" sizes=\"auto, (max-width: 640px) 100vw, 640px\" \/><figcaption id=\"caption-attachment-111137\" class=\"wp-caption-text\">Una de las tres viviendas en los momentos en que est\u00e1 siendo consumida por el fuego.<\/figcaption><\/figure>\n<figure id=\"attachment_111138\" aria-describedby=\"caption-attachment-111138\" style=\"width: 699px\" class=\"wp-caption alignnone\"><img data-recalc-dims=\"1\" loading=\"lazy\" decoding=\"async\" class=\"size-full wp-image-111138\" src=\"https:\/\/i0.wp.com\/eltrabajo.cl\/portal\/wp-content\/uploads\/2021\/11\/Casas.jpg?resize=640%2C480&#038;ssl=1\" alt=\"Desde lejos se pod\u00eda divisar el dantesco escenario que termin\u00f3 con tres viviendas destruidas, una mujer mayor herida grave y cinco damnificados.\" width=\"640\" height=\"480\" srcset=\"https:\/\/i0.wp.com\/eltrabajo.cl\/portal\/wp-content\/uploads\/2021\/11\/Casas.jpg?w=699&amp;ssl=1 699w, https:\/\/i0.wp.com\/eltrabajo.cl\/portal\/wp-content\/uploads\/2021\/11\/Casas.jpg?resize=300%2C225&amp;ssl=1 300w, https:\/\/i0.wp.com\/eltrabajo.cl\/portal\/wp-content\/uploads\/2021\/11\/Casas.jpg?resize=200%2C150&amp;ssl=1 200w, https:\/\/i0.wp.com\/eltrabajo.cl\/portal\/wp-content\/uploads\/2021\/11\/Casas.jpg?resize=696%2C522&amp;ssl=1 696w\" sizes=\"auto, (max-width: 640px) 100vw, 640px\" \/><figcaption id=\"caption-attachment-111138\" class=\"wp-caption-text\">Desde lejos se pod\u00eda divisar el dantesco escenario que termin\u00f3 con tres viviendas destruidas, una mujer mayor herida grave y cinco damnificados.<\/figcaption><\/figure>\n","protected":false},"excerpt":{"rendered":"<p>Incendio en Catemu: Un saldo de tres casadas incendiadas y una mujer adulta mayor con gran parte de su cuerpo quemado, aunque fuera de riesgo vital, fue la consecuencia que arroj\u00f3 un&#8230;<\/p>\n","protected":false},"author":482,"featured_media":111137,"comment_status":"closed","ping_status":"open","sticky":false,"template":"","format":"standard","meta":{"advanced_seo_description":"","jetpack_seo_html_title":"","jetpack_seo_noindex":false,"_jetpack_memberships_contains_paid_content":false,"footnotes":""},"categories":[21],"tags":[],"class_list":["post-111136","post","type-post","status-publish","format-standard","has-post-thumbnail","hentry","category-policial"],"jetpack_featured_media_url":"https:\/\/i0.wp.com\/eltrabajo.cl\/portal\/wp-content\/uploads\/2021\/11\/Casa.jpg?fit=699%2C524&ssl=1","jetpack_sharing_enabled":true,"jetpack_likes_enabled":true,"jetpack-related-posts":[],"_links":{"self":[{"href":"https:\/\/eltrabajo.cl\/portal\/wp-json\/wp\/v2\/posts\/111136","targetHints":{"allow":["GET"]}}],"collection":[{"href":"https:\/\/eltrabajo.cl\/portal\/wp-json\/wp\/v2\/posts"}],"about":[{"href":"https:\/\/eltrabajo.cl\/portal\/wp-json\/wp\/v2\/types\/post"}],"author":[{"embeddable":true,"href":"https:\/\/eltrabajo.cl\/portal\/wp-json\/wp\/v2\/users\/482"}],"replies":[{"embeddable":true,"href":"https:\/\/eltrabajo.cl\/portal\/wp-json\/wp\/v2\/comments?post=111136"}],"version-history":[{"count":0,"href":"https:\/\/eltrabajo.cl\/portal\/wp-json\/wp\/v2\/posts\/111136\/revisions"}],"wp:featuredmedia":[{"embeddable":true,"href":"https:\/\/eltrabajo.cl\/portal\/wp-json\/wp\/v2\/media\/111137"}],"wp:attachment":[{"href":"https:\/\/eltrabajo.cl\/portal\/wp-json\/wp\/v2\/media?parent=111136"}],"wp:term":[{"taxonomy":"category","embeddable":true,"href":"https:\/\/eltrabajo.cl\/portal\/wp-json\/wp\/v2\/categories?post=111136"},{"taxonomy":"post_tag","embeddable":true,"href":"https:\/\/eltrabajo.cl\/portal\/wp-json\/wp\/v2\/tags?post=111136"}],"curies":[{"name":"wp","href":"https:\/\/api.w.org\/{rel}","templated":true}]}}