{"id":111153,"date":"2021-11-11T07:45:42","date_gmt":"2021-11-11T10:45:42","guid":{"rendered":"https:\/\/eltrabajo.cl\/portal\/?p=111153"},"modified":"2021-11-10T22:12:22","modified_gmt":"2021-11-11T01:12:22","slug":"en-pleno-centro-recuperan-dos-vehiculos-encargados-por-robo-en-santiago","status":"publish","type":"post","link":"https:\/\/eltrabajo.cl\/portal\/en-pleno-centro-recuperan-dos-vehiculos-encargados-por-robo-en-santiago\/","title":{"rendered":"En pleno centro recuperan dos veh\u00edculos encargados por robo en Santiago"},"content":{"rendered":"<p style=\"text-align: left;\"><span style=\"color: #ff0000;\"><strong>SIP de Carabineros:<\/strong><\/span><\/p>\n<p style=\"text-align: justify;\">La Secci\u00f3n de Investigaci\u00f3n Policial de la Segunda Comisar\u00eda de Carabineros de San Felipe, recuper\u00f3 en menos de 24 horas, dos veh\u00edculos de alta gama los cuales manten\u00edan encargo por robo vigente desde la cuidad de Santiago y que circulaban por el centro de la ciudad. Se trata de dos veh\u00edculos marca Nissan y Hyundai.<\/p>\n<p style=\"text-align: justify;\">La recuperaci\u00f3n de ambos veh\u00edculos se produjo este d\u00eda martes, despu\u00e9s de efectuar un trabajo exhaustivo de vigilancia.<\/p>\n<p style=\"text-align: justify;\">Ante este tipo de procedimientos, Carabineros de San Felipe insta a la ciudadan\u00eda a tener precauci\u00f3n en la compra de veh\u00edculos en sitios no establecidos y sin su debida trasferencia, ya que en este caso los veh\u00edculos fueron adquiridos por compradores de buena fe, no percat\u00e1ndose que eran producto de una estafa, debido a que sus placas patentes eran falsas y robadas, como as\u00ed tambi\u00e9n sus n\u00fameros identificatorios de motor y chasis.<\/p>\n<p style=\"text-align: justify;\">Ambos veh\u00edculos fueron entregados a las aseguradoras.<\/p>\n<figure id=\"attachment_111154\" aria-describedby=\"caption-attachment-111154\" style=\"width: 699px\" class=\"wp-caption alignnone\"><img data-recalc-dims=\"1\" loading=\"lazy\" decoding=\"async\" class=\"size-full wp-image-111154\" src=\"https:\/\/i0.wp.com\/eltrabajo.cl\/portal\/wp-content\/uploads\/2021\/11\/Vehiculos.jpg?resize=640%2C324&#038;ssl=1\" alt=\"Ac\u00e1 los dos veh\u00edculos incautados en pleno centro de San Felipe por personal de la SIP.\" width=\"640\" height=\"324\" srcset=\"https:\/\/i0.wp.com\/eltrabajo.cl\/portal\/wp-content\/uploads\/2021\/11\/Vehiculos.jpg?w=699&amp;ssl=1 699w, https:\/\/i0.wp.com\/eltrabajo.cl\/portal\/wp-content\/uploads\/2021\/11\/Vehiculos.jpg?resize=300%2C152&amp;ssl=1 300w, https:\/\/i0.wp.com\/eltrabajo.cl\/portal\/wp-content\/uploads\/2021\/11\/Vehiculos.jpg?resize=200%2C101&amp;ssl=1 200w, https:\/\/i0.wp.com\/eltrabajo.cl\/portal\/wp-content\/uploads\/2021\/11\/Vehiculos.jpg?resize=696%2C352&amp;ssl=1 696w\" sizes=\"auto, (max-width: 640px) 100vw, 640px\" \/><figcaption id=\"caption-attachment-111154\" class=\"wp-caption-text\">Ac\u00e1 los dos veh\u00edculos incautados en pleno centro de San Felipe por personal de la SIP.<\/figcaption><\/figure>\n","protected":false},"excerpt":{"rendered":"<p>SIP de Carabineros: La Secci\u00f3n de Investigaci\u00f3n Policial de la Segunda Comisar\u00eda de Carabineros de San Felipe, recuper\u00f3 en menos de 24 horas, dos veh\u00edculos de alta gama los cuales manten\u00edan encargo&#8230;<\/p>\n","protected":false},"author":482,"featured_media":111154,"comment_status":"closed","ping_status":"open","sticky":false,"template":"","format":"standard","meta":{"advanced_seo_description":"","jetpack_seo_html_title":"","jetpack_seo_noindex":false,"_jetpack_memberships_contains_paid_content":false,"footnotes":""},"categories":[21],"tags":[],"class_list":["post-111153","post","type-post","status-publish","format-standard","has-post-thumbnail","hentry","category-policial"],"jetpack_featured_media_url":"https:\/\/i0.wp.com\/eltrabajo.cl\/portal\/wp-content\/uploads\/2021\/11\/Vehiculos.jpg?fit=699%2C354&ssl=1","jetpack_sharing_enabled":true,"jetpack_likes_enabled":true,"jetpack-related-posts":[],"_links":{"self":[{"href":"https:\/\/eltrabajo.cl\/portal\/wp-json\/wp\/v2\/posts\/111153","targetHints":{"allow":["GET"]}}],"collection":[{"href":"https:\/\/eltrabajo.cl\/portal\/wp-json\/wp\/v2\/posts"}],"about":[{"href":"https:\/\/eltrabajo.cl\/portal\/wp-json\/wp\/v2\/types\/post"}],"author":[{"embeddable":true,"href":"https:\/\/eltrabajo.cl\/portal\/wp-json\/wp\/v2\/users\/482"}],"replies":[{"embeddable":true,"href":"https:\/\/eltrabajo.cl\/portal\/wp-json\/wp\/v2\/comments?post=111153"}],"version-history":[{"count":0,"href":"https:\/\/eltrabajo.cl\/portal\/wp-json\/wp\/v2\/posts\/111153\/revisions"}],"wp:featuredmedia":[{"embeddable":true,"href":"https:\/\/eltrabajo.cl\/portal\/wp-json\/wp\/v2\/media\/111154"}],"wp:attachment":[{"href":"https:\/\/eltrabajo.cl\/portal\/wp-json\/wp\/v2\/media?parent=111153"}],"wp:term":[{"taxonomy":"category","embeddable":true,"href":"https:\/\/eltrabajo.cl\/portal\/wp-json\/wp\/v2\/categories?post=111153"},{"taxonomy":"post_tag","embeddable":true,"href":"https:\/\/eltrabajo.cl\/portal\/wp-json\/wp\/v2\/tags?post=111153"}],"curies":[{"name":"wp","href":"https:\/\/api.w.org\/{rel}","templated":true}]}}