{"id":111156,"date":"2021-11-11T07:50:37","date_gmt":"2021-11-11T10:50:37","guid":{"rendered":"https:\/\/eltrabajo.cl\/portal\/?p=111156"},"modified":"2021-11-10T22:14:17","modified_gmt":"2021-11-11T01:14:17","slug":"menor-habria-simulado-portar-escopeta-hechiza-para-robar-en-una-casa","status":"publish","type":"post","link":"https:\/\/eltrabajo.cl\/portal\/menor-habria-simulado-portar-escopeta-hechiza-para-robar-en-una-casa\/","title":{"rendered":"Menor habr\u00eda simulado portar escopeta hechiza para robar en una casa"},"content":{"rendered":"<p style=\"text-align: left;\"><span style=\"color: #ff0000;\"><strong>Detenido por Carabineros de Llay Llay:<\/strong><\/span><\/p>\n<ul>\n<li style=\"text-align: left;\"><strong>Utiliz\u00f3 algunos fierros que uni\u00f3 con cinta adhesiva para aislaci\u00f3n el\u00e9ctrica y simular as\u00ed arma de fuego artesanal.<\/strong><\/li>\n<\/ul>\n<p style=\"text-align: justify;\">Tras el aviso de la v\u00edctima, los patrullajes preventivos de Carabineros de la Subcomisar\u00eda de Llay Llay permitieron dar con el presunto implicado en un robo con intimidaci\u00f3n al interior de una vivienda. Se trata de un menor de edad que al momento de ser detenido se le incautaron unos fierros que manten\u00eda unidos con cinta adhesiva aisladora el\u00e9ctrica y que simulaba ser una escopeta.<\/p>\n<p style=\"text-align: justify;\">As\u00ed lo se\u00f1al\u00f3 el capit\u00e1n <strong>Rafael Ram\u00edrez<\/strong>, quien coment\u00f3 que <em>\u00ablas diversas diligencias realizadas por personal de Carabineros en la poblaci\u00f3n, en esta comuna, se logr\u00f3 la detenci\u00f3n de un individuo de sexo masculino, menor de edad, el cual en horas de la ma\u00f1ana, a eso de las 06:00 aproximadamente, habr\u00eda ingresado a un domicilio efectuando un robo con intimidaci\u00f3n, sustrayendo un\u00a0 tel\u00e9fono celular de la due\u00f1a de casa. Ella se\u00f1ala que este sujeto la habr\u00eda amenazado con un armamento tipo escopeta hechiza y se habr\u00eda dado a la fuga del domicilio una vez que sustrae un tel\u00e9fono celular. Mediante esta diligencia se pudo establecer el armamento con el cual habr\u00eda intimidado a la v\u00edctima, el cual se tratar\u00eda de fierros adosados con cinta aislante de color negro con la cual habr\u00eda intimidado a la v\u00edctima. No se tratar\u00eda de un arma de fuego, si no unos fierros que se encuentran adosados en la forma tal de hacer parecer una escopeta tipo hechiza con la cual intimid\u00f3 a la v\u00edctima\u00bb,<\/em> dijo.<\/p>\n<p style=\"text-align: justify;\">Hasta el cierre de esta nota el imputado permanec\u00eda detenido a la espera de instrucciones del fiscal de turno, determinando finalmente que pasar\u00eda a control de detenci\u00f3n en el Juzgado de Garant\u00eda hoy a las 09:30 horas.<\/p>\n<p style=\"text-align: justify;\">Desde la instituci\u00f3n resaltaron que el buen resultado de este procedimiento responde al oportuno llamado de la v\u00edctima y al r\u00e1pido actuar policial.<\/p>\n<figure id=\"attachment_111157\" aria-describedby=\"caption-attachment-111157\" style=\"width: 700px\" class=\"wp-caption alignnone\"><img data-recalc-dims=\"1\" loading=\"lazy\" decoding=\"async\" class=\"size-full wp-image-111157\" src=\"https:\/\/i0.wp.com\/eltrabajo.cl\/portal\/wp-content\/uploads\/2021\/11\/Menor.jpg?resize=640%2C368&#038;ssl=1\" alt=\"Estos son los fierros que utiliz\u00f3 el menor para amedrentar a su v\u00edctima haci\u00e9ndole creer que se trataba de una escopeta hechiza.\" width=\"640\" height=\"368\" srcset=\"https:\/\/i0.wp.com\/eltrabajo.cl\/portal\/wp-content\/uploads\/2021\/11\/Menor.jpg?w=700&amp;ssl=1 700w, https:\/\/i0.wp.com\/eltrabajo.cl\/portal\/wp-content\/uploads\/2021\/11\/Menor.jpg?resize=300%2C172&amp;ssl=1 300w, https:\/\/i0.wp.com\/eltrabajo.cl\/portal\/wp-content\/uploads\/2021\/11\/Menor.jpg?resize=200%2C115&amp;ssl=1 200w, https:\/\/i0.wp.com\/eltrabajo.cl\/portal\/wp-content\/uploads\/2021\/11\/Menor.jpg?resize=696%2C400&amp;ssl=1 696w\" sizes=\"auto, (max-width: 640px) 100vw, 640px\" \/><figcaption id=\"caption-attachment-111157\" class=\"wp-caption-text\">Estos son los fierros que utiliz\u00f3 el menor para amedrentar a su v\u00edctima haci\u00e9ndole creer que se trataba de una escopeta hechiza.<\/figcaption><\/figure>\n","protected":false},"excerpt":{"rendered":"<p>Detenido por Carabineros de Llay Llay: Utiliz\u00f3 algunos fierros que uni\u00f3 con cinta adhesiva para aislaci\u00f3n el\u00e9ctrica y simular as\u00ed arma de fuego artesanal. Tras el aviso de la v\u00edctima, los patrullajes&#8230;<\/p>\n","protected":false},"author":482,"featured_media":111157,"comment_status":"closed","ping_status":"open","sticky":false,"template":"","format":"standard","meta":{"advanced_seo_description":"","jetpack_seo_html_title":"","jetpack_seo_noindex":false,"_jetpack_memberships_contains_paid_content":false,"footnotes":""},"categories":[21],"tags":[],"class_list":["post-111156","post","type-post","status-publish","format-standard","has-post-thumbnail","hentry","category-policial"],"jetpack_featured_media_url":"https:\/\/i0.wp.com\/eltrabajo.cl\/portal\/wp-content\/uploads\/2021\/11\/Menor.jpg?fit=700%2C402&ssl=1","jetpack_sharing_enabled":true,"jetpack_likes_enabled":true,"jetpack-related-posts":[],"_links":{"self":[{"href":"https:\/\/eltrabajo.cl\/portal\/wp-json\/wp\/v2\/posts\/111156","targetHints":{"allow":["GET"]}}],"collection":[{"href":"https:\/\/eltrabajo.cl\/portal\/wp-json\/wp\/v2\/posts"}],"about":[{"href":"https:\/\/eltrabajo.cl\/portal\/wp-json\/wp\/v2\/types\/post"}],"author":[{"embeddable":true,"href":"https:\/\/eltrabajo.cl\/portal\/wp-json\/wp\/v2\/users\/482"}],"replies":[{"embeddable":true,"href":"https:\/\/eltrabajo.cl\/portal\/wp-json\/wp\/v2\/comments?post=111156"}],"version-history":[{"count":0,"href":"https:\/\/eltrabajo.cl\/portal\/wp-json\/wp\/v2\/posts\/111156\/revisions"}],"wp:featuredmedia":[{"embeddable":true,"href":"https:\/\/eltrabajo.cl\/portal\/wp-json\/wp\/v2\/media\/111157"}],"wp:attachment":[{"href":"https:\/\/eltrabajo.cl\/portal\/wp-json\/wp\/v2\/media?parent=111156"}],"wp:term":[{"taxonomy":"category","embeddable":true,"href":"https:\/\/eltrabajo.cl\/portal\/wp-json\/wp\/v2\/categories?post=111156"},{"taxonomy":"post_tag","embeddable":true,"href":"https:\/\/eltrabajo.cl\/portal\/wp-json\/wp\/v2\/tags?post=111156"}],"curies":[{"name":"wp","href":"https:\/\/api.w.org\/{rel}","templated":true}]}}