{"id":111159,"date":"2021-11-11T07:55:31","date_gmt":"2021-11-11T10:55:31","guid":{"rendered":"https:\/\/eltrabajo.cl\/portal\/?p=111159"},"modified":"2021-11-10T22:16:17","modified_gmt":"2021-11-11T01:16:17","slug":"detienen-a-sujeto-acusado-de-secuestrar-con-arma-de-fuego-a-su-expareja","status":"publish","type":"post","link":"https:\/\/eltrabajo.cl\/portal\/detienen-a-sujeto-acusado-de-secuestrar-con-arma-de-fuego-a-su-expareja\/","title":{"rendered":"Detienen a sujeto acusado de secuestrar con arma de fuego a su expareja"},"content":{"rendered":"<p style=\"text-align: left;\"><span style=\"color: #ff0000;\"><strong>Polic\u00eda de Investigaciones:<\/strong><\/span><\/p>\n<p style=\"text-align: justify;\">Detectives de la Brigada Investigadora de Robos (BIRO) Los Andes de la Polic\u00eda de Investigaciones de Chile, en coordinaci\u00f3n con el Ministerio P\u00fablico, detuvieron a un sujeto de 40 a\u00f1os de edad por su responsabilidad en el delito flagrante de Secuestro, il\u00edcito perpetrado en contra de su expareja el d\u00eda de martes reci\u00e9n pasado en San Felipe.<\/p>\n<p style=\"text-align: justify;\">Seg\u00fan informaci\u00f3n aportada por la PDI, el imputado, quien se desempe\u00f1aba como chofer de taxi colectivo, abord\u00f3 a la v\u00edctima de 26 a\u00f1os de edad mientras \u00e9sta esperaba locomoci\u00f3n en un paradero en San Felipe, oblig\u00e1ndola a subir al m\u00f3vil y manteni\u00e9ndola, por cerca de dos horas, retenida en contra de su voluntad, para lo cual bloque\u00f3 las puertas del veh\u00edculo y la amenaz\u00f3 con un arma de fuego.<\/p>\n<p style=\"text-align: justify;\">Al respecto la jefa de la BIRO Los Andes, comisaria <strong>Ximena Giovini Silva<\/strong>, dijo que este d\u00eda martes se recibi\u00f3 una denuncia por el delito de secuestro, <em>\u00aben que la v\u00edctima, una mujer mayor de edad, reporta que mientras esperaba locomoci\u00f3n colectiva en la ciudad de San Felipe, lleg\u00f3 su expareja en un veh\u00edculo y le exhibe desde el interior un arma, aparentemente de fuego, oblig\u00e1ndola a subir. Una vez en el interior bloquea las puertas impidi\u00e9ndole descender, iniciando de este modo un recorrido hacia la ciudad de Los Andes. En un momento el imputado se detiene y extrae esta arma que se\u00f1ala la v\u00edctima y amenaza con quitarse la vida, hecho que no concluye y deja abandonada a la afectada en un sector de la comuna de San Esteban. El r\u00e1pido actuar de oficiales de esta brigada en coordinaci\u00f3n con el Ministerio P\u00fablico, permiti\u00f3 la recopilaci\u00f3n de los antecedentes investigativos pertinentes a lo denunciado, lo que permiti\u00f3 que en horas de la tarde se pudiese ubicar y detener al imputado, mayor de edad\u00bb,<\/em> se\u00f1al\u00f3.<\/p>\n<p style=\"text-align: justify;\">Seg\u00fan informaci\u00f3n proporcionada desde la PDI, el detenido trabaja como chofer de colectivo.<\/p>\n<p style=\"text-align: justify;\">La oficial se\u00f1al\u00f3 que el sujeto fue detenido al interior del autom\u00f3vil, donde no se encontr\u00f3 la supuesta arma de fuego. Es por eso que contin\u00faan las diligencias.<\/p>\n<p style=\"text-align: justify;\">El motivo principal ser\u00eda que la v\u00edctima rehizo su vida con otra persona.<\/p>\n<p style=\"text-align: justify;\">Se incaut\u00f3 el m\u00f3vil usado para la concreci\u00f3n del hecho punible.<\/p>\n<p style=\"text-align: justify;\">El imputado, de iniciales <strong>M.J.R.S.<\/strong>, de 40 a\u00f1os, por disposici\u00f3n del Ministerio P\u00fablico ser\u00e1 puesto a disposici\u00f3n del Tribunal de Garant\u00eda en horas de la ma\u00f1ana.<\/p>\n<figure id=\"attachment_111160\" aria-describedby=\"caption-attachment-111160\" style=\"width: 699px\" class=\"wp-caption alignnone\"><img data-recalc-dims=\"1\" loading=\"lazy\" decoding=\"async\" class=\"size-full wp-image-111160\" src=\"https:\/\/i0.wp.com\/eltrabajo.cl\/portal\/wp-content\/uploads\/2021\/11\/Detenido-.jpg?resize=640%2C645&#038;ssl=1\" alt=\"El imputado fue detenido por personal de la Polic\u00eda de Investigaciones.\" width=\"640\" height=\"645\" srcset=\"https:\/\/i0.wp.com\/eltrabajo.cl\/portal\/wp-content\/uploads\/2021\/11\/Detenido-.jpg?w=699&amp;ssl=1 699w, https:\/\/i0.wp.com\/eltrabajo.cl\/portal\/wp-content\/uploads\/2021\/11\/Detenido-.jpg?resize=297%2C300&amp;ssl=1 297w, https:\/\/i0.wp.com\/eltrabajo.cl\/portal\/wp-content\/uploads\/2021\/11\/Detenido-.jpg?resize=149%2C150&amp;ssl=1 149w, https:\/\/i0.wp.com\/eltrabajo.cl\/portal\/wp-content\/uploads\/2021\/11\/Detenido-.jpg?resize=696%2C702&amp;ssl=1 696w\" sizes=\"auto, (max-width: 640px) 100vw, 640px\" \/><figcaption id=\"caption-attachment-111160\" class=\"wp-caption-text\">El imputado fue detenido por personal de la Polic\u00eda de Investigaciones.<\/figcaption><\/figure>\n","protected":false},"excerpt":{"rendered":"<p>Polic\u00eda de Investigaciones: Detectives de la Brigada Investigadora de Robos (BIRO) Los Andes de la Polic\u00eda de Investigaciones de Chile, en coordinaci\u00f3n con el Ministerio P\u00fablico, detuvieron a un sujeto de 40&#8230;<\/p>\n","protected":false},"author":482,"featured_media":111160,"comment_status":"closed","ping_status":"open","sticky":false,"template":"","format":"standard","meta":{"advanced_seo_description":"","jetpack_seo_html_title":"","jetpack_seo_noindex":false,"_jetpack_memberships_contains_paid_content":false,"footnotes":""},"categories":[21],"tags":[],"class_list":["post-111159","post","type-post","status-publish","format-standard","has-post-thumbnail","hentry","category-policial"],"jetpack_featured_media_url":"https:\/\/i0.wp.com\/eltrabajo.cl\/portal\/wp-content\/uploads\/2021\/11\/Detenido-.jpg?fit=699%2C705&ssl=1","jetpack_sharing_enabled":true,"jetpack_likes_enabled":true,"jetpack-related-posts":[],"_links":{"self":[{"href":"https:\/\/eltrabajo.cl\/portal\/wp-json\/wp\/v2\/posts\/111159","targetHints":{"allow":["GET"]}}],"collection":[{"href":"https:\/\/eltrabajo.cl\/portal\/wp-json\/wp\/v2\/posts"}],"about":[{"href":"https:\/\/eltrabajo.cl\/portal\/wp-json\/wp\/v2\/types\/post"}],"author":[{"embeddable":true,"href":"https:\/\/eltrabajo.cl\/portal\/wp-json\/wp\/v2\/users\/482"}],"replies":[{"embeddable":true,"href":"https:\/\/eltrabajo.cl\/portal\/wp-json\/wp\/v2\/comments?post=111159"}],"version-history":[{"count":0,"href":"https:\/\/eltrabajo.cl\/portal\/wp-json\/wp\/v2\/posts\/111159\/revisions"}],"wp:featuredmedia":[{"embeddable":true,"href":"https:\/\/eltrabajo.cl\/portal\/wp-json\/wp\/v2\/media\/111160"}],"wp:attachment":[{"href":"https:\/\/eltrabajo.cl\/portal\/wp-json\/wp\/v2\/media?parent=111159"}],"wp:term":[{"taxonomy":"category","embeddable":true,"href":"https:\/\/eltrabajo.cl\/portal\/wp-json\/wp\/v2\/categories?post=111159"},{"taxonomy":"post_tag","embeddable":true,"href":"https:\/\/eltrabajo.cl\/portal\/wp-json\/wp\/v2\/tags?post=111159"}],"curies":[{"name":"wp","href":"https:\/\/api.w.org\/{rel}","templated":true}]}}