{"id":111187,"date":"2021-11-12T07:55:27","date_gmt":"2021-11-12T10:55:27","guid":{"rendered":"https:\/\/eltrabajo.cl\/portal\/?p=111187"},"modified":"2021-11-11T23:11:17","modified_gmt":"2021-11-12T02:11:17","slug":"comerciantes-ambulantes-por-la-dignidad-deben-desalojar-plaza-de-armas","status":"publish","type":"post","link":"https:\/\/eltrabajo.cl\/portal\/comerciantes-ambulantes-por-la-dignidad-deben-desalojar-plaza-de-armas\/","title":{"rendered":"Comerciantes \u2018Ambulantes por la Dignidad\u2019 deben desalojar Plaza de Armas"},"content":{"rendered":"<ul style=\"text-align: justify;\">\n<li style=\"text-align: left;\"><strong> Aunque vendedores aseguran que hay un documento que los respalda, el exalcalde suplente Christian Beals confirma que no existe decreto alguno para habilitar comercio en la Plaza de Armas, s\u00f3lo un acuerdo verbal que finaliz\u00f3 en abril.<\/strong><\/li>\n<\/ul>\n<p style=\"text-align: justify;\">Un nuevo conflicto es el que se est\u00e1 generando entre los vendedores ambulantes que est\u00e1n afincados en la Plaza de Armas, con sus carpas azules, y el Municipio de San Felipe. Los comerciantes, quienes hab\u00edan sido instalados hace un a\u00f1o en la terraza de la Plaza por el entonces alcalde suplente <strong>Christian Beals Campos<\/strong>, aseguran que existe un decreto municipal que les faculta para permanecer en ese lugar, mientras que el administrador municipal <strong>Hern\u00e1n Herrera Caballero<\/strong>, afirma que ellos no pueden adue\u00f1arse de un sitio que pertenece a todos los sanfelipe\u00f1os.<\/p>\n<p style=\"text-align: justify;\">\n<p style=\"text-align: justify;\"><span style=\"color: #ff0000;\">DECRETO NO EXISTE<\/span><\/p>\n<p style=\"text-align: justify;\"><strong>Diario El Trabajo<\/strong> habl\u00f3 la ma\u00f1ana de este jueves con <strong>Ricardo Herrera<\/strong>, representante del Sindicato de <strong>\u2018Ambulantes por la Dignidad\u2019<\/strong>, quien se manifest\u00f3 con sus colegas comerciantes en la Plaza C\u00edvica para pedir alguna soluci\u00f3n al Municipio: <em>\u00abNosotros tenemos permiso hasta fines de noviembre para trabajar en la Plaza de San Felipe, y ahora pretenden quitarnos los permisos. Reci\u00e9n acabamos de tener una reuni\u00f3n con Hern\u00e1n Herrera, el administrador municipal, y nos dice que si no salimos del lugar, nos va a mandar a Carabineros a desalojar. Ac\u00e1 somos 26 personas afectadas, y adem\u00e1s alegamos nosotros que se perdi\u00f3, no s\u00e9 si se perdi\u00f3 hasta el momento lo est\u00e1n buscando, un decreto que nos dej\u00f3 el antiguo alcalde Beals hasta el 31 de diciembre de este a\u00f1o, nos dej\u00f3 un decreto firmado y ese decreto no est\u00e1 siendo respetado (\u2026) Entonces no entiendo por qu\u00e9 a ese decreto le est\u00e1n haciendo o\u00eddos sordos\u00bb,<\/em> coment\u00f3 el dirigente.<\/p>\n<p style=\"text-align: justify;\">&#8211; <strong>\u00bfCu\u00e1nto paga por mes cada comerciante al Municipio por instalarse en la Plaza?<\/strong><\/p>\n<p style=\"text-align: justify;\">&#8211; Nosotros mensualmente estamos pagando $105.000 cada uno y tenemos factura de esos pagos.<\/p>\n<p style=\"text-align: justify;\">&#8211; <strong>\u00bfQu\u00e9 piensan hacer si llegan los carabineros a sacarles parte o desalojarlos?, pues parece que el Municipio va en serio<\/strong><\/p>\n<p style=\"text-align: justify;\">&#8211; Nosotros tambi\u00e9n vamos en serio, lamentablemente tendremos que quedarnos ah\u00ed con los partes. Yo quiero seguir trabajando y queremos seguir trabajando en Merced por el hecho de que San Felipe est\u00e1 copado en Prat, y al lado de la Catedral est\u00e1 copado de comerciantes en todos lados y todos tienen derecho a trabajar, o sea, nosotros no nos iremos a otra calle a pelear con los otros comerciantes (\u2026) Llamamos a la alcaldesa para que pueda conversar con nosotros. La alcaldesa hasta el momento no nos ha dado respuesta.<\/p>\n<p style=\"text-align: justify;\">\n<p style=\"text-align: justify;\"><span style=\"color: #ff0000;\">HERRERA RESPONDE<\/span><\/p>\n<p style=\"text-align: justify;\"><strong>Diario El Trabajo<\/strong> habl\u00f3 con el administrador municipal <strong>Hern\u00e1n Herrera<\/strong>, quien sobre este tema explic\u00f3: <em>\u00abBueno, efectivamente se sostuvo una reuni\u00f3n con la agrupaci\u00f3n Ambulantes por la Dignidad, ellos se encuentran agrupados en base a ciertas condiciones y negociaciones que en su momento se sostuvo con ellos. Se estableci\u00f3 en mutuo acuerdo con sus dirigentes, que ellos pod\u00edan funcionar ciertos d\u00edas en la Plaza de Armas de San Felipe, como lo hacen el resto de las ferias que habitualmente utilizan dicho lugar; sin embargo, ellos hoy d\u00eda est\u00e1n en una posici\u00f3n contumaz de no desocupar el espacio, se encuentran sin permiso y en consecuencia, le hemos solicitado que por favor se retiraran, porque esa es la forma como nosotros hab\u00edamos acordado las facilidades que se le ha otorgado por parte del Municipio para que ellos puedan funcionar. Por lo tanto, ellos se encuentran hoy d\u00eda en una posici\u00f3n distinta, quieren seguir manteni\u00e9ndose todos los d\u00edas en una situaci\u00f3n que no est\u00e1 autorizada y en consecuencia, nosotros tendremos que dar lugar a la ordenanza que nos impera y aplicar la ley\u00bb,<\/em> indic\u00f3 el funcionario.<\/p>\n<p style=\"text-align: justify;\">&#8211; <strong>Los comerciantes aseguran que existe un decreto que respalda su presencia en la Plaza de Armas, \u00bfexiste tal documento?<\/strong><\/p>\n<p style=\"text-align: justify;\">&#8211; Eso como administraci\u00f3n lo desconocemos. No tenemos certeza de que exista un decreto firmado por el alcalde suplente, sin embargo, hemos solicitado a las distintas oficinas que lo ubiquen, sin embargo, por fuentes extraoficiales entendemos que podr\u00eda haber sido una autorizaci\u00f3n verbal.<\/p>\n<p style=\"text-align: justify;\">\n<p style=\"text-align: justify;\"><span style=\"color: #ff0000;\">BEALS ACLARANDO<\/span><\/p>\n<p style=\"text-align: justify;\">V\u00eda telef\u00f3nica consultamos al Dr. <strong>Christian Beals<\/strong> sobre la existencia de dicho decreto, \u00e9l nos explic\u00f3 que lo que en su momento se gestion\u00f3 para estos vendedores fue un permiso temporal, un convenio de palabra que terminaba en abril de 2021, luego ya el no pudo dar continuidad a ese tema.<\/p>\n<p style=\"text-align: justify;\"><strong>Roberto Gonz\u00e1lez Short<\/strong><\/p>\n<figure id=\"attachment_111188\" aria-describedby=\"caption-attachment-111188\" style=\"width: 699px\" class=\"wp-caption alignnone\"><img data-recalc-dims=\"1\" loading=\"lazy\" decoding=\"async\" class=\"size-full wp-image-111188\" src=\"https:\/\/i0.wp.com\/eltrabajo.cl\/portal\/wp-content\/uploads\/2021\/11\/Ambulantes2.jpg?resize=640%2C349&#038;ssl=1\" alt=\"VENDER O MORIR.- Estos comerciantes llevan a\u00f1os cambiando de ubicaci\u00f3n dentro del damero de nuestra ciudad, hoy d\u00eda est\u00e1n contra la espada y la pared.\" width=\"640\" height=\"349\" srcset=\"https:\/\/i0.wp.com\/eltrabajo.cl\/portal\/wp-content\/uploads\/2021\/11\/Ambulantes2.jpg?w=699&amp;ssl=1 699w, https:\/\/i0.wp.com\/eltrabajo.cl\/portal\/wp-content\/uploads\/2021\/11\/Ambulantes2.jpg?resize=300%2C164&amp;ssl=1 300w, https:\/\/i0.wp.com\/eltrabajo.cl\/portal\/wp-content\/uploads\/2021\/11\/Ambulantes2.jpg?resize=200%2C109&amp;ssl=1 200w, https:\/\/i0.wp.com\/eltrabajo.cl\/portal\/wp-content\/uploads\/2021\/11\/Ambulantes2.jpg?resize=696%2C379&amp;ssl=1 696w\" sizes=\"auto, (max-width: 640px) 100vw, 640px\" \/><figcaption id=\"caption-attachment-111188\" class=\"wp-caption-text\">VENDER O MORIR.- Estos comerciantes llevan a\u00f1os cambiando de ubicaci\u00f3n dentro del damero de nuestra ciudad, hoy d\u00eda est\u00e1n contra la espada y la pared.<\/figcaption><\/figure>\n<figure id=\"attachment_111189\" aria-describedby=\"caption-attachment-111189\" style=\"width: 699px\" class=\"wp-caption alignnone\"><img data-recalc-dims=\"1\" loading=\"lazy\" decoding=\"async\" class=\"size-full wp-image-111189\" src=\"https:\/\/i0.wp.com\/eltrabajo.cl\/portal\/wp-content\/uploads\/2021\/11\/Ambulantes3.jpg?resize=640%2C373&#038;ssl=1\" alt=\"DEBEN DESALOJAR.- As\u00ed lucen los toldos en la Plaza de Armas de San Felipe, el administrador asegura que este sitio pertenece a todos y no a unos pocos.\" width=\"640\" height=\"373\" srcset=\"https:\/\/i0.wp.com\/eltrabajo.cl\/portal\/wp-content\/uploads\/2021\/11\/Ambulantes3.jpg?w=699&amp;ssl=1 699w, https:\/\/i0.wp.com\/eltrabajo.cl\/portal\/wp-content\/uploads\/2021\/11\/Ambulantes3.jpg?resize=300%2C175&amp;ssl=1 300w, https:\/\/i0.wp.com\/eltrabajo.cl\/portal\/wp-content\/uploads\/2021\/11\/Ambulantes3.jpg?resize=200%2C116&amp;ssl=1 200w, https:\/\/i0.wp.com\/eltrabajo.cl\/portal\/wp-content\/uploads\/2021\/11\/Ambulantes3.jpg?resize=696%2C405&amp;ssl=1 696w\" sizes=\"auto, (max-width: 640px) 100vw, 640px\" \/><figcaption id=\"caption-attachment-111189\" class=\"wp-caption-text\">DEBEN DESALOJAR.- As\u00ed lucen los toldos en la Plaza de Armas de San Felipe, el administrador asegura que este sitio pertenece a todos y no a unos pocos.<\/figcaption><\/figure>\n<figure id=\"attachment_111190\" aria-describedby=\"caption-attachment-111190\" style=\"width: 700px\" class=\"wp-caption alignnone\"><img data-recalc-dims=\"1\" loading=\"lazy\" decoding=\"async\" class=\"size-full wp-image-111190\" src=\"https:\/\/i0.wp.com\/eltrabajo.cl\/portal\/wp-content\/uploads\/2021\/11\/Ambulantes_Hernan-Herrera-Caballero.jpg?resize=640%2C585&#038;ssl=1\" alt=\"Administrador municipal Hern\u00e1n Herrera Caballero.\" width=\"640\" height=\"585\" srcset=\"https:\/\/i0.wp.com\/eltrabajo.cl\/portal\/wp-content\/uploads\/2021\/11\/Ambulantes_Hernan-Herrera-Caballero.jpg?w=700&amp;ssl=1 700w, https:\/\/i0.wp.com\/eltrabajo.cl\/portal\/wp-content\/uploads\/2021\/11\/Ambulantes_Hernan-Herrera-Caballero.jpg?resize=300%2C274&amp;ssl=1 300w, https:\/\/i0.wp.com\/eltrabajo.cl\/portal\/wp-content\/uploads\/2021\/11\/Ambulantes_Hernan-Herrera-Caballero.jpg?resize=164%2C150&amp;ssl=1 164w, https:\/\/i0.wp.com\/eltrabajo.cl\/portal\/wp-content\/uploads\/2021\/11\/Ambulantes_Hernan-Herrera-Caballero.jpg?resize=696%2C636&amp;ssl=1 696w\" sizes=\"auto, (max-width: 640px) 100vw, 640px\" \/><figcaption id=\"caption-attachment-111190\" class=\"wp-caption-text\">Administrador municipal Hern\u00e1n Herrera Caballero.<\/figcaption><\/figure>\n","protected":false},"excerpt":{"rendered":"<p>Aunque vendedores aseguran que hay un documento que los respalda, el exalcalde suplente Christian Beals confirma que no existe decreto alguno para habilitar comercio en la Plaza de Armas, s\u00f3lo un acuerdo&#8230;<\/p>\n","protected":false},"author":482,"featured_media":111188,"comment_status":"closed","ping_status":"open","sticky":false,"template":"","format":"standard","meta":{"advanced_seo_description":"","jetpack_seo_html_title":"","jetpack_seo_noindex":false,"_jetpack_memberships_contains_paid_content":false,"footnotes":""},"categories":[103],"tags":[],"class_list":["post-111187","post","type-post","status-publish","format-standard","has-post-thumbnail","hentry","category-cronica-2"],"jetpack_featured_media_url":"https:\/\/i0.wp.com\/eltrabajo.cl\/portal\/wp-content\/uploads\/2021\/11\/Ambulantes2.jpg?fit=699%2C381&ssl=1","jetpack_sharing_enabled":true,"jetpack_likes_enabled":true,"jetpack-related-posts":[],"_links":{"self":[{"href":"https:\/\/eltrabajo.cl\/portal\/wp-json\/wp\/v2\/posts\/111187","targetHints":{"allow":["GET"]}}],"collection":[{"href":"https:\/\/eltrabajo.cl\/portal\/wp-json\/wp\/v2\/posts"}],"about":[{"href":"https:\/\/eltrabajo.cl\/portal\/wp-json\/wp\/v2\/types\/post"}],"author":[{"embeddable":true,"href":"https:\/\/eltrabajo.cl\/portal\/wp-json\/wp\/v2\/users\/482"}],"replies":[{"embeddable":true,"href":"https:\/\/eltrabajo.cl\/portal\/wp-json\/wp\/v2\/comments?post=111187"}],"version-history":[{"count":0,"href":"https:\/\/eltrabajo.cl\/portal\/wp-json\/wp\/v2\/posts\/111187\/revisions"}],"wp:featuredmedia":[{"embeddable":true,"href":"https:\/\/eltrabajo.cl\/portal\/wp-json\/wp\/v2\/media\/111188"}],"wp:attachment":[{"href":"https:\/\/eltrabajo.cl\/portal\/wp-json\/wp\/v2\/media?parent=111187"}],"wp:term":[{"taxonomy":"category","embeddable":true,"href":"https:\/\/eltrabajo.cl\/portal\/wp-json\/wp\/v2\/categories?post=111187"},{"taxonomy":"post_tag","embeddable":true,"href":"https:\/\/eltrabajo.cl\/portal\/wp-json\/wp\/v2\/tags?post=111187"}],"curies":[{"name":"wp","href":"https:\/\/api.w.org\/{rel}","templated":true}]}}