{"id":111203,"date":"2021-11-15T07:45:00","date_gmt":"2021-11-15T10:45:00","guid":{"rendered":"https:\/\/eltrabajo.cl\/portal\/?p=111203"},"modified":"2021-11-14T21:47:23","modified_gmt":"2021-11-15T00:47:23","slug":"una-mujer-herida-en-accidente-multiple-frente-al-colegio-aleman","status":"publish","type":"post","link":"https:\/\/eltrabajo.cl\/portal\/una-mujer-herida-en-accidente-multiple-frente-al-colegio-aleman\/","title":{"rendered":"Una mujer herida en accidente m\u00faltiple frente al Colegio Alem\u00e1n"},"content":{"rendered":"<p style=\"text-align: left;\"><span style=\"color: #ff0000;\"><strong>Algunos implicados huyeron del lugar por sitios eriazos:<\/strong><\/span><\/p>\n<p style=\"text-align: justify;\">Un accidente m\u00faltiple de alta energ\u00eda con cinco veh\u00edculos involucrados se registr\u00f3 la tarde de este domingo en la ruta Troncal 601 a la altura del Colegio Alem\u00e1n. Como resultado del mismo una mujer, empleada de un centro hospitalario regional, result\u00f3 con heridas de mediana consideraci\u00f3n y fue remitida al Hospital San Camilo por personal del SAMU.<\/p>\n<p style=\"text-align: justify;\">Seg\u00fan versiones de conductores testigos del percance, un veh\u00edculo liviano que ven\u00eda a alta velocidad en direcci\u00f3n a San Felipe, colision\u00f3 a otro que lo hac\u00eda en direcci\u00f3n contraria, generando en consecuencia otras colisiones entre autom\u00f3viles que viajaban en ambos sentidos, dando como resultado millonarias p\u00e9rdidas en da\u00f1os materiales.<\/p>\n<p style=\"text-align: justify;\">Seg\u00fan indic\u00f3 un testigo, y que es tema de investigaci\u00f3n por parte de Carabineros, el conductor y su acompa\u00f1ante del veh\u00edculo que caus\u00f3 el accidente, bajaron del veh\u00edculo y arrancaron por la l\u00ednea del tren hacia el r\u00edo Aconcagua, aparentemente ebrios, los uniformados emprendieron minutos despu\u00e9s una b\u00fasqueda por el sector.<\/p>\n<p style=\"text-align: justify;\"><strong>Roberto Gonz\u00e1lez Short<\/strong><\/p>\n<figure id=\"attachment_111205\" aria-describedby=\"caption-attachment-111205\" style=\"width: 699px\" class=\"wp-caption alignnone\"><img data-recalc-dims=\"1\" loading=\"lazy\" decoding=\"async\" class=\"size-full wp-image-111205\" src=\"https:\/\/i0.wp.com\/eltrabajo.cl\/portal\/wp-content\/uploads\/2021\/11\/Multiple4.jpg?resize=640%2C393&#038;ssl=1\" alt=\"SALV\u00d3 DE MILAGRO.- En este veh\u00edculo rojo viajaba la mujer que result\u00f3 herida tras la potente colisi\u00f3n.\" width=\"640\" height=\"393\" srcset=\"https:\/\/i0.wp.com\/eltrabajo.cl\/portal\/wp-content\/uploads\/2021\/11\/Multiple4.jpg?w=699&amp;ssl=1 699w, https:\/\/i0.wp.com\/eltrabajo.cl\/portal\/wp-content\/uploads\/2021\/11\/Multiple4.jpg?resize=300%2C184&amp;ssl=1 300w, https:\/\/i0.wp.com\/eltrabajo.cl\/portal\/wp-content\/uploads\/2021\/11\/Multiple4.jpg?resize=200%2C123&amp;ssl=1 200w, https:\/\/i0.wp.com\/eltrabajo.cl\/portal\/wp-content\/uploads\/2021\/11\/Multiple4.jpg?resize=696%2C427&amp;ssl=1 696w\" sizes=\"auto, (max-width: 640px) 100vw, 640px\" \/><figcaption id=\"caption-attachment-111205\" class=\"wp-caption-text\">SALV\u00d3 DE MILAGRO.- En este veh\u00edculo rojo viajaba la mujer que result\u00f3 herida tras la potente colisi\u00f3n.<\/figcaption><\/figure>\n<figure id=\"attachment_111204\" aria-describedby=\"caption-attachment-111204\" style=\"width: 699px\" class=\"wp-caption alignnone\"><img data-recalc-dims=\"1\" loading=\"lazy\" decoding=\"async\" class=\"size-full wp-image-111204\" src=\"https:\/\/i0.wp.com\/eltrabajo.cl\/portal\/wp-content\/uploads\/2021\/11\/Multiple1.jpg?resize=640%2C427&#038;ssl=1\" alt=\"EN EL LUGAR.- Las c\u00e1maras de Diario El Trabajo registran el momento en que esta mujer era trasladada a la ambulancia del SAMU.\" width=\"640\" height=\"427\" srcset=\"https:\/\/i0.wp.com\/eltrabajo.cl\/portal\/wp-content\/uploads\/2021\/11\/Multiple1.jpg?w=699&amp;ssl=1 699w, https:\/\/i0.wp.com\/eltrabajo.cl\/portal\/wp-content\/uploads\/2021\/11\/Multiple1.jpg?resize=300%2C200&amp;ssl=1 300w, https:\/\/i0.wp.com\/eltrabajo.cl\/portal\/wp-content\/uploads\/2021\/11\/Multiple1.jpg?resize=200%2C133&amp;ssl=1 200w, https:\/\/i0.wp.com\/eltrabajo.cl\/portal\/wp-content\/uploads\/2021\/11\/Multiple1.jpg?resize=696%2C464&amp;ssl=1 696w\" sizes=\"auto, (max-width: 640px) 100vw, 640px\" \/><figcaption id=\"caption-attachment-111204\" class=\"wp-caption-text\">EN EL LUGAR.- Las c\u00e1maras de Diario El Trabajo registran el momento en que esta mujer era trasladada a la ambulancia del SAMU.<\/figcaption><\/figure>\n","protected":false},"excerpt":{"rendered":"<p>Algunos implicados huyeron del lugar por sitios eriazos: Un accidente m\u00faltiple de alta energ\u00eda con cinco veh\u00edculos involucrados se registr\u00f3 la tarde de este domingo en la ruta Troncal 601 a la&#8230;<\/p>\n","protected":false},"author":482,"featured_media":111205,"comment_status":"closed","ping_status":"open","sticky":false,"template":"","format":"standard","meta":{"advanced_seo_description":"","jetpack_seo_html_title":"","jetpack_seo_noindex":false,"_jetpack_memberships_contains_paid_content":false,"footnotes":""},"categories":[21],"tags":[],"class_list":["post-111203","post","type-post","status-publish","format-standard","has-post-thumbnail","hentry","category-policial"],"jetpack_featured_media_url":"https:\/\/i0.wp.com\/eltrabajo.cl\/portal\/wp-content\/uploads\/2021\/11\/Multiple4.jpg?fit=699%2C429&ssl=1","jetpack_sharing_enabled":true,"jetpack_likes_enabled":true,"jetpack-related-posts":[],"_links":{"self":[{"href":"https:\/\/eltrabajo.cl\/portal\/wp-json\/wp\/v2\/posts\/111203","targetHints":{"allow":["GET"]}}],"collection":[{"href":"https:\/\/eltrabajo.cl\/portal\/wp-json\/wp\/v2\/posts"}],"about":[{"href":"https:\/\/eltrabajo.cl\/portal\/wp-json\/wp\/v2\/types\/post"}],"author":[{"embeddable":true,"href":"https:\/\/eltrabajo.cl\/portal\/wp-json\/wp\/v2\/users\/482"}],"replies":[{"embeddable":true,"href":"https:\/\/eltrabajo.cl\/portal\/wp-json\/wp\/v2\/comments?post=111203"}],"version-history":[{"count":0,"href":"https:\/\/eltrabajo.cl\/portal\/wp-json\/wp\/v2\/posts\/111203\/revisions"}],"wp:featuredmedia":[{"embeddable":true,"href":"https:\/\/eltrabajo.cl\/portal\/wp-json\/wp\/v2\/media\/111205"}],"wp:attachment":[{"href":"https:\/\/eltrabajo.cl\/portal\/wp-json\/wp\/v2\/media?parent=111203"}],"wp:term":[{"taxonomy":"category","embeddable":true,"href":"https:\/\/eltrabajo.cl\/portal\/wp-json\/wp\/v2\/categories?post=111203"},{"taxonomy":"post_tag","embeddable":true,"href":"https:\/\/eltrabajo.cl\/portal\/wp-json\/wp\/v2\/tags?post=111203"}],"curies":[{"name":"wp","href":"https:\/\/api.w.org\/{rel}","templated":true}]}}