{"id":111210,"date":"2021-11-15T07:55:25","date_gmt":"2021-11-15T10:55:25","guid":{"rendered":"https:\/\/eltrabajo.cl\/portal\/?p=111210"},"modified":"2021-11-14T21:51:12","modified_gmt":"2021-11-15T00:51:12","slug":"fallece-en-accidente-maestro-fabricante-de-timbres-de-goma-y-galvanos","status":"publish","type":"post","link":"https:\/\/eltrabajo.cl\/portal\/fallece-en-accidente-maestro-fabricante-de-timbres-de-goma-y-galvanos\/","title":{"rendered":"Fallece en accidente maestro fabricante de timbres de goma y galvanos"},"content":{"rendered":"<p style=\"text-align: left;\"><span style=\"color: #ff0000;\"><strong>Fin de semana registr\u00f3 m\u00e1s accidentes:<\/strong><\/span><\/p>\n<p style=\"text-align: justify;\">Fue a trav\u00e9s de un comunicado emitido por la Junta de Vecinos Orolonco Hermanos Carrera, que se supo del fallecimiento de <strong>Eduardo Vergara Berm\u00fadez<\/strong>, conocido maestro que fabricaba timbres de goma y galvanos en su f\u00e1brica ubicada en la intersecci\u00f3n de las calles Artem\u00f3n Cifuentes con Salinas en San Felipe. El deceso, seg\u00fan el comunicado, se produjo este domingo en el Hospital San Camilo, hasta donde fue llevado, seg\u00fan informaci\u00f3n recopilada por nuestro medio, luego de protagonizar un accidente de tr\u00e1nsito en la ruta CH-60 Panquehue ayer en la madrugada.<\/p>\n<p style=\"text-align: justify;\">\n<p style=\"text-align: justify;\"><span style=\"color: #ff0000;\">TRISTE COMUNICADO<\/span><\/p>\n<p style=\"text-align: justify;\">\u00ab<em>Lamentamos comunicar con dolor, el fallecimiento de nuestro vecino y socio de Junta de Vecinos Orolonco Hermanos Carrera, Eduardo Vergara Berm\u00fadez,<\/em> (Q.E.P.D.)<em>, pese a todos los esfuerzo desplegados por personal del Hospital San Camilo. Sus restos ser\u00e1n velados en calle Toromazote 221, San Felipe, casa habitaci\u00f3n de su madre, quien hace muy poco tiempo tambi\u00e9n falleci\u00f3.<\/em><\/p>\n<p style=\"text-align: justify;\"><em>\u00abComo Junta de Vecinos Orolonco Hermanos Carrera, nos sumamos al duelo que aflige a su se\u00f1ora esposa <strong>Margarita Delgadillo<\/strong>, sus hijos, nietos, toda su familia, amigos, vecinos y organizaciones a las que \u00e9l perteneci\u00f3<\/em>\u00bb, se\u00f1ala el comunicado.<\/p>\n<p style=\"text-align: justify;\">\n<p style=\"text-align: justify;\"><span style=\"color: #ff0000;\">TRES ACCIDENTES<\/span><\/p>\n<p style=\"text-align: justify;\">Se\u00f1alar que durante los d\u00edas s\u00e1bado y domingo se produjeron cuatro accidentes, tres de alta energ\u00eda, como lo fue el de la Ruta CH-60 Panquehue que le cost\u00f3 la vida a Eduardo Vergara Berm\u00fadez; el segundo en Avenida Hermanos Carrera, dos lesionados; otro registrado ayer en la ma\u00f1ana pasado el Puente Enc\u00f3n, un lesionado, y el que se registr\u00f3 frente al Colegio Alem\u00e1n pasado puente El Rey (ver nota aparte), seg\u00fan informaci\u00f3n obtenida por nuestro medio.<\/p>\n<p style=\"text-align: justify;\">Al respecto fue el Comandante de Bomberos, <strong>Juan Carlos Herrera Lillo<\/strong>, quien entreg\u00f3 informaci\u00f3n de todos los accidentes de alta energ\u00eda.<\/p>\n<p style=\"text-align: justify;\">\n<p style=\"text-align: justify;\"><span style=\"color: #ff0000;\">DE ALTA ENERG\u00cdA<\/span><\/p>\n<p style=\"text-align: justify;\">\u00ab<em>Lo que podemos informar sobre los accidentes del fin de semana, es que tuvimos un accidente de alta energ\u00eda en el sector de Panquehue, Lo Campo, donde hubo una colisi\u00f3n de dos veh\u00edculos, uno con volcamiento; el conductor de uno de los veh\u00edculos iba con lesiones bastante graves y la verdad tuvo que concurrir la Unidad de Rescate de la Tercera Compa\u00f1\u00eda de San Felipe m\u00e1s la Unidad de Rescate de la Compa\u00f1\u00eda de Panquehue. Se trabaj\u00f3 entre cinco a veinte minutos para poder sacar a la persona desde dentro del veh\u00edculo, hubo tres personas lesionadas en este accidente<\/em>\u00bb, dijo Herrera Lillo.<\/p>\n<p style=\"text-align: justify;\">\n<p style=\"text-align: justify;\"><span style=\"color: #ff0000;\">OTROS DETALLES<\/span><\/p>\n<p style=\"text-align: justify;\">Posteriormente hubo un accidente de s\u00e1bado para domingo en el sector de Hermanos Carrera, \u00ab<em>casi al llegar a la poblaci\u00f3n Bernardo Cruz, donde tambi\u00e9n se registr\u00f3 un volcamiento, afortunadamente el conductor sali\u00f3 con lesiones, pero no de gravedad. Y otro en el sector de Enc\u00f3n cerca de las 09:30 de la ma\u00f1ana. Tambi\u00e9n tuvo que concurrir la Unidad de Rescate de la Tercera Compa\u00f1\u00eda. Tuvimos tres accidentes de bastantes proporciones, lamentablemente el m\u00e1s grave fue del sector Lo Campo de Panquehue<\/em>\u00bb, finaliz\u00f3 Herrera Lillo.<\/p>\n<p style=\"text-align: justify;\">Cabe recordar que el d\u00eda martes 19 de noviembre del a\u00f1o 2019, Eduardo Vergara Berm\u00fadez sufri\u00f3 un incendio en su f\u00e1brica que consumi\u00f3 el segundo piso de su casa-habitaci\u00f3n.<\/p>\n<figure id=\"attachment_111212\" aria-describedby=\"caption-attachment-111212\" style=\"width: 698px\" class=\"wp-caption alignnone\"><img data-recalc-dims=\"1\" loading=\"lazy\" decoding=\"async\" class=\"size-full wp-image-111212\" src=\"https:\/\/i0.wp.com\/eltrabajo.cl\/portal\/wp-content\/uploads\/2021\/11\/Eduardo.jpg?resize=640%2C441&#038;ssl=1\" alt=\"Eduardo Vergara Berm\u00fadez, maestro fabricante de timbres de goma, trofeos y galvanos. Falleci\u00f3 en el San Camilo.\" width=\"640\" height=\"441\" srcset=\"https:\/\/i0.wp.com\/eltrabajo.cl\/portal\/wp-content\/uploads\/2021\/11\/Eduardo.jpg?w=698&amp;ssl=1 698w, https:\/\/i0.wp.com\/eltrabajo.cl\/portal\/wp-content\/uploads\/2021\/11\/Eduardo.jpg?resize=300%2C207&amp;ssl=1 300w, https:\/\/i0.wp.com\/eltrabajo.cl\/portal\/wp-content\/uploads\/2021\/11\/Eduardo.jpg?resize=200%2C138&amp;ssl=1 200w, https:\/\/i0.wp.com\/eltrabajo.cl\/portal\/wp-content\/uploads\/2021\/11\/Eduardo.jpg?resize=218%2C150&amp;ssl=1 218w, https:\/\/i0.wp.com\/eltrabajo.cl\/portal\/wp-content\/uploads\/2021\/11\/Eduardo.jpg?resize=696%2C480&amp;ssl=1 696w\" sizes=\"auto, (max-width: 640px) 100vw, 640px\" \/><figcaption id=\"caption-attachment-111212\" class=\"wp-caption-text\">Eduardo Vergara Berm\u00fadez, maestro fabricante de timbres de goma, trofeos y galvanos. Falleci\u00f3 en el San Camilo.<\/figcaption><\/figure>\n<figure id=\"attachment_111211\" aria-describedby=\"caption-attachment-111211\" style=\"width: 699px\" class=\"wp-caption alignnone\"><img data-recalc-dims=\"1\" loading=\"lazy\" decoding=\"async\" class=\"size-full wp-image-111211\" src=\"https:\/\/i0.wp.com\/eltrabajo.cl\/portal\/wp-content\/uploads\/2021\/11\/Accidente.jpg?resize=640%2C481&#038;ssl=1\" alt=\"As\u00ed qued\u00f3 este veh\u00edculo volcado en Hermanos Carrera, en uno de los tres accidentes de alta energ\u00eda registrados este fin de semana.\" width=\"640\" height=\"481\" srcset=\"https:\/\/i0.wp.com\/eltrabajo.cl\/portal\/wp-content\/uploads\/2021\/11\/Accidente.jpg?w=699&amp;ssl=1 699w, https:\/\/i0.wp.com\/eltrabajo.cl\/portal\/wp-content\/uploads\/2021\/11\/Accidente.jpg?resize=300%2C225&amp;ssl=1 300w, https:\/\/i0.wp.com\/eltrabajo.cl\/portal\/wp-content\/uploads\/2021\/11\/Accidente.jpg?resize=200%2C150&amp;ssl=1 200w, https:\/\/i0.wp.com\/eltrabajo.cl\/portal\/wp-content\/uploads\/2021\/11\/Accidente.jpg?resize=696%2C523&amp;ssl=1 696w\" sizes=\"auto, (max-width: 640px) 100vw, 640px\" \/><figcaption id=\"caption-attachment-111211\" class=\"wp-caption-text\">As\u00ed qued\u00f3 este veh\u00edculo volcado en Hermanos Carrera, en uno de los tres accidentes de alta energ\u00eda registrados este fin de semana.<\/figcaption><\/figure>\n","protected":false},"excerpt":{"rendered":"<p>Fin de semana registr\u00f3 m\u00e1s accidentes: Fue a trav\u00e9s de un comunicado emitido por la Junta de Vecinos Orolonco Hermanos Carrera, que se supo del fallecimiento de Eduardo Vergara Berm\u00fadez, conocido maestro&#8230;<\/p>\n","protected":false},"author":482,"featured_media":111212,"comment_status":"closed","ping_status":"open","sticky":false,"template":"","format":"standard","meta":{"advanced_seo_description":"","jetpack_seo_html_title":"","jetpack_seo_noindex":false,"_jetpack_memberships_contains_paid_content":false,"footnotes":""},"categories":[21],"tags":[],"class_list":["post-111210","post","type-post","status-publish","format-standard","has-post-thumbnail","hentry","category-policial"],"jetpack_featured_media_url":"https:\/\/i0.wp.com\/eltrabajo.cl\/portal\/wp-content\/uploads\/2021\/11\/Eduardo.jpg?fit=698%2C481&ssl=1","jetpack_sharing_enabled":true,"jetpack_likes_enabled":true,"jetpack-related-posts":[],"_links":{"self":[{"href":"https:\/\/eltrabajo.cl\/portal\/wp-json\/wp\/v2\/posts\/111210","targetHints":{"allow":["GET"]}}],"collection":[{"href":"https:\/\/eltrabajo.cl\/portal\/wp-json\/wp\/v2\/posts"}],"about":[{"href":"https:\/\/eltrabajo.cl\/portal\/wp-json\/wp\/v2\/types\/post"}],"author":[{"embeddable":true,"href":"https:\/\/eltrabajo.cl\/portal\/wp-json\/wp\/v2\/users\/482"}],"replies":[{"embeddable":true,"href":"https:\/\/eltrabajo.cl\/portal\/wp-json\/wp\/v2\/comments?post=111210"}],"version-history":[{"count":0,"href":"https:\/\/eltrabajo.cl\/portal\/wp-json\/wp\/v2\/posts\/111210\/revisions"}],"wp:featuredmedia":[{"embeddable":true,"href":"https:\/\/eltrabajo.cl\/portal\/wp-json\/wp\/v2\/media\/111212"}],"wp:attachment":[{"href":"https:\/\/eltrabajo.cl\/portal\/wp-json\/wp\/v2\/media?parent=111210"}],"wp:term":[{"taxonomy":"category","embeddable":true,"href":"https:\/\/eltrabajo.cl\/portal\/wp-json\/wp\/v2\/categories?post=111210"},{"taxonomy":"post_tag","embeddable":true,"href":"https:\/\/eltrabajo.cl\/portal\/wp-json\/wp\/v2\/tags?post=111210"}],"curies":[{"name":"wp","href":"https:\/\/api.w.org\/{rel}","templated":true}]}}