{"id":111225,"date":"2021-11-16T07:30:23","date_gmt":"2021-11-16T10:30:23","guid":{"rendered":"https:\/\/eltrabajo.cl\/portal\/?p=111225"},"modified":"2021-11-15T22:35:40","modified_gmt":"2021-11-16T01:35:40","slug":"carabineros-de-la-siat-y-carretera-recupera-camion-y-minicargador-robados","status":"publish","type":"post","link":"https:\/\/eltrabajo.cl\/portal\/carabineros-de-la-siat-y-carretera-recupera-camion-y-minicargador-robados\/","title":{"rendered":"Carabineros de la SIAT y Carretera recupera cami\u00f3n y minicargador robados"},"content":{"rendered":"<p style=\"text-align: justify;\">Personal de Carabineros de la SIAT y Carreteras logr\u00f3 recuperar dos veh\u00edculos con encargo vigente por robo la noche del viernes pasado en la ruta 5 Norte. Se trata de un cami\u00f3n que hab\u00eda sido robado en Renca en el mes de agosto, y un minicargador frontal que hab\u00eda sido robado ese mismo d\u00eda viernes en la comuna de Olmu\u00e9.<\/p>\n<p style=\"text-align: justify;\">As\u00ed lo inform\u00f3 el capit\u00e1n Luis Tobar, jefe de la Siat y Carreteras San Felipe, quien se\u00f1al\u00f3 que el viernes en horas de la noche, a eso de las 23,20 horas, mientras realizaban patrullajes preventivos por la ruta 5 Norte, fueron alertados por la Central de Comunicaciones de Carabineros, en el sentido que por la mencionada ruta 5 Norte se desplazaba un cami\u00f3n con maquinaria de construcci\u00f3n sustra\u00edda en la tarde del mismo d\u00eda en la comuna de Olmu\u00e9.<\/p>\n<p style=\"text-align: justify;\">Tras el aviso, Carabineros intensific\u00f3 sus controles y patrullajes hasta dar con el paradero del cami\u00f3n a la altura del kil\u00f3metro 56, donde se pudo advertir que tres sujetos se desplazaban a ordo del cami\u00f3n, los cuales se dan a la fuga sin que Carabineros pudiera atraparlos.<\/p>\n<p style=\"text-align: justify;\">No obstante lo anterior, se logr\u00f3 recuperar el cami\u00f3n y el minicargador frontal,\u00a0 los cuales manten\u00edan encargo por robo vigente. Seg\u00fan precis\u00f3 el oficial, el cami\u00f3n hab\u00eda sido robado en el mes de agosto de este a\u00f1o en la comuna de Renca, Regi\u00f3n Metropolitana,\u00a0 en tanto el minicargador fue sustra\u00eddo ese mismo d\u00eda viernes en Olmu\u00e9.<\/p>\n<p style=\"text-align: justify;\">Al realizar los peritajes respectivos, se comprob\u00f3 que la documentaci\u00f3n y placas patentes eran falsas, siendo remitidos los antecedentes a la fiscal\u00eda y los veh\u00edculos devueltos a sus propietarios.<\/p>\n<figure id=\"attachment_111227\" aria-describedby=\"caption-attachment-111227\" style=\"width: 699px\" class=\"wp-caption alignnone\"><img data-recalc-dims=\"1\" loading=\"lazy\" decoding=\"async\" class=\"size-full wp-image-111227\" src=\"https:\/\/i0.wp.com\/eltrabajo.cl\/portal\/wp-content\/uploads\/2021\/11\/recuperados.jpg?resize=640%2C357&#038;ssl=1\" alt=\"Personal de Carabineros de la SIAT y Carreteras junto a los veh\u00edculos recuperados la noche del viernes pasado en la ruta 5 Norte. \" width=\"640\" height=\"357\" srcset=\"https:\/\/i0.wp.com\/eltrabajo.cl\/portal\/wp-content\/uploads\/2021\/11\/recuperados.jpg?w=699&amp;ssl=1 699w, https:\/\/i0.wp.com\/eltrabajo.cl\/portal\/wp-content\/uploads\/2021\/11\/recuperados.jpg?resize=300%2C167&amp;ssl=1 300w, https:\/\/i0.wp.com\/eltrabajo.cl\/portal\/wp-content\/uploads\/2021\/11\/recuperados.jpg?resize=200%2C112&amp;ssl=1 200w, https:\/\/i0.wp.com\/eltrabajo.cl\/portal\/wp-content\/uploads\/2021\/11\/recuperados.jpg?resize=696%2C388&amp;ssl=1 696w\" sizes=\"auto, (max-width: 640px) 100vw, 640px\" \/><figcaption id=\"caption-attachment-111227\" class=\"wp-caption-text\">Personal de Carabineros de la SIAT y Carreteras junto a los veh\u00edculos recuperados la noche del viernes pasado en la ruta 5 Norte.<\/figcaption><\/figure>\n","protected":false},"excerpt":{"rendered":"<p>Personal de Carabineros de la SIAT y Carreteras logr\u00f3 recuperar dos veh\u00edculos con encargo vigente por robo la noche del viernes pasado en la ruta 5 Norte. Se trata de un cami\u00f3n&#8230;<\/p>\n","protected":false},"author":482,"featured_media":111227,"comment_status":"closed","ping_status":"open","sticky":false,"template":"","format":"standard","meta":{"advanced_seo_description":"","jetpack_seo_html_title":"","jetpack_seo_noindex":false,"_jetpack_memberships_contains_paid_content":false,"footnotes":""},"categories":[21],"tags":[],"class_list":["post-111225","post","type-post","status-publish","format-standard","has-post-thumbnail","hentry","category-policial"],"jetpack_featured_media_url":"https:\/\/i0.wp.com\/eltrabajo.cl\/portal\/wp-content\/uploads\/2021\/11\/recuperados.jpg?fit=699%2C390&ssl=1","jetpack_sharing_enabled":true,"jetpack_likes_enabled":true,"jetpack-related-posts":[],"_links":{"self":[{"href":"https:\/\/eltrabajo.cl\/portal\/wp-json\/wp\/v2\/posts\/111225","targetHints":{"allow":["GET"]}}],"collection":[{"href":"https:\/\/eltrabajo.cl\/portal\/wp-json\/wp\/v2\/posts"}],"about":[{"href":"https:\/\/eltrabajo.cl\/portal\/wp-json\/wp\/v2\/types\/post"}],"author":[{"embeddable":true,"href":"https:\/\/eltrabajo.cl\/portal\/wp-json\/wp\/v2\/users\/482"}],"replies":[{"embeddable":true,"href":"https:\/\/eltrabajo.cl\/portal\/wp-json\/wp\/v2\/comments?post=111225"}],"version-history":[{"count":0,"href":"https:\/\/eltrabajo.cl\/portal\/wp-json\/wp\/v2\/posts\/111225\/revisions"}],"wp:featuredmedia":[{"embeddable":true,"href":"https:\/\/eltrabajo.cl\/portal\/wp-json\/wp\/v2\/media\/111227"}],"wp:attachment":[{"href":"https:\/\/eltrabajo.cl\/portal\/wp-json\/wp\/v2\/media?parent=111225"}],"wp:term":[{"taxonomy":"category","embeddable":true,"href":"https:\/\/eltrabajo.cl\/portal\/wp-json\/wp\/v2\/categories?post=111225"},{"taxonomy":"post_tag","embeddable":true,"href":"https:\/\/eltrabajo.cl\/portal\/wp-json\/wp\/v2\/tags?post=111225"}],"curies":[{"name":"wp","href":"https:\/\/api.w.org\/{rel}","templated":true}]}}