{"id":111233,"date":"2021-11-16T07:45:17","date_gmt":"2021-11-16T10:45:17","guid":{"rendered":"https:\/\/eltrabajo.cl\/portal\/?p=111233"},"modified":"2021-11-15T22:39:25","modified_gmt":"2021-11-16T01:39:25","slug":"graves-danos-por-colision-lateral-en-freire-con-toromazote","status":"publish","type":"post","link":"https:\/\/eltrabajo.cl\/portal\/graves-danos-por-colision-lateral-en-freire-con-toromazote\/","title":{"rendered":"Graves da\u00f1os por colisi\u00f3n lateral en Freire con Toromazote"},"content":{"rendered":"<p style=\"text-align: justify;\">DA\u00d1OS MATERIALES.- Una colisi\u00f3n lateral se registr\u00f3 la tarde de este lunes en la esquina de Freire con Toromazote, generando cuantiosos da\u00f1os materiales en ambos veh\u00edculos involucrados, pero sin registrarse personas lesionadas de gravedad.<\/p>\n<p style=\"text-align: justify;\">Al lugar del incidente acudi\u00f3 la Unidad R-3 de Bomberos San Felipe y una patrulla de Carabineros.<\/p>\n<p style=\"text-align: justify;\">Al parecer, los conductores manejaron con serenidad la situaci\u00f3n y arreglaron pac\u00edficamente los pasos a seguir. (Fotos Roberto Gonz\u00e1lez Short)<\/p>\n<figure id=\"attachment_111234\" aria-describedby=\"caption-attachment-111234\" style=\"width: 699px\" class=\"wp-caption alignnone\"><img data-recalc-dims=\"1\" loading=\"lazy\" decoding=\"async\" class=\"size-full wp-image-111234\" src=\"https:\/\/i0.wp.com\/eltrabajo.cl\/portal\/wp-content\/uploads\/2021\/11\/Lateral2.jpg?resize=640%2C397&#038;ssl=1\" alt=\"COMO CABALLEROS.- Entre los mismos conductores aparentemente lograron usar una medida alternativa para solucionar esta situaci\u00f3n.\" width=\"640\" height=\"397\" srcset=\"https:\/\/i0.wp.com\/eltrabajo.cl\/portal\/wp-content\/uploads\/2021\/11\/Lateral2.jpg?w=699&amp;ssl=1 699w, https:\/\/i0.wp.com\/eltrabajo.cl\/portal\/wp-content\/uploads\/2021\/11\/Lateral2.jpg?resize=300%2C186&amp;ssl=1 300w, https:\/\/i0.wp.com\/eltrabajo.cl\/portal\/wp-content\/uploads\/2021\/11\/Lateral2.jpg?resize=200%2C124&amp;ssl=1 200w, https:\/\/i0.wp.com\/eltrabajo.cl\/portal\/wp-content\/uploads\/2021\/11\/Lateral2.jpg?resize=696%2C432&amp;ssl=1 696w\" sizes=\"auto, (max-width: 640px) 100vw, 640px\" \/><figcaption id=\"caption-attachment-111234\" class=\"wp-caption-text\">COMO CABALLEROS.- Entre los mismos conductores aparentemente lograron usar una medida alternativa para solucionar esta situaci\u00f3n.<\/figcaption><\/figure>\n<figure id=\"attachment_111235\" aria-describedby=\"caption-attachment-111235\" style=\"width: 699px\" class=\"wp-caption alignnone\"><img data-recalc-dims=\"1\" loading=\"lazy\" decoding=\"async\" class=\"size-full wp-image-111235\" src=\"https:\/\/i0.wp.com\/eltrabajo.cl\/portal\/wp-content\/uploads\/2021\/11\/Lateral1.jpg?resize=640%2C375&#038;ssl=1\" alt=\"EL CHOQUE DEL D\u00cdA.- Las c\u00e1maras de Diario El Trabajo captan los da\u00f1os materiales sufridos por este veh\u00edculo en la esquina de Toromazote con Freire.\" width=\"640\" height=\"375\" srcset=\"https:\/\/i0.wp.com\/eltrabajo.cl\/portal\/wp-content\/uploads\/2021\/11\/Lateral1.jpg?w=699&amp;ssl=1 699w, https:\/\/i0.wp.com\/eltrabajo.cl\/portal\/wp-content\/uploads\/2021\/11\/Lateral1.jpg?resize=300%2C176&amp;ssl=1 300w, https:\/\/i0.wp.com\/eltrabajo.cl\/portal\/wp-content\/uploads\/2021\/11\/Lateral1.jpg?resize=200%2C117&amp;ssl=1 200w, https:\/\/i0.wp.com\/eltrabajo.cl\/portal\/wp-content\/uploads\/2021\/11\/Lateral1.jpg?resize=696%2C408&amp;ssl=1 696w\" sizes=\"auto, (max-width: 640px) 100vw, 640px\" \/><figcaption id=\"caption-attachment-111235\" class=\"wp-caption-text\">EL CHOQUE DEL D\u00cdA.- Las c\u00e1maras de Diario El Trabajo captan los da\u00f1os materiales sufridos por este veh\u00edculo en la esquina de Toromazote con Freire.<\/figcaption><\/figure>\n","protected":false},"excerpt":{"rendered":"<p>DA\u00d1OS MATERIALES.- Una colisi\u00f3n lateral se registr\u00f3 la tarde de este lunes en la esquina de Freire con Toromazote, generando cuantiosos da\u00f1os materiales en ambos veh\u00edculos involucrados, pero sin registrarse personas lesionadas&#8230;<\/p>\n","protected":false},"author":482,"featured_media":111234,"comment_status":"closed","ping_status":"open","sticky":false,"template":"","format":"standard","meta":{"advanced_seo_description":"","jetpack_seo_html_title":"","jetpack_seo_noindex":false,"_jetpack_memberships_contains_paid_content":false,"footnotes":""},"categories":[21],"tags":[],"class_list":["post-111233","post","type-post","status-publish","format-standard","has-post-thumbnail","hentry","category-policial"],"jetpack_featured_media_url":"https:\/\/i0.wp.com\/eltrabajo.cl\/portal\/wp-content\/uploads\/2021\/11\/Lateral2.jpg?fit=699%2C434&ssl=1","jetpack_sharing_enabled":true,"jetpack_likes_enabled":true,"jetpack-related-posts":[],"_links":{"self":[{"href":"https:\/\/eltrabajo.cl\/portal\/wp-json\/wp\/v2\/posts\/111233","targetHints":{"allow":["GET"]}}],"collection":[{"href":"https:\/\/eltrabajo.cl\/portal\/wp-json\/wp\/v2\/posts"}],"about":[{"href":"https:\/\/eltrabajo.cl\/portal\/wp-json\/wp\/v2\/types\/post"}],"author":[{"embeddable":true,"href":"https:\/\/eltrabajo.cl\/portal\/wp-json\/wp\/v2\/users\/482"}],"replies":[{"embeddable":true,"href":"https:\/\/eltrabajo.cl\/portal\/wp-json\/wp\/v2\/comments?post=111233"}],"version-history":[{"count":0,"href":"https:\/\/eltrabajo.cl\/portal\/wp-json\/wp\/v2\/posts\/111233\/revisions"}],"wp:featuredmedia":[{"embeddable":true,"href":"https:\/\/eltrabajo.cl\/portal\/wp-json\/wp\/v2\/media\/111234"}],"wp:attachment":[{"href":"https:\/\/eltrabajo.cl\/portal\/wp-json\/wp\/v2\/media?parent=111233"}],"wp:term":[{"taxonomy":"category","embeddable":true,"href":"https:\/\/eltrabajo.cl\/portal\/wp-json\/wp\/v2\/categories?post=111233"},{"taxonomy":"post_tag","embeddable":true,"href":"https:\/\/eltrabajo.cl\/portal\/wp-json\/wp\/v2\/tags?post=111233"}],"curies":[{"name":"wp","href":"https:\/\/api.w.org\/{rel}","templated":true}]}}