{"id":111298,"date":"2021-11-18T07:55:12","date_gmt":"2021-11-18T10:55:12","guid":{"rendered":"https:\/\/eltrabajo.cl\/portal\/?p=111298"},"modified":"2021-11-17T21:34:36","modified_gmt":"2021-11-18T00:34:36","slug":"emergencia-quimica-provoca-colision-de-dos-camiones-en-sector-chagres","status":"publish","type":"post","link":"https:\/\/eltrabajo.cl\/portal\/emergencia-quimica-provoca-colision-de-dos-camiones-en-sector-chagres\/","title":{"rendered":"Emergencia qu\u00edmica provoca colisi\u00f3n de dos camiones en sector Chagres"},"content":{"rendered":"<p style=\"text-align: left;\"><span style=\"color: #ff0000;\"><strong>Abundante combustible derramado en la calzada:<\/strong><\/span><\/p>\n<p style=\"text-align: justify;\">Dos camiones chocaron este martes en la noche en el sector de Chagres en la comuna de Catemu, uno de los cuales transportaba combustible. Aunque no hubo personas heridas, el incidente provoc\u00f3 una Emergencia Qu\u00edmica debido a la gran cantidad de combustible que se derram\u00f3 sobre la calzada.<\/p>\n<p style=\"text-align: justify;\">La informaci\u00f3n fue entregada por el capit\u00e1n de Carabineros <strong>Gast\u00f3n Zamorano<\/strong>, quien al referirse al grave accidente se\u00f1al\u00f3 que debido al impacto el cami\u00f3n cisterna se rompi\u00f3, derramando su contenido en la carretera, <em>\u00ablo que fue controlado por personal de Bomberos, se mantuvo la ruta cortada y ya al d\u00eda de hoy <\/em>(ayer)<em> se encontraba habilitada. Estuvieron trabajando casi toda la noche controlando el derrame de combustible\u00bb,<\/em> dijo.<\/p>\n<p style=\"text-align: justify;\">&#8211; <strong>\u00bfFue una colisi\u00f3n?<\/strong><\/p>\n<p style=\"text-align: justify;\">&#8211; Una colisi\u00f3n entre dos camiones, y la cisterna del cambi\u00f3n de combustible, por alguna raz\u00f3n, rompi\u00f3 y derram\u00f3 el combustible.<\/p>\n<p style=\"text-align: justify;\">&#8211; <strong>\u00bfPersonas heridas?<\/strong><\/p>\n<p style=\"text-align: justify;\">&#8211; No, solamente las lesiones por el uso del cintur\u00f3n de seguridad, pero nada de gravedad.<\/p>\n<p style=\"text-align: justify;\">Indic\u00f3 que cerca de las 8 de la ma\u00f1ana de ayer la pista ya estaba despejada.<\/p>\n<p style=\"text-align: justify;\">Todos los antecedentes fueron puestos a disposici\u00f3n de la Fiscal\u00eda Local de San Felipe.<\/p>\n<figure id=\"attachment_111299\" aria-describedby=\"caption-attachment-111299\" style=\"width: 698px\" class=\"wp-caption alignnone\"><img data-recalc-dims=\"1\" loading=\"lazy\" decoding=\"async\" class=\"size-full wp-image-111299\" src=\"https:\/\/i0.wp.com\/eltrabajo.cl\/portal\/wp-content\/uploads\/2021\/11\/Camion.jpg?resize=640%2C509&#038;ssl=1\" alt=\"Arriba el cami\u00f3n cisterna de la empresa ENEX que transportaba combustible. Abajo el otro cami\u00f3n participante en este accidente.\" width=\"640\" height=\"509\" srcset=\"https:\/\/i0.wp.com\/eltrabajo.cl\/portal\/wp-content\/uploads\/2021\/11\/Camion.jpg?w=698&amp;ssl=1 698w, https:\/\/i0.wp.com\/eltrabajo.cl\/portal\/wp-content\/uploads\/2021\/11\/Camion.jpg?resize=300%2C239&amp;ssl=1 300w, https:\/\/i0.wp.com\/eltrabajo.cl\/portal\/wp-content\/uploads\/2021\/11\/Camion.jpg?resize=189%2C150&amp;ssl=1 189w, https:\/\/i0.wp.com\/eltrabajo.cl\/portal\/wp-content\/uploads\/2021\/11\/Camion.jpg?resize=696%2C553&amp;ssl=1 696w\" sizes=\"auto, (max-width: 640px) 100vw, 640px\" \/><figcaption id=\"caption-attachment-111299\" class=\"wp-caption-text\">Arriba el cami\u00f3n cisterna de la empresa ENEX que transportaba combustible. Abajo el otro cami\u00f3n participante en este accidente.<\/figcaption><\/figure>\n","protected":false},"excerpt":{"rendered":"<p>Abundante combustible derramado en la calzada: Dos camiones chocaron este martes en la noche en el sector de Chagres en la comuna de Catemu, uno de los cuales transportaba combustible. Aunque no&#8230;<\/p>\n","protected":false},"author":482,"featured_media":111299,"comment_status":"closed","ping_status":"open","sticky":false,"template":"","format":"standard","meta":{"advanced_seo_description":"","jetpack_seo_html_title":"","jetpack_seo_noindex":false,"_jetpack_memberships_contains_paid_content":false,"footnotes":""},"categories":[21],"tags":[],"class_list":["post-111298","post","type-post","status-publish","format-standard","has-post-thumbnail","hentry","category-policial"],"jetpack_featured_media_url":"https:\/\/i0.wp.com\/eltrabajo.cl\/portal\/wp-content\/uploads\/2021\/11\/Camion.jpg?fit=698%2C555&ssl=1","jetpack_sharing_enabled":true,"jetpack_likes_enabled":true,"jetpack-related-posts":[],"_links":{"self":[{"href":"https:\/\/eltrabajo.cl\/portal\/wp-json\/wp\/v2\/posts\/111298","targetHints":{"allow":["GET"]}}],"collection":[{"href":"https:\/\/eltrabajo.cl\/portal\/wp-json\/wp\/v2\/posts"}],"about":[{"href":"https:\/\/eltrabajo.cl\/portal\/wp-json\/wp\/v2\/types\/post"}],"author":[{"embeddable":true,"href":"https:\/\/eltrabajo.cl\/portal\/wp-json\/wp\/v2\/users\/482"}],"replies":[{"embeddable":true,"href":"https:\/\/eltrabajo.cl\/portal\/wp-json\/wp\/v2\/comments?post=111298"}],"version-history":[{"count":0,"href":"https:\/\/eltrabajo.cl\/portal\/wp-json\/wp\/v2\/posts\/111298\/revisions"}],"wp:featuredmedia":[{"embeddable":true,"href":"https:\/\/eltrabajo.cl\/portal\/wp-json\/wp\/v2\/media\/111299"}],"wp:attachment":[{"href":"https:\/\/eltrabajo.cl\/portal\/wp-json\/wp\/v2\/media?parent=111298"}],"wp:term":[{"taxonomy":"category","embeddable":true,"href":"https:\/\/eltrabajo.cl\/portal\/wp-json\/wp\/v2\/categories?post=111298"},{"taxonomy":"post_tag","embeddable":true,"href":"https:\/\/eltrabajo.cl\/portal\/wp-json\/wp\/v2\/tags?post=111298"}],"curies":[{"name":"wp","href":"https:\/\/api.w.org\/{rel}","templated":true}]}}