{"id":111301,"date":"2021-11-18T08:00:46","date_gmt":"2021-11-18T11:00:46","guid":{"rendered":"https:\/\/eltrabajo.cl\/portal\/?p=111301"},"modified":"2021-11-17T21:36:49","modified_gmt":"2021-11-18T00:36:49","slug":"irresponsable-conductor-choca-vehiculo-con-pasajeros-y-se-da-a-la-fuga","status":"publish","type":"post","link":"https:\/\/eltrabajo.cl\/portal\/irresponsable-conductor-choca-vehiculo-con-pasajeros-y-se-da-a-la-fuga\/","title":{"rendered":"Irresponsable conductor choca veh\u00edculo con pasajeros y se da a la fuga"},"content":{"rendered":"<p style=\"text-align: left;\"><span style=\"color: #ff0000;\"><strong>Beb\u00e9 de meses entre los afectados:<\/strong><\/span><\/p>\n<p style=\"text-align: justify;\">Una colisi\u00f3n vehicular se registr\u00f3 este jueves a las 14:00 horas en la esquina de Hermanos Carrera con Luis Guajardo Guerrero, lo que gener\u00f3 que una persona resultara lesionada de mediana consideraci\u00f3n.<\/p>\n<p style=\"text-align: justify;\">Se trata del conductor de un veh\u00edculo rojo que se dirig\u00eda por Hermanos Carrera en direcci\u00f3n al poniente, quien al cruzar la intersecci\u00f3n con calle Luis Gajardo fue colisionado en el costado por otro veh\u00edculo menor que se desplazaba por esta \u00faltima arteria, quien tras el impacto se dio a la fuga por Hermanos Carrera, dejando en shock a los ocupantes del veh\u00edculo colisionado, entre ellos una guagua de apenas meses de vida.<\/p>\n<p style=\"text-align: justify;\">Al lugar de los hechos acudieron una patrulla de Carabineros, ambulancia del SAMU, la unidad R-3 de Bomberos y las c\u00e1maras de <strong>Diario El Trabajo<\/strong>.<\/p>\n<p style=\"text-align: justify;\">Algunos vecinos residentes del sector reclamaban a nuestro medio, que desde que se habilit\u00f3 esa arteria vehicular ellos han solicitado al Municipio la instalaci\u00f3n de reductores de velocidad o bien un sem\u00e1foro, pues al frente del lugar del incidente est\u00e1 ubicada la Escuela Bernardo O\u2019Higgins, lo que merece ser tomado en cuenta por las autoridades.<\/p>\n<p style=\"text-align: justify;\"><strong>Roberto Gonz\u00e1lez Short<\/strong><\/p>\n<figure id=\"attachment_111302\" aria-describedby=\"caption-attachment-111302\" style=\"width: 699px\" class=\"wp-caption alignnone\"><img data-recalc-dims=\"1\" loading=\"lazy\" decoding=\"async\" class=\"size-full wp-image-111302\" src=\"https:\/\/i0.wp.com\/eltrabajo.cl\/portal\/wp-content\/uploads\/2021\/11\/Fugado1.jpg?resize=640%2C411&#038;ssl=1\" alt=\"SALVOS DE MILAGRO.- El conductor de este veh\u00edculo, en primer plano, ve con impotencia c\u00f3mo sus familiares y \u00e9l mismo corrieron grave peligro tras la embestida del temerario chofer que conduc\u00eda el otro auto y se dio a la fuga.\" width=\"640\" height=\"411\" srcset=\"https:\/\/i0.wp.com\/eltrabajo.cl\/portal\/wp-content\/uploads\/2021\/11\/Fugado1.jpg?w=699&amp;ssl=1 699w, https:\/\/i0.wp.com\/eltrabajo.cl\/portal\/wp-content\/uploads\/2021\/11\/Fugado1.jpg?resize=300%2C193&amp;ssl=1 300w, https:\/\/i0.wp.com\/eltrabajo.cl\/portal\/wp-content\/uploads\/2021\/11\/Fugado1.jpg?resize=200%2C128&amp;ssl=1 200w, https:\/\/i0.wp.com\/eltrabajo.cl\/portal\/wp-content\/uploads\/2021\/11\/Fugado1.jpg?resize=696%2C447&amp;ssl=1 696w\" sizes=\"auto, (max-width: 640px) 100vw, 640px\" \/><figcaption id=\"caption-attachment-111302\" class=\"wp-caption-text\">SALVOS DE MILAGRO.- El conductor de este veh\u00edculo, en primer plano, ve con impotencia c\u00f3mo sus familiares y \u00e9l mismo corrieron grave peligro tras la embestida del temerario chofer que conduc\u00eda el otro auto y se dio a la fuga.<\/figcaption><\/figure>\n<figure id=\"attachment_111303\" aria-describedby=\"caption-attachment-111303\" style=\"width: 699px\" class=\"wp-caption alignnone\"><img data-recalc-dims=\"1\" loading=\"lazy\" decoding=\"async\" class=\"size-full wp-image-111303\" src=\"https:\/\/i0.wp.com\/eltrabajo.cl\/portal\/wp-content\/uploads\/2021\/11\/Fugado2.jpg?resize=640%2C835&#038;ssl=1\" alt=\"LO M\u00c1S VALIOSO.- Esta madre protectora carga en sus brazos lo m\u00e1s valioso para ella, un peque\u00f1ito de apenas meses de vida, quien viajaba en el veh\u00edculo chocado.\" width=\"640\" height=\"835\" srcset=\"https:\/\/i0.wp.com\/eltrabajo.cl\/portal\/wp-content\/uploads\/2021\/11\/Fugado2.jpg?w=699&amp;ssl=1 699w, https:\/\/i0.wp.com\/eltrabajo.cl\/portal\/wp-content\/uploads\/2021\/11\/Fugado2.jpg?resize=230%2C300&amp;ssl=1 230w, https:\/\/i0.wp.com\/eltrabajo.cl\/portal\/wp-content\/uploads\/2021\/11\/Fugado2.jpg?resize=115%2C150&amp;ssl=1 115w, https:\/\/i0.wp.com\/eltrabajo.cl\/portal\/wp-content\/uploads\/2021\/11\/Fugado2.jpg?resize=696%2C908&amp;ssl=1 696w\" sizes=\"auto, (max-width: 640px) 100vw, 640px\" \/><figcaption id=\"caption-attachment-111303\" class=\"wp-caption-text\">LO M\u00c1S VALIOSO.- Esta madre protectora carga en sus brazos lo m\u00e1s valioso para ella, un peque\u00f1ito de apenas meses de vida, quien viajaba en el veh\u00edculo chocado.<\/figcaption><\/figure>\n<figure id=\"attachment_111304\" aria-describedby=\"caption-attachment-111304\" style=\"width: 698px\" class=\"wp-caption alignnone\"><img data-recalc-dims=\"1\" loading=\"lazy\" decoding=\"async\" class=\"size-full wp-image-111304\" src=\"https:\/\/i0.wp.com\/eltrabajo.cl\/portal\/wp-content\/uploads\/2021\/11\/Fugados4.jpg?resize=640%2C427&#038;ssl=1\" alt=\"SOLICITAN SEM\u00c1FORO.- Estas vecinas solicitan a las autoridades la instalaci\u00f3n de un sem\u00e1foro en ese sector, pues los peatones y escolares deben esquivar los autos al cruzar.\" width=\"640\" height=\"427\" srcset=\"https:\/\/i0.wp.com\/eltrabajo.cl\/portal\/wp-content\/uploads\/2021\/11\/Fugados4.jpg?w=698&amp;ssl=1 698w, https:\/\/i0.wp.com\/eltrabajo.cl\/portal\/wp-content\/uploads\/2021\/11\/Fugados4.jpg?resize=300%2C200&amp;ssl=1 300w, https:\/\/i0.wp.com\/eltrabajo.cl\/portal\/wp-content\/uploads\/2021\/11\/Fugados4.jpg?resize=200%2C134&amp;ssl=1 200w, https:\/\/i0.wp.com\/eltrabajo.cl\/portal\/wp-content\/uploads\/2021\/11\/Fugados4.jpg?resize=696%2C465&amp;ssl=1 696w\" sizes=\"auto, (max-width: 640px) 100vw, 640px\" \/><figcaption id=\"caption-attachment-111304\" class=\"wp-caption-text\">SOLICITAN SEM\u00c1FORO.- Estas vecinas solicitan a las autoridades la instalaci\u00f3n de un sem\u00e1foro en ese sector, pues los peatones y escolares deben esquivar los autos al cruzar.<\/figcaption><\/figure>\n","protected":false},"excerpt":{"rendered":"<p>Beb\u00e9 de meses entre los afectados: Una colisi\u00f3n vehicular se registr\u00f3 este jueves a las 14:00 horas en la esquina de Hermanos Carrera con Luis Guajardo Guerrero, lo que gener\u00f3 que una&#8230;<\/p>\n","protected":false},"author":482,"featured_media":111302,"comment_status":"closed","ping_status":"open","sticky":false,"template":"","format":"standard","meta":{"advanced_seo_description":"","jetpack_seo_html_title":"","jetpack_seo_noindex":false,"_jetpack_memberships_contains_paid_content":false,"footnotes":""},"categories":[21],"tags":[],"class_list":["post-111301","post","type-post","status-publish","format-standard","has-post-thumbnail","hentry","category-policial"],"jetpack_featured_media_url":"https:\/\/i0.wp.com\/eltrabajo.cl\/portal\/wp-content\/uploads\/2021\/11\/Fugado1.jpg?fit=699%2C449&ssl=1","jetpack_sharing_enabled":true,"jetpack_likes_enabled":true,"jetpack-related-posts":[],"_links":{"self":[{"href":"https:\/\/eltrabajo.cl\/portal\/wp-json\/wp\/v2\/posts\/111301","targetHints":{"allow":["GET"]}}],"collection":[{"href":"https:\/\/eltrabajo.cl\/portal\/wp-json\/wp\/v2\/posts"}],"about":[{"href":"https:\/\/eltrabajo.cl\/portal\/wp-json\/wp\/v2\/types\/post"}],"author":[{"embeddable":true,"href":"https:\/\/eltrabajo.cl\/portal\/wp-json\/wp\/v2\/users\/482"}],"replies":[{"embeddable":true,"href":"https:\/\/eltrabajo.cl\/portal\/wp-json\/wp\/v2\/comments?post=111301"}],"version-history":[{"count":0,"href":"https:\/\/eltrabajo.cl\/portal\/wp-json\/wp\/v2\/posts\/111301\/revisions"}],"wp:featuredmedia":[{"embeddable":true,"href":"https:\/\/eltrabajo.cl\/portal\/wp-json\/wp\/v2\/media\/111302"}],"wp:attachment":[{"href":"https:\/\/eltrabajo.cl\/portal\/wp-json\/wp\/v2\/media?parent=111301"}],"wp:term":[{"taxonomy":"category","embeddable":true,"href":"https:\/\/eltrabajo.cl\/portal\/wp-json\/wp\/v2\/categories?post=111301"},{"taxonomy":"post_tag","embeddable":true,"href":"https:\/\/eltrabajo.cl\/portal\/wp-json\/wp\/v2\/tags?post=111301"}],"curies":[{"name":"wp","href":"https:\/\/api.w.org\/{rel}","templated":true}]}}