{"id":111325,"date":"2021-11-19T07:55:14","date_gmt":"2021-11-19T10:55:14","guid":{"rendered":"https:\/\/eltrabajo.cl\/portal\/?p=111325"},"modified":"2021-11-18T22:22:36","modified_gmt":"2021-11-19T01:22:36","slug":"es-el-colmo-vecina-denuncia-robo-de-basurero-frente-a-su-casa","status":"publish","type":"post","link":"https:\/\/eltrabajo.cl\/portal\/es-el-colmo-vecina-denuncia-robo-de-basurero-frente-a-su-casa\/","title":{"rendered":"\u00a1Es el colmo! Vecina denuncia robo de basurero frente a su casa"},"content":{"rendered":"<ul style=\"text-align: justify;\">\n<li style=\"text-align: left;\"><strong>\u00abYo ten\u00eda un tarro grande, pasa un tipo en bicicleta, lo agarra y se lo lleva\u00bb, sostuvo la afectada, revelando un hecho que sucede con m\u00e1s frecuencia de lo que uno podr\u00eda imaginarse.<\/strong><\/li>\n<\/ul>\n<p style=\"text-align: justify;\">\u00a1Ya es el colmo! Ni siquiera los basureros se salvan de la delincuencia, porque en varios lugares ha sucedido que se los est\u00e1n robando.<\/p>\n<p style=\"text-align: justify;\">Uno de los \u00faltimos ocurri\u00f3 la madrugada de este d\u00eda mi\u00e9rcoles en Villa Las Gardenias. As\u00ed lo relata la vecina <strong>Sandra<\/strong>, quien confirma que no es la primera vez <em>\u00abporque ya se han visto videos donde est\u00e1 pasando en todos los sectores de San Felipe, y en mi caso les cuento que el cami\u00f3n de la basura pasa tarde, tipo 01:00 a 01:30 horas AM, entonces no todos los vecinos salimos a recoger su tarrito. Yo ten\u00eda un tarro grande, de esos con rueda, y a eso de las 02:05 de la ma\u00f1ana, lo s\u00e9 porque tengo c\u00e1maras, pasa un tipo en bicicleta, si es que no me equivoco una mini, con el gorro del poler\u00f3n puesto. Entra primero al pasaje, yo vivo en 2 Oriente que es un pasaje de salida, pero \u00e9l entra en bicicleta y a los 2-3 minutos viene de vuelta, agarra mi tarro y se lo lleva\u00bb,<\/em> se\u00f1ala.<\/p>\n<p style=\"text-align: justify;\">\u00ab<em>Es un tarrito, pero es la acci\u00f3n la que molesta. Bueno yo lo echo a la talla, al tipo que me haya robado el tarro, le aviso y le dejo la tapa, porque me qued\u00e9 con la pura tapa. Pero es peligroso, o sea de repente los ni\u00f1itos salen a jugar, cualquier cosita, el gallo va a andar atento a lo que pueda encontrar\u00bb,<\/em> dice Sandra.<\/p>\n<p style=\"text-align: justify;\">El recept\u00e1culo corresponde a uno grande, de pl\u00e1stico, con ruedas, al que se le saca la tapa. No es el que lleva la tapa vaiv\u00e9n. Est\u00e1 avaluado en unos 20 mil pesos aproximadamente: <em>\u00abIgual no era un tarro nuevo, pero es un bien de uno, o sea aqu\u00ed en esta Villa hasta el momento es tranquilo, porque tiene una entrada y una salida solamente, o sea el que entre a robar va a tener que buscar una de las dos v\u00edas para salir, pero como usted ve ni eso los detiene\u00bb,<\/em> dice Sandra.<\/p>\n<p style=\"text-align: justify;\">&#8211; <strong>\u00bfEs preocupante el hecho que alguien llegue a robar?<\/strong><\/p>\n<p style=\"text-align: justify;\">&#8211; Claro, claro porque imag\u00ednese aqu\u00ed hay gente adulta que vive muchos a\u00f1os aqu\u00ed, due\u00f1os de las casas, bueno los m\u00e1s nuevos son los arrendatarios. Entonces imag\u00ednese una persona que est\u00e9 sola, que un \u2018gallo\u2019 salte la reja. En todo caso aqu\u00ed varios vecinos tenemos c\u00e1maras, pero de todas maneras a ellos no les importa nada.<\/p>\n<p style=\"text-align: justify;\">&#8211; <strong>\u00bfHa sabido de m\u00e1s robos de este tipo de especie?<\/strong><\/p>\n<p style=\"text-align: justify;\">&#8211; Mire, yo vi un video en las redes sociales de uno que robaron en El Se\u00f1orial, por eso decid\u00ed enviar el video a mi WhatsApp para que nos empecemos a ayudar entre todos a poder pillar a esta gente. Usted sabe que ellos lo venden por una mugre para poder salvarse de sus adicciones, es para eso. Habemos muchos vecinos que tenemos dos autos y dejamos uno afuera, estamos con la preocupaci\u00f3n. Aqu\u00ed la gente es s\u00faper tranquila, todos se conocen, pero imag\u00ednese de una entrada y salida el \u2018gallo\u2019 agarra el tarro y se lo lleva as\u00ed como si nada.<\/p>\n<p style=\"text-align: justify;\">&#8211; <strong>\u00bfReiterar el llamado a los vecinos a estar atentos?<\/strong><\/p>\n<p style=\"text-align: justify;\">&#8211; Claro, a estar atentos, y los que tengan c\u00e1maras que las revisen, las env\u00eden a las redes sociales para que funemos a esta gente, porque no es posible que tengamos que tener nosotros las cosas amarradas, enrejadas por ellos, y ellos andan como si nada por la calle.<\/p>\n<p style=\"text-align: justify;\">Al finalizar nos cuenta que supo del robo de dos paltos a una vecina que los iba a plantar en un terreno que tiene. Tambi\u00e9n a otra le robaron dos plantas desde su antejard\u00edn. Se enter\u00f3 adem\u00e1s que tuvieron que corretear a un sujeto que andaba con dos chaquetas en la mano mirando hacia los domicilios.<\/p>\n<figure id=\"attachment_111326\" aria-describedby=\"caption-attachment-111326\" style=\"width: 697px\" class=\"wp-caption alignnone\"><img data-recalc-dims=\"1\" loading=\"lazy\" decoding=\"async\" class=\"size-full wp-image-111326\" src=\"https:\/\/i0.wp.com\/eltrabajo.cl\/portal\/wp-content\/uploads\/2021\/11\/robo-1.jpg?resize=640%2C283&#038;ssl=1\" alt=\"Imagen de las c\u00e1maras de vigilancia donde se ve un bulto de un sujeto que pasa por el lugar.\" width=\"640\" height=\"283\" srcset=\"https:\/\/i0.wp.com\/eltrabajo.cl\/portal\/wp-content\/uploads\/2021\/11\/robo-1.jpg?w=697&amp;ssl=1 697w, https:\/\/i0.wp.com\/eltrabajo.cl\/portal\/wp-content\/uploads\/2021\/11\/robo-1.jpg?resize=300%2C133&amp;ssl=1 300w, https:\/\/i0.wp.com\/eltrabajo.cl\/portal\/wp-content\/uploads\/2021\/11\/robo-1.jpg?resize=200%2C88&amp;ssl=1 200w\" sizes=\"auto, (max-width: 640px) 100vw, 640px\" \/><figcaption id=\"caption-attachment-111326\" class=\"wp-caption-text\">Imagen de las c\u00e1maras de vigilancia donde se ve un bulto de un sujeto que pasa por el lugar.<\/figcaption><\/figure>\n","protected":false},"excerpt":{"rendered":"<p>\u00abYo ten\u00eda un tarro grande, pasa un tipo en bicicleta, lo agarra y se lo lleva\u00bb, sostuvo la afectada, revelando un hecho que sucede con m\u00e1s frecuencia de lo que uno podr\u00eda&#8230;<\/p>\n","protected":false},"author":482,"featured_media":111326,"comment_status":"closed","ping_status":"open","sticky":false,"template":"","format":"standard","meta":{"advanced_seo_description":"","jetpack_seo_html_title":"","jetpack_seo_noindex":false,"_jetpack_memberships_contains_paid_content":false,"footnotes":""},"categories":[21],"tags":[],"class_list":["post-111325","post","type-post","status-publish","format-standard","has-post-thumbnail","hentry","category-policial"],"jetpack_featured_media_url":"https:\/\/i0.wp.com\/eltrabajo.cl\/portal\/wp-content\/uploads\/2021\/11\/robo-1.jpg?fit=697%2C308&ssl=1","jetpack_sharing_enabled":true,"jetpack_likes_enabled":true,"jetpack-related-posts":[],"_links":{"self":[{"href":"https:\/\/eltrabajo.cl\/portal\/wp-json\/wp\/v2\/posts\/111325","targetHints":{"allow":["GET"]}}],"collection":[{"href":"https:\/\/eltrabajo.cl\/portal\/wp-json\/wp\/v2\/posts"}],"about":[{"href":"https:\/\/eltrabajo.cl\/portal\/wp-json\/wp\/v2\/types\/post"}],"author":[{"embeddable":true,"href":"https:\/\/eltrabajo.cl\/portal\/wp-json\/wp\/v2\/users\/482"}],"replies":[{"embeddable":true,"href":"https:\/\/eltrabajo.cl\/portal\/wp-json\/wp\/v2\/comments?post=111325"}],"version-history":[{"count":0,"href":"https:\/\/eltrabajo.cl\/portal\/wp-json\/wp\/v2\/posts\/111325\/revisions"}],"wp:featuredmedia":[{"embeddable":true,"href":"https:\/\/eltrabajo.cl\/portal\/wp-json\/wp\/v2\/media\/111326"}],"wp:attachment":[{"href":"https:\/\/eltrabajo.cl\/portal\/wp-json\/wp\/v2\/media?parent=111325"}],"wp:term":[{"taxonomy":"category","embeddable":true,"href":"https:\/\/eltrabajo.cl\/portal\/wp-json\/wp\/v2\/categories?post=111325"},{"taxonomy":"post_tag","embeddable":true,"href":"https:\/\/eltrabajo.cl\/portal\/wp-json\/wp\/v2\/tags?post=111325"}],"curies":[{"name":"wp","href":"https:\/\/api.w.org\/{rel}","templated":true}]}}