{"id":111341,"date":"2021-11-22T07:35:27","date_gmt":"2021-11-22T10:35:27","guid":{"rendered":"https:\/\/eltrabajo.cl\/portal\/?p=111341"},"modified":"2021-11-22T01:28:57","modified_gmt":"2021-11-22T04:28:57","slug":"sorpresiva-derrota-de-san-felipe-basket-en-la-liga-de-desarrollo","status":"publish","type":"post","link":"https:\/\/eltrabajo.cl\/portal\/sorpresiva-derrota-de-san-felipe-basket-en-la-liga-de-desarrollo\/","title":{"rendered":"Sorpresiva derrota de San Felipe Basket en la Liga de Desarrollo"},"content":{"rendered":"<p style=\"text-align: justify;\">En una ca\u00edda que provoc\u00f3 sorpresa en el ambiente cestero local se convirti\u00f3 la derrota de 77-50 (12-25; 15-15; 25-3; 25-7) sufrida por el quinteto de San Felipe Basket a manos de Villa Alemana, en el primer partido de la nueva llave eliminatoria de postemporada de la Liga de Desarrollo.<\/p>\n<p style=\"text-align: justify;\">El equipo sanfelipe\u00f1o que hasta el s\u00e1bado luc\u00eda n\u00fameros perfectos en la competencia organizada por la Federaci\u00f3n de B\u00e1squetbol de Chile, se inclin\u00f3 como forastero en el duelo disputado durante la tarde de este s\u00e1bado en la comuna perteneciente a la provincia del Marga Marga.<\/p>\n<p style=\"text-align: justify;\">La derrota obligar\u00e1 al conjunto sanfelipe\u00f1o a ganar la revancha por una importante diferencia de goles para poder seguir \u2018vivos\u2019 en la competencia.<\/p>\n<figure id=\"attachment_111342\" aria-describedby=\"caption-attachment-111342\" style=\"width: 699px\" class=\"wp-caption alignnone\"><img data-recalc-dims=\"1\" loading=\"lazy\" decoding=\"async\" class=\"size-full wp-image-111342\" src=\"https:\/\/i0.wp.com\/eltrabajo.cl\/portal\/wp-content\/uploads\/2021\/11\/San-Felipe-Basket-1.jpg?resize=640%2C471&#038;ssl=1\" alt=\"Por la Liga de Desarrollo San Felipe Basket cay\u00f3 sorpresivamente ante Villa Alemana.\" width=\"640\" height=\"471\" srcset=\"https:\/\/i0.wp.com\/eltrabajo.cl\/portal\/wp-content\/uploads\/2021\/11\/San-Felipe-Basket-1.jpg?w=699&amp;ssl=1 699w, https:\/\/i0.wp.com\/eltrabajo.cl\/portal\/wp-content\/uploads\/2021\/11\/San-Felipe-Basket-1.jpg?resize=300%2C221&amp;ssl=1 300w, https:\/\/i0.wp.com\/eltrabajo.cl\/portal\/wp-content\/uploads\/2021\/11\/San-Felipe-Basket-1.jpg?resize=200%2C147&amp;ssl=1 200w, https:\/\/i0.wp.com\/eltrabajo.cl\/portal\/wp-content\/uploads\/2021\/11\/San-Felipe-Basket-1.jpg?resize=696%2C512&amp;ssl=1 696w\" sizes=\"auto, (max-width: 640px) 100vw, 640px\" \/><figcaption id=\"caption-attachment-111342\" class=\"wp-caption-text\">Por la Liga de Desarrollo San Felipe Basket cay\u00f3 sorpresivamente ante Villa Alemana.<\/figcaption><\/figure>\n","protected":false},"excerpt":{"rendered":"<p>En una ca\u00edda que provoc\u00f3 sorpresa en el ambiente cestero local se convirti\u00f3 la derrota de 77-50 (12-25; 15-15; 25-3; 25-7) sufrida por el quinteto de San Felipe Basket a manos de&#8230;<\/p>\n","protected":false},"author":482,"featured_media":111342,"comment_status":"closed","ping_status":"open","sticky":false,"template":"","format":"standard","meta":{"advanced_seo_description":"","jetpack_seo_html_title":"","jetpack_seo_noindex":false,"_jetpack_memberships_contains_paid_content":false,"footnotes":""},"categories":[19],"tags":[],"class_list":["post-111341","post","type-post","status-publish","format-standard","has-post-thumbnail","hentry","category-deportes"],"jetpack_featured_media_url":"https:\/\/i0.wp.com\/eltrabajo.cl\/portal\/wp-content\/uploads\/2021\/11\/San-Felipe-Basket-1.jpg?fit=699%2C514&ssl=1","jetpack_sharing_enabled":true,"jetpack_likes_enabled":true,"jetpack-related-posts":[],"_links":{"self":[{"href":"https:\/\/eltrabajo.cl\/portal\/wp-json\/wp\/v2\/posts\/111341","targetHints":{"allow":["GET"]}}],"collection":[{"href":"https:\/\/eltrabajo.cl\/portal\/wp-json\/wp\/v2\/posts"}],"about":[{"href":"https:\/\/eltrabajo.cl\/portal\/wp-json\/wp\/v2\/types\/post"}],"author":[{"embeddable":true,"href":"https:\/\/eltrabajo.cl\/portal\/wp-json\/wp\/v2\/users\/482"}],"replies":[{"embeddable":true,"href":"https:\/\/eltrabajo.cl\/portal\/wp-json\/wp\/v2\/comments?post=111341"}],"version-history":[{"count":0,"href":"https:\/\/eltrabajo.cl\/portal\/wp-json\/wp\/v2\/posts\/111341\/revisions"}],"wp:featuredmedia":[{"embeddable":true,"href":"https:\/\/eltrabajo.cl\/portal\/wp-json\/wp\/v2\/media\/111342"}],"wp:attachment":[{"href":"https:\/\/eltrabajo.cl\/portal\/wp-json\/wp\/v2\/media?parent=111341"}],"wp:term":[{"taxonomy":"category","embeddable":true,"href":"https:\/\/eltrabajo.cl\/portal\/wp-json\/wp\/v2\/categories?post=111341"},{"taxonomy":"post_tag","embeddable":true,"href":"https:\/\/eltrabajo.cl\/portal\/wp-json\/wp\/v2\/tags?post=111341"}],"curies":[{"name":"wp","href":"https:\/\/api.w.org\/{rel}","templated":true}]}}