{"id":111376,"date":"2021-11-23T07:40:23","date_gmt":"2021-11-23T10:40:23","guid":{"rendered":"https:\/\/eltrabajo.cl\/portal\/?p=111376"},"modified":"2021-11-22T22:22:25","modified_gmt":"2021-11-23T01:22:25","slug":"promesa-de-san-felipe-basket-a-la-argentina-con-la-rojita-de-todos","status":"publish","type":"post","link":"https:\/\/eltrabajo.cl\/portal\/promesa-de-san-felipe-basket-a-la-argentina-con-la-rojita-de-todos\/","title":{"rendered":"Promesa de San Felipe Basket a la Argentina con la \u2018Rojita de Todos\u2019"},"content":{"rendered":"<p style=\"text-align: justify;\">El joven y promisorio integrante del club San Felipe Basket, <strong>Gaspar Tapia<\/strong>, fue seleccionado para integrar la Selecci\u00f3n Chilena de B\u00e1squetbol U17, combinado que durante el mes de diciembre har\u00e1 una gira por Buenos Aires.<\/p>\n<p style=\"text-align: justify;\">La convocatoria del jugador es sin lugar a dudas una gran noticia para el baloncesto aconcag\u00fcino, ya que, con su ratificaci\u00f3n, Gaspar pas\u00f3 a integrar la n\u00f3mina definitiva del conjunto juvenil chileno que estar\u00e1 en la capital trasandina durante once d\u00edas, tiempo en el cual sostendr\u00e1 partidos con rivales de peso.<\/p>\n<p style=\"text-align: justify;\">Junto al aconcag\u00fcino, integran la \u2018Rojita de Todos\u2019 once jugadores m\u00e1s, sobresaliendo el hecho no menor que por la Quinta regi\u00f3n solo hubo dos convocados. Los dem\u00e1s seleccionados son de las asociaciones de Las Condes, Regi\u00f3n Metropolitana, Antofagasta, Osorno y Ancud.<\/p>\n<p style=\"text-align: justify;\">La Selecci\u00f3n Chilena masculina de b\u00e1squetbol menor de 17 a\u00f1os, tiene agendado partir el viernes 10 de diciembre hacia la Argentina, y su retorno al pa\u00eds est\u00e1 programado para el martes 21 del mismo mes.<\/p>\n<figure id=\"attachment_111377\" aria-describedby=\"caption-attachment-111377\" style=\"width: 699px\" class=\"wp-caption alignnone\"><img data-recalc-dims=\"1\" loading=\"lazy\" decoding=\"async\" class=\"size-full wp-image-111377\" src=\"https:\/\/i0.wp.com\/eltrabajo.cl\/portal\/wp-content\/uploads\/2021\/11\/Gaspar-Tapia.jpg?resize=640%2C553&#038;ssl=1\" alt=\"El joven integrante de San Felipe Basket formar\u00e1 parte de la Selecci\u00f3n Chilena Sub- 17 que en diciembre pr\u00f3ximo har\u00e1 una gira por la provincia de Buenos Aires.\" width=\"640\" height=\"553\" srcset=\"https:\/\/i0.wp.com\/eltrabajo.cl\/portal\/wp-content\/uploads\/2021\/11\/Gaspar-Tapia.jpg?w=699&amp;ssl=1 699w, https:\/\/i0.wp.com\/eltrabajo.cl\/portal\/wp-content\/uploads\/2021\/11\/Gaspar-Tapia.jpg?resize=300%2C259&amp;ssl=1 300w, https:\/\/i0.wp.com\/eltrabajo.cl\/portal\/wp-content\/uploads\/2021\/11\/Gaspar-Tapia.jpg?resize=174%2C150&amp;ssl=1 174w, https:\/\/i0.wp.com\/eltrabajo.cl\/portal\/wp-content\/uploads\/2021\/11\/Gaspar-Tapia.jpg?resize=696%2C601&amp;ssl=1 696w\" sizes=\"auto, (max-width: 640px) 100vw, 640px\" \/><figcaption id=\"caption-attachment-111377\" class=\"wp-caption-text\">El joven integrante de San Felipe Basket formar\u00e1 parte de la Selecci\u00f3n Chilena Sub- 17 que en diciembre pr\u00f3ximo har\u00e1 una gira por la provincia de Buenos Aires.<\/figcaption><\/figure>\n","protected":false},"excerpt":{"rendered":"<p>El joven y promisorio integrante del club San Felipe Basket, Gaspar Tapia, fue seleccionado para integrar la Selecci\u00f3n Chilena de B\u00e1squetbol U17, combinado que durante el mes de diciembre har\u00e1 una gira&#8230;<\/p>\n","protected":false},"author":482,"featured_media":111377,"comment_status":"closed","ping_status":"open","sticky":false,"template":"","format":"standard","meta":{"advanced_seo_description":"","jetpack_seo_html_title":"","jetpack_seo_noindex":false,"_jetpack_memberships_contains_paid_content":false,"footnotes":""},"categories":[19],"tags":[],"class_list":["post-111376","post","type-post","status-publish","format-standard","has-post-thumbnail","hentry","category-deportes"],"jetpack_featured_media_url":"https:\/\/i0.wp.com\/eltrabajo.cl\/portal\/wp-content\/uploads\/2021\/11\/Gaspar-Tapia.jpg?fit=699%2C604&ssl=1","jetpack_sharing_enabled":true,"jetpack_likes_enabled":true,"jetpack-related-posts":[],"_links":{"self":[{"href":"https:\/\/eltrabajo.cl\/portal\/wp-json\/wp\/v2\/posts\/111376","targetHints":{"allow":["GET"]}}],"collection":[{"href":"https:\/\/eltrabajo.cl\/portal\/wp-json\/wp\/v2\/posts"}],"about":[{"href":"https:\/\/eltrabajo.cl\/portal\/wp-json\/wp\/v2\/types\/post"}],"author":[{"embeddable":true,"href":"https:\/\/eltrabajo.cl\/portal\/wp-json\/wp\/v2\/users\/482"}],"replies":[{"embeddable":true,"href":"https:\/\/eltrabajo.cl\/portal\/wp-json\/wp\/v2\/comments?post=111376"}],"version-history":[{"count":0,"href":"https:\/\/eltrabajo.cl\/portal\/wp-json\/wp\/v2\/posts\/111376\/revisions"}],"wp:featuredmedia":[{"embeddable":true,"href":"https:\/\/eltrabajo.cl\/portal\/wp-json\/wp\/v2\/media\/111377"}],"wp:attachment":[{"href":"https:\/\/eltrabajo.cl\/portal\/wp-json\/wp\/v2\/media?parent=111376"}],"wp:term":[{"taxonomy":"category","embeddable":true,"href":"https:\/\/eltrabajo.cl\/portal\/wp-json\/wp\/v2\/categories?post=111376"},{"taxonomy":"post_tag","embeddable":true,"href":"https:\/\/eltrabajo.cl\/portal\/wp-json\/wp\/v2\/tags?post=111376"}],"curies":[{"name":"wp","href":"https:\/\/api.w.org\/{rel}","templated":true}]}}