{"id":111379,"date":"2021-11-23T07:45:49","date_gmt":"2021-11-23T10:45:49","guid":{"rendered":"https:\/\/eltrabajo.cl\/portal\/?p=111379"},"modified":"2021-11-22T22:23:51","modified_gmt":"2021-11-23T01:23:51","slug":"se-viene-un-gran-evento-de-ciclismo-en-el-valle-de-aconcagua","status":"publish","type":"post","link":"https:\/\/eltrabajo.cl\/portal\/se-viene-un-gran-evento-de-ciclismo-en-el-valle-de-aconcagua\/","title":{"rendered":"Se viene un gran evento de ciclismo en el valle de Aconcagua"},"content":{"rendered":"<p style=\"text-align: justify;\">La comuna de Santa Mar\u00eda fue la elegida para recibir la primera fecha del campeonato de ciclismo extremo en cerro MTB, \u2018Quinta Cordillera\u2019, evento que contar\u00e1 con la presencia y participaci\u00f3n de los m\u00e1s destacados exponentes de la zona y algunos nacionales.<\/p>\n<p style=\"text-align: justify;\">Si bien es cierto el torneo comenzar\u00e1 en diciembre pr\u00f3ximo, este corresponde a la temporada 2022, ya que la \u00faltima etapa de la competencia ser\u00e1 en el mes de noviembre del a\u00f1o entrante en la comuna de Llay Llay.<\/p>\n<p style=\"text-align: justify;\"><strong>Felipe L\u00f3pez<\/strong>, uno de los organizadores del certamen, entreg\u00f3 a <strong>El Trabajo Deportivo<\/strong> unos apuntes t\u00e9cnicos del trazado y caracter\u00edsticas de la prueba que se correr\u00e1 pr\u00f3ximamente\u00a0 en la localidad de Jahuel: <em>\u00abEs un circuito que tendr\u00e1 una distancia promedio de entre tres a cuatro kil\u00f3metros y medio; el que nosotros estamos presentando tiene cuatro kil\u00f3metros ochocientos metros, con varios giros y distintas dificultades, como lo son trampas y bajadas muy pronunciadas; tendr\u00e1 <\/em>(la ruta)<em> las mismas caracter\u00edsticas del circuito mundial, que ha ido evolucionando con el paso del tiempo, porque la gente busca m\u00e1s espect\u00e1culo y nosotros apostaremos a eso. Queremos darle mayor visibilidad al ciclismo de la zona, y es por eso que siempre quisimos hacer algo as\u00ed, ahora lo estamos logrando\u00bb,<\/em> cont\u00f3 el destacado miembro y directivo del club organizador G\u00e1rgolas SMA.<\/p>\n<p style=\"text-align: justify;\">Los interesados en ser parte de este torneo deber\u00e1n cancelar una inscripci\u00f3n de $15.000 (quince mil pesos) por prueba, o $90.000 (noventa mil pesos) que le dar\u00e1n el derecho a competir en las 7 etapas del circuito.<\/p>\n<p style=\"text-align: justify;\">Los interesados en ser parte de la competencia pueden pedir mayores antecedentes en las redes sociales del club G\u00e1rgolas SMA.<\/p>\n<figure id=\"attachment_111380\" aria-describedby=\"caption-attachment-111380\" style=\"width: 699px\" class=\"wp-caption alignnone\"><img data-recalc-dims=\"1\" loading=\"lazy\" decoding=\"async\" class=\"size-full wp-image-111380\" src=\"https:\/\/i0.wp.com\/eltrabajo.cl\/portal\/wp-content\/uploads\/2021\/11\/Ciclismo.jpg?resize=640%2C397&#038;ssl=1\" alt=\"Los y las mejores exponentes del MTB del valle y el pa\u00eds competir\u00e1n en el campeonato de MTB \u2018Quinta Cordillera\u2019.\" width=\"640\" height=\"397\" srcset=\"https:\/\/i0.wp.com\/eltrabajo.cl\/portal\/wp-content\/uploads\/2021\/11\/Ciclismo.jpg?w=699&amp;ssl=1 699w, https:\/\/i0.wp.com\/eltrabajo.cl\/portal\/wp-content\/uploads\/2021\/11\/Ciclismo.jpg?resize=300%2C186&amp;ssl=1 300w, https:\/\/i0.wp.com\/eltrabajo.cl\/portal\/wp-content\/uploads\/2021\/11\/Ciclismo.jpg?resize=200%2C124&amp;ssl=1 200w, https:\/\/i0.wp.com\/eltrabajo.cl\/portal\/wp-content\/uploads\/2021\/11\/Ciclismo.jpg?resize=696%2C432&amp;ssl=1 696w\" sizes=\"auto, (max-width: 640px) 100vw, 640px\" \/><figcaption id=\"caption-attachment-111380\" class=\"wp-caption-text\">Los y las mejores exponentes del MTB del valle y el pa\u00eds competir\u00e1n en el campeonato de MTB \u2018Quinta Cordillera\u2019.<\/figcaption><\/figure>\n","protected":false},"excerpt":{"rendered":"<p>La comuna de Santa Mar\u00eda fue la elegida para recibir la primera fecha del campeonato de ciclismo extremo en cerro MTB, \u2018Quinta Cordillera\u2019, evento que contar\u00e1 con la presencia y participaci\u00f3n de&#8230;<\/p>\n","protected":false},"author":482,"featured_media":111380,"comment_status":"closed","ping_status":"open","sticky":false,"template":"","format":"standard","meta":{"advanced_seo_description":"","jetpack_seo_html_title":"","jetpack_seo_noindex":false,"_jetpack_memberships_contains_paid_content":false,"footnotes":""},"categories":[19],"tags":[],"class_list":["post-111379","post","type-post","status-publish","format-standard","has-post-thumbnail","hentry","category-deportes"],"jetpack_featured_media_url":"https:\/\/i0.wp.com\/eltrabajo.cl\/portal\/wp-content\/uploads\/2021\/11\/Ciclismo.jpg?fit=699%2C434&ssl=1","jetpack_sharing_enabled":true,"jetpack_likes_enabled":true,"jetpack-related-posts":[],"_links":{"self":[{"href":"https:\/\/eltrabajo.cl\/portal\/wp-json\/wp\/v2\/posts\/111379","targetHints":{"allow":["GET"]}}],"collection":[{"href":"https:\/\/eltrabajo.cl\/portal\/wp-json\/wp\/v2\/posts"}],"about":[{"href":"https:\/\/eltrabajo.cl\/portal\/wp-json\/wp\/v2\/types\/post"}],"author":[{"embeddable":true,"href":"https:\/\/eltrabajo.cl\/portal\/wp-json\/wp\/v2\/users\/482"}],"replies":[{"embeddable":true,"href":"https:\/\/eltrabajo.cl\/portal\/wp-json\/wp\/v2\/comments?post=111379"}],"version-history":[{"count":0,"href":"https:\/\/eltrabajo.cl\/portal\/wp-json\/wp\/v2\/posts\/111379\/revisions"}],"wp:featuredmedia":[{"embeddable":true,"href":"https:\/\/eltrabajo.cl\/portal\/wp-json\/wp\/v2\/media\/111380"}],"wp:attachment":[{"href":"https:\/\/eltrabajo.cl\/portal\/wp-json\/wp\/v2\/media?parent=111379"}],"wp:term":[{"taxonomy":"category","embeddable":true,"href":"https:\/\/eltrabajo.cl\/portal\/wp-json\/wp\/v2\/categories?post=111379"},{"taxonomy":"post_tag","embeddable":true,"href":"https:\/\/eltrabajo.cl\/portal\/wp-json\/wp\/v2\/tags?post=111379"}],"curies":[{"name":"wp","href":"https:\/\/api.w.org\/{rel}","templated":true}]}}