{"id":111391,"date":"2021-11-23T08:00:22","date_gmt":"2021-11-23T11:00:22","guid":{"rendered":"https:\/\/eltrabajo.cl\/portal\/?p=111391"},"modified":"2021-11-22T22:31:31","modified_gmt":"2021-11-23T01:31:31","slug":"rabia-impotencia-y-dolor-tras-incendio-estructural-en-poblacion-el-esfuerzo","status":"publish","type":"post","link":"https:\/\/eltrabajo.cl\/portal\/rabia-impotencia-y-dolor-tras-incendio-estructural-en-poblacion-el-esfuerzo\/","title":{"rendered":"Rabia, impotencia y dolor tras incendio estructural en Poblaci\u00f3n El Esfuerzo"},"content":{"rendered":"<p style=\"text-align: left;\"><span style=\"color: #ff0000;\"><strong>Seis personas sufren millonarias p\u00e9rdidas en su hogar:<\/strong><\/span><\/p>\n<p style=\"text-align: justify;\">Un voraz incendio estructural se declar\u00f3 a las 18:50 horas de este lunes en Poblaci\u00f3n El Esfuerzo, en las inmediaciones de Diego de Almagro con Benigno Caldera.<\/p>\n<p style=\"text-align: justify;\">Luego de desatarse el fuego y que la gran columna de humo evidenciara la gravedad de la situaci\u00f3n, decenas de vecinos se dieron a la tarea de conseguir agua, sin embargo no fueron suficientes esos esfuerzos, pues la vivienda afectada se estaba consumiendo desde la parte de atr\u00e1s y cualquier manguera de jard\u00edn fue insuficiente para aplacar el siniestro.<\/p>\n<p style=\"text-align: justify;\">En la casa siniestrada viv\u00edan seis personas, entre ellas varios ni\u00f1os.<\/p>\n<p style=\"text-align: justify;\">Aunque hasta el cierre de nuestra edici\u00f3n y tras el r\u00e1pido accionar de seis compa\u00f1\u00edas de Bomberos, no se hab\u00edan registrado personas heridas o fallecidas por el incendio, las p\u00e9rdidas materiales son casi totales, por lo que seguramente esta familia necesitar\u00e1 del apoyo de nuestros lectores.<\/p>\n<p style=\"text-align: justify;\">\n<p style=\"text-align: justify;\"><span style=\"color: #ff0000;\">\u00abNO SABEMOS\u00a0LO QUE PAS\u00d3\u00bb<\/span><\/p>\n<p style=\"text-align: justify;\"><strong>Diario El Trabajo<\/strong> habl\u00f3 con el comandante de Bomberos <strong>Juan Carlos Herrera Lillo<\/strong>, quien nos entreg\u00f3 su informe preliminar al cierre de esta cr\u00f3nica.<\/p>\n<p style=\"text-align: justify;\">\u00ab<em>La verdad es que no sabemos qu\u00e9 es lo que ha sucedido en este incendio estructural de material ligero ac\u00e1 en Poblaci\u00f3n El Esfuerzo. La verdad es que hemos trabajado mucho para evitar que el fuego se propague, de momento es muy pronto para poder determinar las razones de este incendio, trabajan seis unidades del Cuerpo de Bomberos de San Felipe, el avance s\u00ed fue controlado, esperamos pronto tenerlo controlado al 100%\u00bb,<\/em> indic\u00f3 Herrera.<\/p>\n<p style=\"text-align: justify;\">Importante destacar la labor de los vecinos y de Carabineros, quienes ayudaron a evacuar a las personas y hasta una mascota del interior del inmueble en llamas.<\/p>\n<p style=\"text-align: justify;\"><strong>Roberto Gonz\u00e1lez Short<\/strong><\/p>\n<figure id=\"attachment_111392\" aria-describedby=\"caption-attachment-111392\" style=\"width: 699px\" class=\"wp-caption alignnone\"><img data-recalc-dims=\"1\" loading=\"lazy\" decoding=\"async\" class=\"size-full wp-image-111392\" src=\"https:\/\/i0.wp.com\/eltrabajo.cl\/portal\/wp-content\/uploads\/2021\/11\/Estructural1.jpg?resize=640%2C428&#038;ssl=1\" alt=\"LO PIERDEN TODO.- Este fue el escenario que ensombreci\u00f3 toda la poblaci\u00f3n El Esfuerzo la tarde de este lunes en las inmediaciones de Diego de Almagro con Benigno Caldera.\" width=\"640\" height=\"428\" srcset=\"https:\/\/i0.wp.com\/eltrabajo.cl\/portal\/wp-content\/uploads\/2021\/11\/Estructural1.jpg?w=699&amp;ssl=1 699w, https:\/\/i0.wp.com\/eltrabajo.cl\/portal\/wp-content\/uploads\/2021\/11\/Estructural1.jpg?resize=300%2C200&amp;ssl=1 300w, https:\/\/i0.wp.com\/eltrabajo.cl\/portal\/wp-content\/uploads\/2021\/11\/Estructural1.jpg?resize=200%2C134&amp;ssl=1 200w, https:\/\/i0.wp.com\/eltrabajo.cl\/portal\/wp-content\/uploads\/2021\/11\/Estructural1.jpg?resize=696%2C465&amp;ssl=1 696w\" sizes=\"auto, (max-width: 640px) 100vw, 640px\" \/><figcaption id=\"caption-attachment-111392\" class=\"wp-caption-text\">LO PIERDEN TODO.- Este fue el escenario que ensombreci\u00f3 toda la poblaci\u00f3n El Esfuerzo la tarde de este lunes en las inmediaciones de Diego de Almagro con Benigno Caldera.<\/figcaption><\/figure>\n<figure id=\"attachment_111394\" aria-describedby=\"caption-attachment-111394\" style=\"width: 699px\" class=\"wp-caption alignnone\"><img data-recalc-dims=\"1\" loading=\"lazy\" decoding=\"async\" class=\"size-full wp-image-111394\" src=\"https:\/\/i0.wp.com\/eltrabajo.cl\/portal\/wp-content\/uploads\/2021\/11\/Estructural5.jpg?resize=640%2C433&#038;ssl=1\" alt=\"TODOS AYUDANDO.- Aqu\u00ed tenemos a este otro vecino tirando l\u00edneas en media calle, hoy martes sabremos qu\u00e9 tan altas son las p\u00e9rdidas de esta familia.\" width=\"640\" height=\"433\" srcset=\"https:\/\/i0.wp.com\/eltrabajo.cl\/portal\/wp-content\/uploads\/2021\/11\/Estructural5.jpg?w=699&amp;ssl=1 699w, https:\/\/i0.wp.com\/eltrabajo.cl\/portal\/wp-content\/uploads\/2021\/11\/Estructural5.jpg?resize=300%2C203&amp;ssl=1 300w, https:\/\/i0.wp.com\/eltrabajo.cl\/portal\/wp-content\/uploads\/2021\/11\/Estructural5.jpg?resize=200%2C135&amp;ssl=1 200w, https:\/\/i0.wp.com\/eltrabajo.cl\/portal\/wp-content\/uploads\/2021\/11\/Estructural5.jpg?resize=696%2C471&amp;ssl=1 696w\" sizes=\"auto, (max-width: 640px) 100vw, 640px\" \/><figcaption id=\"caption-attachment-111394\" class=\"wp-caption-text\">TODOS AYUDANDO.- Aqu\u00ed tenemos a este otro vecino tirando l\u00edneas en media calle, hoy martes sabremos qu\u00e9 tan altas son las p\u00e9rdidas de esta familia.<\/figcaption><\/figure>\n<figure id=\"attachment_111393\" aria-describedby=\"caption-attachment-111393\" style=\"width: 700px\" class=\"wp-caption alignnone\"><img data-recalc-dims=\"1\" loading=\"lazy\" decoding=\"async\" class=\"size-full wp-image-111393\" src=\"https:\/\/i0.wp.com\/eltrabajo.cl\/portal\/wp-content\/uploads\/2021\/11\/Estructural2.jpg?resize=640%2C699&#038;ssl=1\" alt=\"IMPOTENCIA.- Estas vecinas ven con impotencia c\u00f3mo sus pertenencias y su hogar queda destruido por las llamas.\" width=\"640\" height=\"699\" srcset=\"https:\/\/i0.wp.com\/eltrabajo.cl\/portal\/wp-content\/uploads\/2021\/11\/Estructural2.jpg?w=700&amp;ssl=1 700w, https:\/\/i0.wp.com\/eltrabajo.cl\/portal\/wp-content\/uploads\/2021\/11\/Estructural2.jpg?resize=275%2C300&amp;ssl=1 275w, https:\/\/i0.wp.com\/eltrabajo.cl\/portal\/wp-content\/uploads\/2021\/11\/Estructural2.jpg?resize=137%2C150&amp;ssl=1 137w, https:\/\/i0.wp.com\/eltrabajo.cl\/portal\/wp-content\/uploads\/2021\/11\/Estructural2.jpg?resize=696%2C760&amp;ssl=1 696w\" sizes=\"auto, (max-width: 640px) 100vw, 640px\" \/><figcaption id=\"caption-attachment-111393\" class=\"wp-caption-text\">IMPOTENCIA.- Estas vecinas ven con impotencia c\u00f3mo sus pertenencias y su hogar queda destruido por las llamas.<\/figcaption><\/figure>\n","protected":false},"excerpt":{"rendered":"<p>Seis personas sufren millonarias p\u00e9rdidas en su hogar: Un voraz incendio estructural se declar\u00f3 a las 18:50 horas de este lunes en Poblaci\u00f3n El Esfuerzo, en las inmediaciones de Diego de Almagro&#8230;<\/p>\n","protected":false},"author":482,"featured_media":111392,"comment_status":"closed","ping_status":"open","sticky":false,"template":"","format":"standard","meta":{"advanced_seo_description":"","jetpack_seo_html_title":"","jetpack_seo_noindex":false,"_jetpack_memberships_contains_paid_content":false,"footnotes":""},"categories":[21],"tags":[],"class_list":["post-111391","post","type-post","status-publish","format-standard","has-post-thumbnail","hentry","category-policial"],"jetpack_featured_media_url":"https:\/\/i0.wp.com\/eltrabajo.cl\/portal\/wp-content\/uploads\/2021\/11\/Estructural1.jpg?fit=699%2C467&ssl=1","jetpack_sharing_enabled":true,"jetpack_likes_enabled":true,"jetpack-related-posts":[],"_links":{"self":[{"href":"https:\/\/eltrabajo.cl\/portal\/wp-json\/wp\/v2\/posts\/111391","targetHints":{"allow":["GET"]}}],"collection":[{"href":"https:\/\/eltrabajo.cl\/portal\/wp-json\/wp\/v2\/posts"}],"about":[{"href":"https:\/\/eltrabajo.cl\/portal\/wp-json\/wp\/v2\/types\/post"}],"author":[{"embeddable":true,"href":"https:\/\/eltrabajo.cl\/portal\/wp-json\/wp\/v2\/users\/482"}],"replies":[{"embeddable":true,"href":"https:\/\/eltrabajo.cl\/portal\/wp-json\/wp\/v2\/comments?post=111391"}],"version-history":[{"count":0,"href":"https:\/\/eltrabajo.cl\/portal\/wp-json\/wp\/v2\/posts\/111391\/revisions"}],"wp:featuredmedia":[{"embeddable":true,"href":"https:\/\/eltrabajo.cl\/portal\/wp-json\/wp\/v2\/media\/111392"}],"wp:attachment":[{"href":"https:\/\/eltrabajo.cl\/portal\/wp-json\/wp\/v2\/media?parent=111391"}],"wp:term":[{"taxonomy":"category","embeddable":true,"href":"https:\/\/eltrabajo.cl\/portal\/wp-json\/wp\/v2\/categories?post=111391"},{"taxonomy":"post_tag","embeddable":true,"href":"https:\/\/eltrabajo.cl\/portal\/wp-json\/wp\/v2\/tags?post=111391"}],"curies":[{"name":"wp","href":"https:\/\/api.w.org\/{rel}","templated":true}]}}