{"id":111397,"date":"2021-11-24T07:35:40","date_gmt":"2021-11-24T10:35:40","guid":{"rendered":"https:\/\/eltrabajo.cl\/portal\/?p=111397"},"modified":"2021-11-23T21:42:41","modified_gmt":"2021-11-24T00:42:41","slug":"en-enero-regresaria-el-futbol-amateur-en-san-felipe","status":"publish","type":"post","link":"https:\/\/eltrabajo.cl\/portal\/en-enero-regresaria-el-futbol-amateur-en-san-felipe\/","title":{"rendered":"En enero regresar\u00eda el f\u00fatbol amateur en San Felipe"},"content":{"rendered":"<p style=\"text-align: justify;\">Tras una reuni\u00f3n realizada la noche del lunes reci\u00e9n pasado, el directorio de la Asociaci\u00f3n de F\u00fatbol Amateur de San Felipe, en conjunto con los principales directivos de los once clubes que la componen, determin\u00f3 que el retorno a las canchas ser\u00e1 el 9 de enero de 2022.<\/p>\n<p style=\"text-align: justify;\">La determinaci\u00f3n se tom\u00f3 a ra\u00edz que ya se cuenta con las autorizaciones correspondientes (ANFA), por lo que ahora <strong>Ra\u00fal Reinoso<\/strong> junto a <strong>Leopoldo Toledo<\/strong> y otros dirigentes, se abocar\u00e1n a la elaboraci\u00f3n del Protocolo Sanitario que se aplicar\u00e1 para poder disminuir los riesgos de contagio de Covid \u2013 19, partiendo por la exigencia que no se permitir\u00e1 actuar a ning\u00fan jugador que no est\u00e9 con su proceso de vacunaci\u00f3n completo.<\/p>\n<p style=\"text-align: justify;\">Seg\u00fan supo <strong>El Trabajo Deportivo<\/strong>, el torneo que llevar\u00e1 el nombre de \u2018Selim Amar Pozo, Por Amor a la camiseta\u2019, ser\u00e1 en modalidad r\u00e1pida o flash, por lo que los clubes ser\u00e1n distribuidos en dos grupos de 4 y uno de 3 integrantes, para despu\u00e9s entrar en una fase eliminatoria hasta llegar a los respectivos monarcas de cada serie y el campe\u00f3n general.<\/p>\n<p style=\"text-align: justify;\">Otro punto que deber\u00e1n dilucidar es el concluir si habr\u00e1 clubes invitados, ya que habr\u00eda algunas instituciones de otras asociaciones interesadas en ser parte de un evento, adem\u00e1s que hay que ponerse de acuerdo en cu\u00e1ntas series se competir\u00e1 en un campeonato que como pocas veces en su historia ha sido tan esperado en su regreso.<\/p>\n<figure id=\"attachment_111398\" aria-describedby=\"caption-attachment-111398\" style=\"width: 699px\" class=\"wp-caption alignnone\"><img data-recalc-dims=\"1\" loading=\"lazy\" decoding=\"async\" class=\"size-full wp-image-111398\" src=\"https:\/\/i0.wp.com\/eltrabajo.cl\/portal\/wp-content\/uploads\/2021\/11\/amateur.jpg?resize=640%2C389&#038;ssl=1\" alt=\"Ya existe plena certeza que el 9 de enero comenzar\u00e1 a rodar el bal\u00f3n en San Felipe.\" width=\"640\" height=\"389\" srcset=\"https:\/\/i0.wp.com\/eltrabajo.cl\/portal\/wp-content\/uploads\/2021\/11\/amateur.jpg?w=699&amp;ssl=1 699w, https:\/\/i0.wp.com\/eltrabajo.cl\/portal\/wp-content\/uploads\/2021\/11\/amateur.jpg?resize=300%2C182&amp;ssl=1 300w, https:\/\/i0.wp.com\/eltrabajo.cl\/portal\/wp-content\/uploads\/2021\/11\/amateur.jpg?resize=200%2C122&amp;ssl=1 200w, https:\/\/i0.wp.com\/eltrabajo.cl\/portal\/wp-content\/uploads\/2021\/11\/amateur.jpg?resize=696%2C423&amp;ssl=1 696w\" sizes=\"auto, (max-width: 640px) 100vw, 640px\" \/><figcaption id=\"caption-attachment-111398\" class=\"wp-caption-text\">Ya existe plena certeza que el 9 de enero comenzar\u00e1 a rodar el bal\u00f3n en San Felipe.<\/figcaption><\/figure>\n","protected":false},"excerpt":{"rendered":"<p>Tras una reuni\u00f3n realizada la noche del lunes reci\u00e9n pasado, el directorio de la Asociaci\u00f3n de F\u00fatbol Amateur de San Felipe, en conjunto con los principales directivos de los once clubes que&#8230;<\/p>\n","protected":false},"author":482,"featured_media":111398,"comment_status":"closed","ping_status":"open","sticky":false,"template":"","format":"standard","meta":{"advanced_seo_description":"","jetpack_seo_html_title":"","jetpack_seo_noindex":false,"_jetpack_memberships_contains_paid_content":false,"footnotes":""},"categories":[19],"tags":[],"class_list":["post-111397","post","type-post","status-publish","format-standard","has-post-thumbnail","hentry","category-deportes"],"jetpack_featured_media_url":"https:\/\/i0.wp.com\/eltrabajo.cl\/portal\/wp-content\/uploads\/2021\/11\/amateur.jpg?fit=699%2C425&ssl=1","jetpack_sharing_enabled":true,"jetpack_likes_enabled":true,"jetpack-related-posts":[],"_links":{"self":[{"href":"https:\/\/eltrabajo.cl\/portal\/wp-json\/wp\/v2\/posts\/111397","targetHints":{"allow":["GET"]}}],"collection":[{"href":"https:\/\/eltrabajo.cl\/portal\/wp-json\/wp\/v2\/posts"}],"about":[{"href":"https:\/\/eltrabajo.cl\/portal\/wp-json\/wp\/v2\/types\/post"}],"author":[{"embeddable":true,"href":"https:\/\/eltrabajo.cl\/portal\/wp-json\/wp\/v2\/users\/482"}],"replies":[{"embeddable":true,"href":"https:\/\/eltrabajo.cl\/portal\/wp-json\/wp\/v2\/comments?post=111397"}],"version-history":[{"count":0,"href":"https:\/\/eltrabajo.cl\/portal\/wp-json\/wp\/v2\/posts\/111397\/revisions"}],"wp:featuredmedia":[{"embeddable":true,"href":"https:\/\/eltrabajo.cl\/portal\/wp-json\/wp\/v2\/media\/111398"}],"wp:attachment":[{"href":"https:\/\/eltrabajo.cl\/portal\/wp-json\/wp\/v2\/media?parent=111397"}],"wp:term":[{"taxonomy":"category","embeddable":true,"href":"https:\/\/eltrabajo.cl\/portal\/wp-json\/wp\/v2\/categories?post=111397"},{"taxonomy":"post_tag","embeddable":true,"href":"https:\/\/eltrabajo.cl\/portal\/wp-json\/wp\/v2\/tags?post=111397"}],"curies":[{"name":"wp","href":"https:\/\/api.w.org\/{rel}","templated":true}]}}