{"id":111474,"date":"2021-11-26T08:00:57","date_gmt":"2021-11-26T11:00:57","guid":{"rendered":"https:\/\/eltrabajo.cl\/portal\/?p=111474"},"modified":"2021-11-25T22:32:21","modified_gmt":"2021-11-26T01:32:21","slug":"agreden-a-funcionaria-del-cesfam-doctor-segismundo-iturra-taito","status":"publish","type":"post","link":"https:\/\/eltrabajo.cl\/portal\/agreden-a-funcionaria-del-cesfam-doctor-segismundo-iturra-taito\/","title":{"rendered":"Agreden a funcionaria del Cesfam Doctor Segismundo Iturra Taito"},"content":{"rendered":"<p style=\"text-align: justify;\">Una funcionaria del Cesfam Doctor Segismundo Iturra Taito fue agredida por dos usuarias que concurrieron al consultorio. En el lugar de acuerdo a lo que informa el administrador municipal, abogado <strong>Hern\u00e1n Herrera Caballero<\/strong>, se descubre que menores de edad que acompa\u00f1aban a las mujeres presentaban s\u00edntomas respiratorios, por lo se debi\u00f3 aplicar protocolo Covid, hecho que gener\u00f3 la molestia de las agresoras, produci\u00e9ndose agresiones y amenazas en el lugar.<\/p>\n<p style=\"text-align: justify;\">\u00ab<em>S\u00ed, lamentable la situaci\u00f3n que ocurri\u00f3 en el Cesfam Doctor Segismundo Iturra Taito, tenemos una funcionaria que ha sido agredida y otros que fueron amenazados producto de dos mujeres que concurr\u00edan a una atenci\u00f3n con sus hijos respecto de un m\u00e9dico general. Sin embargo, en la primera evaluaci\u00f3n en el <strong>\u2018Triage\u2019<\/strong>, que est\u00e1 desarrollado por protocolo en el Cesfam, se determina que ambas pacientes menores de edad presentaban s\u00edntomas respiratorios, por lo cual se aplica el protocolo Covid-19 que existe al efecto, lo que genera las molestias de las usuarias y desencadena en una serie de agresiones tanto f\u00edsicas, verbales a los funcionarios del Cesfam, lamentando esta situaci\u00f3n, debiendo concurrir Carabineros a tomar control de la situaci\u00f3n y en definitiva, entendemos, toma detenidas a estas dos personas producto de los hechos que se han mencionado\u00bb,<\/em> dijo Hern\u00e1n Herrera Caballero, abogado y administrador municipal de San Felipe.<\/p>\n<p style=\"text-align: justify;\">El administrador reiter\u00f3 que se trata de una funcionaria agredida: <em>\u00abSe ha hecho el procedimiento de rigor y efectuaremos las denuncias correspondientes por cuanto no podemos tolerar las agresiones a nuestros funcionarios municipales y mucho menos a nuestros funcionarios de salud\u00bb,<\/em> se\u00f1al\u00f3.<\/p>\n<p style=\"text-align: justify;\">&#8211; <strong>\u00bfSe van a presentar acciones legales?<\/strong><\/p>\n<p style=\"text-align: justify;\">&#8211; En este y como en otros casos que hemos tenido, se han presentado las acciones legales, por cuanto la ley protege a los funcionarios p\u00fablicos y tambi\u00e9n a los funcionarios de salud frente a cualquier tipo de agresi\u00f3n.<\/p>\n<p style=\"text-align: justify;\">El administrador municipal lament\u00f3 la situaci\u00f3n acontecida la ma\u00f1ana de ayer: \u00abCreemos que no es razonable que frente a la aplicaci\u00f3n de protocolos establecidos por salud, la gente se moleste y en consecuencia la gente termine agrediendo a nuestros funcionarios que precisamente est\u00e1n para ayudar, que perfectamente podr\u00edamos estar en presencia de un caso de Covid positivo y es por eso que se aplica el protocolo. Debemos ser todos responsables de esta situaci\u00f3n porque si bien estaban citadas a una atenci\u00f3n de car\u00e1cter general, una con morbilidad entiendo que era la citaci\u00f3n, sin embargo al presentar s\u00edntomas respiratorios se determina que tiene que pasar a esa secci\u00f3n para las evaluaciones pertinentes\u00bb, concluy\u00f3.<\/p>\n<p style=\"text-align: justify;\">Se\u00f1alar que al momento de entregar la informaci\u00f3n por parte del administrador, estaba en proceso de evaluaci\u00f3n el car\u00e1cter de las lesiones de la funcionaria.<\/p>\n<p style=\"text-align: justify;\">\n<p style=\"text-align: justify;\"><span style=\"color: #ff0000;\">TRIAGE COVID<\/span><\/p>\n<p style=\"text-align: justify;\">El \u2018Triage\u2019 o clasificaci\u00f3n es un proceso que permite una gesti\u00f3n del riesgo cl\u00ednico para poder establecer adecuadamente y con seguridad el flujo de pacientes cuando la demanda y las necesidades cl\u00ednicas superan a los recursos.<\/p>\n<figure id=\"attachment_111475\" aria-describedby=\"caption-attachment-111475\" style=\"width: 699px\" class=\"wp-caption alignnone\"><img data-recalc-dims=\"1\" loading=\"lazy\" decoding=\"async\" class=\"size-full wp-image-111475\" src=\"https:\/\/i0.wp.com\/eltrabajo.cl\/portal\/wp-content\/uploads\/2021\/11\/cesfam.jpg?resize=640%2C389&#038;ssl=1\" alt=\"Al interior del Cesfam Doctor Segismundo Iturra Taito se llev\u00f3 a cabo el incidente que termin\u00f3 con dos personas detenidas y con una funcionaria agredida.\" width=\"640\" height=\"389\" srcset=\"https:\/\/i0.wp.com\/eltrabajo.cl\/portal\/wp-content\/uploads\/2021\/11\/cesfam.jpg?w=699&amp;ssl=1 699w, https:\/\/i0.wp.com\/eltrabajo.cl\/portal\/wp-content\/uploads\/2021\/11\/cesfam.jpg?resize=300%2C182&amp;ssl=1 300w, https:\/\/i0.wp.com\/eltrabajo.cl\/portal\/wp-content\/uploads\/2021\/11\/cesfam.jpg?resize=200%2C122&amp;ssl=1 200w, https:\/\/i0.wp.com\/eltrabajo.cl\/portal\/wp-content\/uploads\/2021\/11\/cesfam.jpg?resize=696%2C423&amp;ssl=1 696w\" sizes=\"auto, (max-width: 640px) 100vw, 640px\" \/><figcaption id=\"caption-attachment-111475\" class=\"wp-caption-text\">Al interior del Cesfam Doctor Segismundo Iturra Taito se llev\u00f3 a cabo el incidente que termin\u00f3 con dos personas detenidas y con una funcionaria agredida.<\/figcaption><\/figure>\n<figure id=\"attachment_111476\" aria-describedby=\"caption-attachment-111476\" style=\"width: 699px\" class=\"wp-caption alignnone\"><img data-recalc-dims=\"1\" loading=\"lazy\" decoding=\"async\" class=\"size-full wp-image-111476\" src=\"https:\/\/i0.wp.com\/eltrabajo.cl\/portal\/wp-content\/uploads\/2021\/11\/herrera.jpg?resize=640%2C427&#038;ssl=1\" alt=\"Hern\u00e1n Herrera Caballero, abogado y administrador municipal de San Felipe, encargado de entregar la informaci\u00f3n.\" width=\"640\" height=\"427\" srcset=\"https:\/\/i0.wp.com\/eltrabajo.cl\/portal\/wp-content\/uploads\/2021\/11\/herrera.jpg?w=699&amp;ssl=1 699w, https:\/\/i0.wp.com\/eltrabajo.cl\/portal\/wp-content\/uploads\/2021\/11\/herrera.jpg?resize=300%2C200&amp;ssl=1 300w, https:\/\/i0.wp.com\/eltrabajo.cl\/portal\/wp-content\/uploads\/2021\/11\/herrera.jpg?resize=200%2C133&amp;ssl=1 200w, https:\/\/i0.wp.com\/eltrabajo.cl\/portal\/wp-content\/uploads\/2021\/11\/herrera.jpg?resize=696%2C464&amp;ssl=1 696w\" sizes=\"auto, (max-width: 640px) 100vw, 640px\" \/><figcaption id=\"caption-attachment-111476\" class=\"wp-caption-text\">Hern\u00e1n Herrera Caballero, abogado y administrador municipal de San Felipe, encargado de entregar la informaci\u00f3n.<\/figcaption><\/figure>\n","protected":false},"excerpt":{"rendered":"<p>Una funcionaria del Cesfam Doctor Segismundo Iturra Taito fue agredida por dos usuarias que concurrieron al consultorio. En el lugar de acuerdo a lo que informa el administrador municipal, abogado Hern\u00e1n Herrera&#8230;<\/p>\n","protected":false},"author":482,"featured_media":111475,"comment_status":"closed","ping_status":"open","sticky":false,"template":"","format":"standard","meta":{"advanced_seo_description":"","jetpack_seo_html_title":"","jetpack_seo_noindex":false,"_jetpack_memberships_contains_paid_content":false,"footnotes":""},"categories":[21],"tags":[],"class_list":["post-111474","post","type-post","status-publish","format-standard","has-post-thumbnail","hentry","category-policial"],"jetpack_featured_media_url":"https:\/\/i0.wp.com\/eltrabajo.cl\/portal\/wp-content\/uploads\/2021\/11\/cesfam.jpg?fit=699%2C425&ssl=1","jetpack_sharing_enabled":true,"jetpack_likes_enabled":true,"jetpack-related-posts":[],"_links":{"self":[{"href":"https:\/\/eltrabajo.cl\/portal\/wp-json\/wp\/v2\/posts\/111474","targetHints":{"allow":["GET"]}}],"collection":[{"href":"https:\/\/eltrabajo.cl\/portal\/wp-json\/wp\/v2\/posts"}],"about":[{"href":"https:\/\/eltrabajo.cl\/portal\/wp-json\/wp\/v2\/types\/post"}],"author":[{"embeddable":true,"href":"https:\/\/eltrabajo.cl\/portal\/wp-json\/wp\/v2\/users\/482"}],"replies":[{"embeddable":true,"href":"https:\/\/eltrabajo.cl\/portal\/wp-json\/wp\/v2\/comments?post=111474"}],"version-history":[{"count":0,"href":"https:\/\/eltrabajo.cl\/portal\/wp-json\/wp\/v2\/posts\/111474\/revisions"}],"wp:featuredmedia":[{"embeddable":true,"href":"https:\/\/eltrabajo.cl\/portal\/wp-json\/wp\/v2\/media\/111475"}],"wp:attachment":[{"href":"https:\/\/eltrabajo.cl\/portal\/wp-json\/wp\/v2\/media?parent=111474"}],"wp:term":[{"taxonomy":"category","embeddable":true,"href":"https:\/\/eltrabajo.cl\/portal\/wp-json\/wp\/v2\/categories?post=111474"},{"taxonomy":"post_tag","embeddable":true,"href":"https:\/\/eltrabajo.cl\/portal\/wp-json\/wp\/v2\/tags?post=111474"}],"curies":[{"name":"wp","href":"https:\/\/api.w.org\/{rel}","templated":true}]}}