{"id":111490,"date":"2021-11-29T07:45:08","date_gmt":"2021-11-29T10:45:08","guid":{"rendered":"https:\/\/eltrabajo.cl\/portal\/?p=111490"},"modified":"2021-11-28T21:09:38","modified_gmt":"2021-11-29T00:09:38","slug":"desarticulan-clan-familiar-que-se-dedicaba-al-trafico-de-drogas","status":"publish","type":"post","link":"https:\/\/eltrabajo.cl\/portal\/desarticulan-clan-familiar-que-se-dedicaba-al-trafico-de-drogas\/","title":{"rendered":"Desarticulan clan familiar que se dedicaba al tr\u00e1fico de drogas"},"content":{"rendered":"<p style=\"text-align: justify;\">Detectives de la Brigada Antinarc\u00f3ticos y Contra el Crimen Organizado (Brianco) Los Andes de la Polic\u00eda de Investigaciones detuvieron a cinco personas, tres hombres y dos mujeres, por Infracci\u00f3n a la Ley 20.000, quienes se dedicaban a comercializar diversos tipos de drogas en esta comuna.<\/p>\n<p style=\"text-align: justify;\">Seg\u00fan antecedentes aportados por la PDI, a trav\u00e9s de una investigaci\u00f3n en conjunto con la fiscal\u00eda local y en virtud al an\u00e1lisis e inteligencia policial, se logr\u00f3 identificar un clan familiar que distribu\u00eda sustancias il\u00edcitas entre consumidores de Poblaci\u00f3n Alto Aconcagua y Villa Los Copihues.<\/p>\n<p style=\"text-align: justify;\">En este operativo antinarc\u00f3ticos denominado <strong>El Tr\u00e9bol<\/strong>, la polic\u00eda civil incaut\u00f3 droga avaluada en 15 millones de pesos, entre coca\u00edna base, ketamina, clorhidrato de coca\u00edna y cannabis sativa, adem\u00e1s de dos pistolas a fogueo adaptadas, una de ellas con mira l\u00e1ser, tres cargadores, municiones, una balanza digital y m\u00e1s de $2.300.000 en efectivo. Todos los involucrados fueron detenidos en la ciudad de Los Andes.<\/p>\n<p style=\"text-align: justify;\">\n<p style=\"text-align: justify;\"><span style=\"color: #ff0000;\">REPORTE OFICIAL<\/span><\/p>\n<p style=\"text-align: justify;\">El subprefecto <strong>Mauricio Fuentes Lagos<\/strong> indic\u00f3 que este procedimiento comienza a gestarse por medio de un denuncio seguro, \u00ab<em>donde la ciudadan\u00eda a trav\u00e9s del tel\u00e9fono de denuncia seguro da a conocer estos antecedentes, el Ministerio P\u00fablico remite la respectiva orden de investigar y nuestros detectives a trav\u00e9s de an\u00e1lisis comienzan el trabajo investigativo para establecer lo que hoy d\u00eda aqu\u00ed estamos exhibiendo que es el \u00e9xito y culminaci\u00f3n de una operaci\u00f3n<\/em>\u00bb, dijo Fuentes.<\/p>\n<p style=\"text-align: justify;\">En cuanto a la droga se\u00f1al\u00f3 que era adquirida y acopiada en un domicilio donde se iniciaba todo el proceso de secado que es la coca\u00edna base; \u00ab<em>posteriormente el pesaje y dosificaci\u00f3n, ah\u00ed era distribuida entre ambas poblaciones<\/em>\u00bb, manifest\u00f3 el oficial.<\/p>\n<p style=\"text-align: justify;\">Por instrucci\u00f3n del Ministerio P\u00fablico, la totalidad de los imputados fueron puestos a disposici\u00f3n del Juzgado de Garant\u00eda de Los Andes para ser formalizados por el delito de Tr\u00e1fico Il\u00edcito de Drogas. Todos los imputados quedaron en Prisi\u00f3n Preventiva por ser considerados un peligro para la seguridad de la sociedad.<\/p>\n<figure id=\"attachment_111491\" aria-describedby=\"caption-attachment-111491\" style=\"width: 698px\" class=\"wp-caption alignnone\"><img data-recalc-dims=\"1\" loading=\"lazy\" decoding=\"async\" class=\"size-full wp-image-111491\" src=\"https:\/\/i0.wp.com\/eltrabajo.cl\/portal\/wp-content\/uploads\/2021\/11\/Droga-2.jpg?resize=640%2C360&#038;ssl=1\" alt=\"Armas y dinero que se incaut\u00f3 por parte de la PDI Los Andes.\" width=\"640\" height=\"360\" srcset=\"https:\/\/i0.wp.com\/eltrabajo.cl\/portal\/wp-content\/uploads\/2021\/11\/Droga-2.jpg?w=698&amp;ssl=1 698w, https:\/\/i0.wp.com\/eltrabajo.cl\/portal\/wp-content\/uploads\/2021\/11\/Droga-2.jpg?resize=300%2C169&amp;ssl=1 300w, https:\/\/i0.wp.com\/eltrabajo.cl\/portal\/wp-content\/uploads\/2021\/11\/Droga-2.jpg?resize=200%2C113&amp;ssl=1 200w, https:\/\/i0.wp.com\/eltrabajo.cl\/portal\/wp-content\/uploads\/2021\/11\/Droga-2.jpg?resize=696%2C392&amp;ssl=1 696w\" sizes=\"auto, (max-width: 640px) 100vw, 640px\" \/><figcaption id=\"caption-attachment-111491\" class=\"wp-caption-text\">Armas y dinero que se incaut\u00f3 por parte de la PDI Los Andes.<\/figcaption><\/figure>\n<figure id=\"attachment_111492\" aria-describedby=\"caption-attachment-111492\" style=\"width: 698px\" class=\"wp-caption alignnone\"><img data-recalc-dims=\"1\" loading=\"lazy\" decoding=\"async\" class=\"size-full wp-image-111492\" src=\"https:\/\/i0.wp.com\/eltrabajo.cl\/portal\/wp-content\/uploads\/2021\/11\/Droga.jpg?resize=640%2C360&#038;ssl=1\" alt=\"La droga incautada por la PDI de Los Andes.\" width=\"640\" height=\"360\" srcset=\"https:\/\/i0.wp.com\/eltrabajo.cl\/portal\/wp-content\/uploads\/2021\/11\/Droga.jpg?w=698&amp;ssl=1 698w, https:\/\/i0.wp.com\/eltrabajo.cl\/portal\/wp-content\/uploads\/2021\/11\/Droga.jpg?resize=300%2C169&amp;ssl=1 300w, https:\/\/i0.wp.com\/eltrabajo.cl\/portal\/wp-content\/uploads\/2021\/11\/Droga.jpg?resize=200%2C113&amp;ssl=1 200w, https:\/\/i0.wp.com\/eltrabajo.cl\/portal\/wp-content\/uploads\/2021\/11\/Droga.jpg?resize=696%2C392&amp;ssl=1 696w\" sizes=\"auto, (max-width: 640px) 100vw, 640px\" \/><figcaption id=\"caption-attachment-111492\" class=\"wp-caption-text\">La droga incautada por la PDI de Los Andes.<\/figcaption><\/figure>\n","protected":false},"excerpt":{"rendered":"<p>Detectives de la Brigada Antinarc\u00f3ticos y Contra el Crimen Organizado (Brianco) Los Andes de la Polic\u00eda de Investigaciones detuvieron a cinco personas, tres hombres y dos mujeres, por Infracci\u00f3n a la Ley&#8230;<\/p>\n","protected":false},"author":482,"featured_media":111492,"comment_status":"closed","ping_status":"open","sticky":false,"template":"","format":"standard","meta":{"advanced_seo_description":"","jetpack_seo_html_title":"","jetpack_seo_noindex":false,"_jetpack_memberships_contains_paid_content":false,"footnotes":""},"categories":[21],"tags":[],"class_list":["post-111490","post","type-post","status-publish","format-standard","has-post-thumbnail","hentry","category-policial"],"jetpack_featured_media_url":"https:\/\/i0.wp.com\/eltrabajo.cl\/portal\/wp-content\/uploads\/2021\/11\/Droga.jpg?fit=698%2C393&ssl=1","jetpack_sharing_enabled":true,"jetpack_likes_enabled":true,"jetpack-related-posts":[],"_links":{"self":[{"href":"https:\/\/eltrabajo.cl\/portal\/wp-json\/wp\/v2\/posts\/111490","targetHints":{"allow":["GET"]}}],"collection":[{"href":"https:\/\/eltrabajo.cl\/portal\/wp-json\/wp\/v2\/posts"}],"about":[{"href":"https:\/\/eltrabajo.cl\/portal\/wp-json\/wp\/v2\/types\/post"}],"author":[{"embeddable":true,"href":"https:\/\/eltrabajo.cl\/portal\/wp-json\/wp\/v2\/users\/482"}],"replies":[{"embeddable":true,"href":"https:\/\/eltrabajo.cl\/portal\/wp-json\/wp\/v2\/comments?post=111490"}],"version-history":[{"count":0,"href":"https:\/\/eltrabajo.cl\/portal\/wp-json\/wp\/v2\/posts\/111490\/revisions"}],"wp:featuredmedia":[{"embeddable":true,"href":"https:\/\/eltrabajo.cl\/portal\/wp-json\/wp\/v2\/media\/111492"}],"wp:attachment":[{"href":"https:\/\/eltrabajo.cl\/portal\/wp-json\/wp\/v2\/media?parent=111490"}],"wp:term":[{"taxonomy":"category","embeddable":true,"href":"https:\/\/eltrabajo.cl\/portal\/wp-json\/wp\/v2\/categories?post=111490"},{"taxonomy":"post_tag","embeddable":true,"href":"https:\/\/eltrabajo.cl\/portal\/wp-json\/wp\/v2\/tags?post=111490"}],"curies":[{"name":"wp","href":"https:\/\/api.w.org\/{rel}","templated":true}]}}