{"id":111505,"date":"2021-11-30T07:30:55","date_gmt":"2021-11-30T10:30:55","guid":{"rendered":"https:\/\/eltrabajo.cl\/portal\/?p=111505"},"modified":"2021-11-29T21:40:01","modified_gmt":"2021-11-30T00:40:01","slug":"aun-no-existe-claridad-respecto-a-la-realizacion-de-la-copa-de-campeones","status":"publish","type":"post","link":"https:\/\/eltrabajo.cl\/portal\/aun-no-existe-claridad-respecto-a-la-realizacion-de-la-copa-de-campeones\/","title":{"rendered":"A\u00fan no existe claridad respecto a la realizaci\u00f3n de la Copa de Campeones"},"content":{"rendered":"<p style=\"text-align: justify;\">Reci\u00e9n en diciembre pr\u00f3ximo, durante la reuni\u00f3n ampliada anual que realiza ARFA Quinta Regi\u00f3n, se decidir\u00e1 si el 2022 se realizar\u00e1 una nueva versi\u00f3n de la Copa de Campeones. Hasta ahora no existe certeza que se pueda llevar a cabo el evento m\u00e1ximo del balompi\u00e9 regional, debido a que en las distintas asociaciones existen distintas miradas, ya que mientras algunas quieren hacer la competencia, otras tienen sus reparos.<\/p>\n<p style=\"text-align: justify;\">Seg\u00fan supo <strong>El Trabajo Deportivo<\/strong>, las asociaciones de la Costa no estar\u00edan convencidas de hacer los torneos, b\u00e1sicamente por los costos que implican. En tanto en el valle de Aconcagua se inclinar\u00edan porque haya una <strong>\u2018Orejona\u2019<\/strong> el 2022, y es por eso que San Felipe y San Esteban har\u00e1n mini torneos exclusivos en las series de Honor, para tener listos a sus representantes en caso que en la cita directiva se decida hacer los torneos (hombres y mujeres) m\u00e1s importantes del balompi\u00e9 aficionado regional, y que a estas alturas son verdaderas marcas registradas de la ARFA.<\/p>\n<figure id=\"attachment_111506\" aria-describedby=\"caption-attachment-111506\" style=\"width: 698px\" class=\"wp-caption alignnone\"><img data-recalc-dims=\"1\" loading=\"lazy\" decoding=\"async\" class=\"size-full wp-image-111506\" src=\"https:\/\/i0.wp.com\/eltrabajo.cl\/portal\/wp-content\/uploads\/2021\/11\/Copa-de-Campeones.jpg?resize=640%2C432&#038;ssl=1\" alt=\"En diciembre se definir\u00e1 si el pr\u00f3ximo a\u00f1o se realizar\u00e1n las Copas de Campeones en hombres y mujeres.\" width=\"640\" height=\"432\" srcset=\"https:\/\/i0.wp.com\/eltrabajo.cl\/portal\/wp-content\/uploads\/2021\/11\/Copa-de-Campeones.jpg?w=698&amp;ssl=1 698w, https:\/\/i0.wp.com\/eltrabajo.cl\/portal\/wp-content\/uploads\/2021\/11\/Copa-de-Campeones.jpg?resize=300%2C202&amp;ssl=1 300w, https:\/\/i0.wp.com\/eltrabajo.cl\/portal\/wp-content\/uploads\/2021\/11\/Copa-de-Campeones.jpg?resize=200%2C135&amp;ssl=1 200w, https:\/\/i0.wp.com\/eltrabajo.cl\/portal\/wp-content\/uploads\/2021\/11\/Copa-de-Campeones.jpg?resize=696%2C470&amp;ssl=1 696w\" sizes=\"auto, (max-width: 640px) 100vw, 640px\" \/><figcaption id=\"caption-attachment-111506\" class=\"wp-caption-text\">En diciembre se definir\u00e1 si el pr\u00f3ximo a\u00f1o se realizar\u00e1n las Copas de Campeones en hombres y mujeres.<\/figcaption><\/figure>\n","protected":false},"excerpt":{"rendered":"<p>Reci\u00e9n en diciembre pr\u00f3ximo, durante la reuni\u00f3n ampliada anual que realiza ARFA Quinta Regi\u00f3n, se decidir\u00e1 si el 2022 se realizar\u00e1 una nueva versi\u00f3n de la Copa de Campeones. Hasta ahora no&#8230;<\/p>\n","protected":false},"author":482,"featured_media":111506,"comment_status":"closed","ping_status":"open","sticky":false,"template":"","format":"standard","meta":{"advanced_seo_description":"","jetpack_seo_html_title":"","jetpack_seo_noindex":false,"_jetpack_memberships_contains_paid_content":false,"footnotes":""},"categories":[19],"tags":[],"class_list":["post-111505","post","type-post","status-publish","format-standard","has-post-thumbnail","hentry","category-deportes"],"jetpack_featured_media_url":"https:\/\/i0.wp.com\/eltrabajo.cl\/portal\/wp-content\/uploads\/2021\/11\/Copa-de-Campeones.jpg?fit=698%2C471&ssl=1","jetpack_sharing_enabled":true,"jetpack_likes_enabled":true,"jetpack-related-posts":[],"_links":{"self":[{"href":"https:\/\/eltrabajo.cl\/portal\/wp-json\/wp\/v2\/posts\/111505","targetHints":{"allow":["GET"]}}],"collection":[{"href":"https:\/\/eltrabajo.cl\/portal\/wp-json\/wp\/v2\/posts"}],"about":[{"href":"https:\/\/eltrabajo.cl\/portal\/wp-json\/wp\/v2\/types\/post"}],"author":[{"embeddable":true,"href":"https:\/\/eltrabajo.cl\/portal\/wp-json\/wp\/v2\/users\/482"}],"replies":[{"embeddable":true,"href":"https:\/\/eltrabajo.cl\/portal\/wp-json\/wp\/v2\/comments?post=111505"}],"version-history":[{"count":0,"href":"https:\/\/eltrabajo.cl\/portal\/wp-json\/wp\/v2\/posts\/111505\/revisions"}],"wp:featuredmedia":[{"embeddable":true,"href":"https:\/\/eltrabajo.cl\/portal\/wp-json\/wp\/v2\/media\/111506"}],"wp:attachment":[{"href":"https:\/\/eltrabajo.cl\/portal\/wp-json\/wp\/v2\/media?parent=111505"}],"wp:term":[{"taxonomy":"category","embeddable":true,"href":"https:\/\/eltrabajo.cl\/portal\/wp-json\/wp\/v2\/categories?post=111505"},{"taxonomy":"post_tag","embeddable":true,"href":"https:\/\/eltrabajo.cl\/portal\/wp-json\/wp\/v2\/tags?post=111505"}],"curies":[{"name":"wp","href":"https:\/\/api.w.org\/{rel}","templated":true}]}}