{"id":111518,"date":"2021-11-30T07:50:31","date_gmt":"2021-11-30T10:50:31","guid":{"rendered":"https:\/\/eltrabajo.cl\/portal\/?p=111518"},"modified":"2021-11-29T21:49:35","modified_gmt":"2021-11-30T00:49:35","slug":"impactante-testimonio-de-joven-emprendedor-desesperado-por-delincuencia","status":"publish","type":"post","link":"https:\/\/eltrabajo.cl\/portal\/impactante-testimonio-de-joven-emprendedor-desesperado-por-delincuencia\/","title":{"rendered":"Impactante testimonio de joven emprendedor desesperado por delincuencia"},"content":{"rendered":"<p style=\"text-align: left;\"><span style=\"color: #ff0000;\"><strong>Lo tienen de \u2018casero y ya le han robado cuatro veces:<\/strong><\/span><\/p>\n<p style=\"text-align: justify;\">Angustiado, con miedo, desesperanzado, as\u00ed se encuentra un joven emprendedor de San Felipe que, con 24 a\u00f1os, tiene su ramada donde ofrece fruta y verduras frente al Liceo Mixto. Ello porque lamentablemente ya cuatro veces delincuentes lo han visitado para robarle todo. Ayer, cuando conversamos, ten\u00eda afuera de su local mercader\u00eda por un valor de 350 mil pesos que tuvo que endeudarse para iniciar su negocio. Las p\u00e9rdidas sobrepasan los 2 millones de pesos. Se trata de <strong>Ignacio Rosas<\/strong>.<\/p>\n<p style=\"text-align: justify;\">Al momento de conversar lo encontramos ordenando la mercader\u00eda que hab\u00eda conseguido. Nos presentamos y de inmediato accedi\u00f3 a conversar con nuestro medio.<\/p>\n<p style=\"text-align: justify;\">&#8211; <strong>\u00bfC\u00f3mo est\u00e1s?<\/strong><\/p>\n<p style=\"text-align: justify;\">&#8211; Angustiado, con miedo, desesperado porque no s\u00e9 de d\u00f3nde sacar m\u00e1s plata para poder seguir con este emprendimiento. Estos \u2018hueones\u2019 ma\u00f1osos me tienen de casero ac\u00e1. Yo soy una persona de esfuerzo, de ganarme la plata honestamente, estoy emprendiendo aqu\u00ed con mi \u2018negocito\u2019 apenas y los \u2018cul\u2026\u2019 por cuarta vez\u2026 Ya no tienen qu\u00e9 robarme, no tienen qu\u00e9 robarme ya. Carabineros ya no hace nada al respecto, pr\u00e1cticamente vista gorda. La \u00faltima vez me mandaron a que anotara las cosas que me robaron y fuera a dejarlas a la comisar\u00eda, entones ya igual estoy como desesperado, entr\u00e9 en una crisis, mi vieja est\u00e1 con depresi\u00f3n igual por la misma \u2018huev\u00e1\u2019 y eso.<\/p>\n<p style=\"text-align: justify;\">&#8211; <strong>\u00bfC\u00f3mo han sido los robos?<\/strong><\/p>\n<p style=\"text-align: justify;\">&#8211; Me rompen las paredes los \u2018hueones\u2019, me dejaron un forado enorme, la semana a tres d\u00edas que me robaron la bicicleta, mi fuente de trabajo tambi\u00e9n, si yo no vivo ac\u00e1, me vengo en bicicleta desde mi casa y me dejaron a pata los \u2018hueones\u2019, una Trek de 500 lucas, la semana pasada termin\u00e9 de pagar la deuda y me la \u2018pelaron\u2019, ya no tienen qu\u00e9 \u2018pelarme\u2019, no tienen nada m\u00e1s que robarme.<\/p>\n<p style=\"text-align: justify;\">&#8211; <strong>Noto en tus palabras mucha impotencia, rabia.<\/strong><\/p>\n<p style=\"text-align: justify;\">&#8211; Tengo mucha rabia, mucha rabia, mucha rabia porque no s\u00e9 d\u00f3nde ampararme, Carabineros no hace nada, la justicia tampoco, ellos mismos dicen que tribunales va a descartar la denuncia en un tiempo m\u00e1s se cierran los casos y este \u2018hue\u00f3n\u2019 va a seguir viniendo. Pero yo quiero decirle al \u2018cul\u2026\u2019 si me est\u00e1 leyendo, yo lo voy a pillar al \u2018cul\u2026\u2019, te voy a pillar \u2018hue\u00f3n\u2019 y te \u2018vai\u2019 a acordar siempre de m\u00ed&#8230; siempre de m\u00ed.<\/p>\n<p style=\"text-align: justify;\">&#8211; <strong>\u00bfQu\u00e9 piensas t\u00fa, que puede ser uno o varios?<\/strong><\/p>\n<p style=\"text-align: justify;\">&#8211; Yo creo que pueden ser m\u00e1s de uno por el nivel de los robos, ya la \u00faltima vez me dejaron sin nada de mercader\u00eda, se llevaron todo, todo, todo.<\/p>\n<p style=\"text-align: justify;\">&#8211; <strong>\u00bfQu\u00e9 se llevaron?<\/strong><\/p>\n<p style=\"text-align: justify;\">&#8211; Todo, las cajas de tomates, de naranjas, los duraznos, se dieron hasta el lujo de pelar los br\u00f3colis y me dejaron las c\u00e1scaras aqu\u00ed; me robaron las pi\u00f1as tambi\u00e9n, me sacaron las mechas de arriba parece para que les quedara m\u00e1s espacio. Me han robado las cafeteras, las radios, televisores, y as\u00ed sigue y sigue. Estoy sin nada, ni siquiera tengo la calculadora para sacar las cuentas, esa \u2018hue\u00e1\u2019 tambi\u00e9n me la robaron, me robaron la pesa.<\/p>\n<p style=\"text-align: justify;\">&#8211; <strong>Me dec\u00edas que tuviste que endeudarte para tener mercader\u00eda.<\/strong><\/p>\n<p style=\"text-align: justify;\">&#8211; S\u00ed, casi 350 lucas, gracias a Dios hay personas buenas igual que \u2018cachan\u2019 que uno quiere surgir y te hacen esos pr\u00e9stamos, pero tampoco es la idea estar as\u00ed. Tengo como un palo (un mill\u00f3n) atr\u00e1s de deuda por lo mismo, que me siguen robando, me siguen robando los \u2018hueones\u2019.<\/p>\n<p style=\"text-align: justify;\">&#8211; <strong>\u00bfCu\u00e1nto te han robado en plata?<\/strong><\/p>\n<p style=\"text-align: justify;\">&#8211; \u2018Puta\u2019, yo creo que deben pasar los dos palos (2 millones de pesos), un poco m\u00e1s con la bicicleta, los art\u00edculos electr\u00f3nicos y la mercader\u00eda que aparte los lectores deben saber que est\u00e1 todo caro en este pa\u00eds, todos los d\u00edas suben los precios y m\u00e1s encima me roban las \u2018hue\u00e1s\u2019.<\/p>\n<p style=\"text-align: justify;\">&#8211; <strong>Nos contabas que ten\u00edan temor de quedarse porque puede ser m\u00e1s de uno o pueden andar armados.<\/strong><\/p>\n<p style=\"text-align: justify;\">&#8211; S\u00ed, incluso hasta Carabineros me dio el consejo que no nos qued\u00e1ramos porque podr\u00eda ser peligroso para nosotros, y tampoco le podemos hacer mucho da\u00f1o al delincuente porque podemos pasar de v\u00edctima a victimario, as\u00ed me lo dijo, entonces no s\u00e9 qu\u00e9 quieren que hagamos, igual si lo pillamos adentro, que le demos una tacita de caf\u00e9 y los esperamos a ellos que lleguen sus dos horas m\u00e1s o menos, entonces es un descargo contra eso&#8230; Carabineros en verdad. Aparte que aqu\u00ed en este sector yo no s\u00e9 por qu\u00e9 la municipalidad no se encarga de poner luminarias, es oscuro&#8230; oscuro, cayendo el sol esta \u2018hue\u00e1\u2019 es una boca de lobo, entonces yo creo que se aprovechan de ese factor tambi\u00e9n que considero es importante.<\/p>\n<p style=\"text-align: justify;\">&#8211; <strong>T\u00fa eres un joven emprendedor, \u00bfqu\u00e9 edad tienes?<\/strong><\/p>\n<p style=\"text-align: justify;\">&#8211; Yo tengo 24 a\u00f1os y me cans\u00e9 de trabajar para personas ajenas, quise ser mi propio jefe, mi propio emprendimiento, tengo fe todav\u00eda en esto, tengo las esperanzas puestas, mucho capital puesto, mucha vida que me ha quitado porque aqu\u00ed no hay tiempo ya para carretear para ni una \u2018hue\u00e1\u2019 porque tienes que estar concentrado en esto, y m\u00e1s encima llegar un d\u00eda con todas las ganas de trabajar y ver el forado, el desorden que te dejan aqu\u00ed, la rabia, impotencia, \u2018puta\u2019, es un coctel de \u2018hue\u00e1s\u2019, de mezclas, que a uno igual lo colapsan. Yo no le hecho mal a nadie, nunca y \u2018puta\u2019 est\u00e1 \u2018hue\u00e1\u2019 es una ramada, ni siquiera es una cosa con lujos que digamos. Yo soy una persona del pueblo, igual que el \u2018hue\u00f3n\u2019 que me est\u00e1 entrando a robar, c\u00f3mo tan \u2018maric\u00f3n\u2019&#8230; c\u00f3mo tan \u2018maric\u00f3n\u2019 el \u2018cul\u2026\u2019\u00a0 Yo no s\u00e9, voy a aguantar un tiempo m\u00e1s y si la \u2018hue\u00e1\u2019 sigue as\u00ed\u2026<\/p>\n<p style=\"text-align: justify;\">&#8211; <strong>\u00bfVas a tener que cerrar?<\/strong><\/p>\n<p style=\"text-align: justify;\">&#8211; Cerrar nom\u00e1s, hay que cerrar nom\u00e1s, ceder ante la delincuencia de este pa\u00eds.<\/p>\n<p style=\"text-align: justify;\">&#8211; <strong>\u00bfC\u00f3mo?<\/strong><\/p>\n<p style=\"text-align: justify;\">&#8211; Ceder ante la delincuencia no m\u00e1s, si ya qu\u00e9 voy a hacer; lo pesco y lo mato me voy en cana. Igual les doy las gracias por darme este espacio.<\/p>\n<p style=\"text-align: justify;\">&#8211; <strong>\u00bfTe sirve para desahogarte tambi\u00e9n?<\/strong><\/p>\n<p style=\"text-align: justify;\">&#8211; Desahogarme y decirle a la gente que no le compre a los dom\u00e9sticos \u2018cul\u2026\u2019, que no fomenten eso y que los denuncien porque estos \u2018hueones\u2019 se est\u00e1n cagando a nuestro mismo pueblo, ni siquiera se est\u00e1n cagando a los ricos, a nosotros nos est\u00e1n cagando, as\u00ed es que denuncien, no les compren \u2018hue\u00e1s\u2019.<\/p>\n<p style=\"text-align: justify;\">&#8211; <strong>\u00bfAlgo m\u00e1s que agregar Ignacio?<\/strong><\/p>\n<p style=\"text-align: justify;\">&#8211; Nada&#8230; igual disculpen mi vocabulario, un poco obsceno, pero es que las circunstancias, estoy chato, estoy cansado (se le quebra la voz un poco). Ya no duermo, me cuesta dormir, me vengo a dar vueltas para ac\u00e1 en la noche, as\u00ed de angustiado para ver si pillo a alguien, y na\u2019 po. Tengo a la vieja en la casa, est\u00e1 pa\u00b4 la \u2018cag\u00e1\u2019 por el mismo tema. Porque nos \u2018cagaron\u2019 la vida estos \u2018hueones\u2019, nos est\u00e1n cagando la vida y eso.<\/p>\n<figure id=\"attachment_111519\" aria-describedby=\"caption-attachment-111519\" style=\"width: 699px\" class=\"wp-caption alignnone\"><img data-recalc-dims=\"1\" loading=\"lazy\" decoding=\"async\" class=\"size-full wp-image-111519\" src=\"https:\/\/i0.wp.com\/eltrabajo.cl\/portal\/wp-content\/uploads\/2021\/11\/robo-Ignacio.jpg?resize=640%2C442&#038;ssl=1\" alt=\"Ignacio al interior de su local que ya ha sido visitado en cuatro oportunidades por rateros.\" width=\"640\" height=\"442\" srcset=\"https:\/\/i0.wp.com\/eltrabajo.cl\/portal\/wp-content\/uploads\/2021\/11\/robo-Ignacio.jpg?w=699&amp;ssl=1 699w, https:\/\/i0.wp.com\/eltrabajo.cl\/portal\/wp-content\/uploads\/2021\/11\/robo-Ignacio.jpg?resize=300%2C207&amp;ssl=1 300w, https:\/\/i0.wp.com\/eltrabajo.cl\/portal\/wp-content\/uploads\/2021\/11\/robo-Ignacio.jpg?resize=200%2C138&amp;ssl=1 200w, https:\/\/i0.wp.com\/eltrabajo.cl\/portal\/wp-content\/uploads\/2021\/11\/robo-Ignacio.jpg?resize=218%2C150&amp;ssl=1 218w, https:\/\/i0.wp.com\/eltrabajo.cl\/portal\/wp-content\/uploads\/2021\/11\/robo-Ignacio.jpg?resize=696%2C481&amp;ssl=1 696w\" sizes=\"auto, (max-width: 640px) 100vw, 640px\" \/><figcaption id=\"caption-attachment-111519\" class=\"wp-caption-text\">Ignacio al interior de su local que ya ha sido visitado en cuatro oportunidades por rateros.<\/figcaption><\/figure>\n<figure id=\"attachment_111520\" aria-describedby=\"caption-attachment-111520\" style=\"width: 699px\" class=\"wp-caption alignnone\"><img data-recalc-dims=\"1\" loading=\"lazy\" decoding=\"async\" class=\"size-full wp-image-111520\" src=\"https:\/\/i0.wp.com\/eltrabajo.cl\/portal\/wp-content\/uploads\/2021\/11\/robo-Ramada.jpg?resize=640%2C348&#038;ssl=1\" alt=\"Esta es la ramada que tiene Ignacio Rosas, su emprendimiento.\" width=\"640\" height=\"348\" srcset=\"https:\/\/i0.wp.com\/eltrabajo.cl\/portal\/wp-content\/uploads\/2021\/11\/robo-Ramada.jpg?w=699&amp;ssl=1 699w, https:\/\/i0.wp.com\/eltrabajo.cl\/portal\/wp-content\/uploads\/2021\/11\/robo-Ramada.jpg?resize=300%2C163&amp;ssl=1 300w, https:\/\/i0.wp.com\/eltrabajo.cl\/portal\/wp-content\/uploads\/2021\/11\/robo-Ramada.jpg?resize=200%2C109&amp;ssl=1 200w, https:\/\/i0.wp.com\/eltrabajo.cl\/portal\/wp-content\/uploads\/2021\/11\/robo-Ramada.jpg?resize=696%2C378&amp;ssl=1 696w\" sizes=\"auto, (max-width: 640px) 100vw, 640px\" \/><figcaption id=\"caption-attachment-111520\" class=\"wp-caption-text\">Esta es la ramada que tiene Ignacio Rosas, su emprendimiento.<\/figcaption><\/figure>\n","protected":false},"excerpt":{"rendered":"<p>Lo tienen de \u2018casero y ya le han robado cuatro veces: Angustiado, con miedo, desesperanzado, as\u00ed se encuentra un joven emprendedor de San Felipe que, con 24 a\u00f1os, tiene su ramada donde&#8230;<\/p>\n","protected":false},"author":482,"featured_media":111519,"comment_status":"closed","ping_status":"open","sticky":false,"template":"","format":"standard","meta":{"advanced_seo_description":"","jetpack_seo_html_title":"","jetpack_seo_noindex":false,"_jetpack_memberships_contains_paid_content":false,"footnotes":""},"categories":[21],"tags":[],"class_list":["post-111518","post","type-post","status-publish","format-standard","has-post-thumbnail","hentry","category-policial"],"jetpack_featured_media_url":"https:\/\/i0.wp.com\/eltrabajo.cl\/portal\/wp-content\/uploads\/2021\/11\/robo-Ignacio.jpg?fit=699%2C483&ssl=1","jetpack_sharing_enabled":true,"jetpack_likes_enabled":true,"jetpack-related-posts":[],"_links":{"self":[{"href":"https:\/\/eltrabajo.cl\/portal\/wp-json\/wp\/v2\/posts\/111518","targetHints":{"allow":["GET"]}}],"collection":[{"href":"https:\/\/eltrabajo.cl\/portal\/wp-json\/wp\/v2\/posts"}],"about":[{"href":"https:\/\/eltrabajo.cl\/portal\/wp-json\/wp\/v2\/types\/post"}],"author":[{"embeddable":true,"href":"https:\/\/eltrabajo.cl\/portal\/wp-json\/wp\/v2\/users\/482"}],"replies":[{"embeddable":true,"href":"https:\/\/eltrabajo.cl\/portal\/wp-json\/wp\/v2\/comments?post=111518"}],"version-history":[{"count":0,"href":"https:\/\/eltrabajo.cl\/portal\/wp-json\/wp\/v2\/posts\/111518\/revisions"}],"wp:featuredmedia":[{"embeddable":true,"href":"https:\/\/eltrabajo.cl\/portal\/wp-json\/wp\/v2\/media\/111519"}],"wp:attachment":[{"href":"https:\/\/eltrabajo.cl\/portal\/wp-json\/wp\/v2\/media?parent=111518"}],"wp:term":[{"taxonomy":"category","embeddable":true,"href":"https:\/\/eltrabajo.cl\/portal\/wp-json\/wp\/v2\/categories?post=111518"},{"taxonomy":"post_tag","embeddable":true,"href":"https:\/\/eltrabajo.cl\/portal\/wp-json\/wp\/v2\/tags?post=111518"}],"curies":[{"name":"wp","href":"https:\/\/api.w.org\/{rel}","templated":true}]}}