{"id":111528,"date":"2021-11-30T07:55:31","date_gmt":"2021-11-30T10:55:31","guid":{"rendered":"https:\/\/eltrabajo.cl\/portal\/?p=111528"},"modified":"2021-11-29T21:56:51","modified_gmt":"2021-11-30T00:56:51","slug":"abuelito-de-75-anos-atropellado-frente-a-panaderia-en-sargento-aldea","status":"publish","type":"post","link":"https:\/\/eltrabajo.cl\/portal\/abuelito-de-75-anos-atropellado-frente-a-panaderia-en-sargento-aldea\/","title":{"rendered":"Abuelito de 75 a\u00f1os atropellado frente a panader\u00eda en Sargento Aldea"},"content":{"rendered":"<p style=\"text-align: left;\"><span style=\"color: #ff0000;\"><strong>Su cabeza quebr\u00f3 el parabrisas y cay\u00f3 contra el pavimento:<\/strong><\/span><\/p>\n<p style=\"text-align: justify;\">Un atropello de alta energ\u00eda se registr\u00f3 la tarde de este lunes frente a Panader\u00eda Yungay en Sargento Aldea, pasado Avenida Maip\u00fa. El accidente dej\u00f3 como saldo a un adulto mayor de 75 a\u00f1os de edad seriamente herido, tirado en el pavimento.<\/p>\n<p style=\"text-align: justify;\">El impacto ocurri\u00f3 cuando \u2018<strong>Don Hugo<\/strong>\u2019, as\u00ed lo identificaron algunos vecinos, cruzaba la v\u00eda hacia la panader\u00eda, momentos en que un veh\u00edculo menor, color gris, lo impact\u00f3 de costado, pegando su cabeza contra el parabrisas y cayendo aparatosamente en la v\u00eda p\u00fablica.<\/p>\n<p style=\"text-align: justify;\">En pocos minutos llegaron al lugar unidades de Bomberos (R-3), Carabineros y el SAMU. Tras varios minutos estabilizando al afectado y luego que personal del SAMU lograra adecuar la camilla para movilizar a don Hugo, el mismo fue ingresado a la ambulancia para ser trasladado al Hospital San Camilo en estado delicado, pero consciente.<\/p>\n<p style=\"text-align: justify;\">Carabineros por su parte asegur\u00f3 la escena y trasladaron al conductor para realizar las pericias de rigor, el cual portaba toda su documentaci\u00f3n al d\u00eda.<\/p>\n<p style=\"text-align: justify;\">El golpe del afectado contra el parabrisas gener\u00f3 que ese ventanal frontal sufriera da\u00f1os. En el lugar donde cay\u00f3 don Hugo no hab\u00edan rastros de sangre, lo que nos hace presumir que debi\u00f3 haber sufrido un TEC cerrado.<\/p>\n<p style=\"text-align: justify;\"><strong>Roberto Gonz\u00e1lez Short<\/strong><\/p>\n<figure id=\"attachment_111529\" aria-describedby=\"caption-attachment-111529\" style=\"width: 698px\" class=\"wp-caption alignnone\"><img data-recalc-dims=\"1\" loading=\"lazy\" decoding=\"async\" class=\"size-full wp-image-111529\" src=\"https:\/\/i0.wp.com\/eltrabajo.cl\/portal\/wp-content\/uploads\/2021\/11\/Atropello1.jpg?resize=640%2C403&#038;ssl=1\" alt=\"EN EL LUGAR.- Las c\u00e1maras de Diario El Trabajo captan el instante cuando el adulto mayor atropellado es conducido a la ambulancia del SAMU.\" width=\"640\" height=\"403\" srcset=\"https:\/\/i0.wp.com\/eltrabajo.cl\/portal\/wp-content\/uploads\/2021\/11\/Atropello1.jpg?w=698&amp;ssl=1 698w, https:\/\/i0.wp.com\/eltrabajo.cl\/portal\/wp-content\/uploads\/2021\/11\/Atropello1.jpg?resize=300%2C189&amp;ssl=1 300w, https:\/\/i0.wp.com\/eltrabajo.cl\/portal\/wp-content\/uploads\/2021\/11\/Atropello1.jpg?resize=200%2C126&amp;ssl=1 200w, https:\/\/i0.wp.com\/eltrabajo.cl\/portal\/wp-content\/uploads\/2021\/11\/Atropello1.jpg?resize=696%2C438&amp;ssl=1 696w\" sizes=\"auto, (max-width: 640px) 100vw, 640px\" \/><figcaption id=\"caption-attachment-111529\" class=\"wp-caption-text\">EN EL LUGAR.- Las c\u00e1maras de Diario El Trabajo captan el instante cuando el adulto mayor atropellado es conducido a la ambulancia del SAMU.<\/figcaption><\/figure>\n<figure id=\"attachment_111530\" aria-describedby=\"caption-attachment-111530\" style=\"width: 699px\" class=\"wp-caption alignnone\"><img data-recalc-dims=\"1\" loading=\"lazy\" decoding=\"async\" class=\"size-full wp-image-111530\" src=\"https:\/\/i0.wp.com\/eltrabajo.cl\/portal\/wp-content\/uploads\/2021\/11\/Atropello2.jpg?resize=640%2C428&#038;ssl=1\" alt=\"IMPRESIONANTE.- As\u00ed qued\u00f3 el parabrisas del auto involucrado, luego de impactar la cabeza del peat\u00f3n con gran energ\u00eda.\" width=\"640\" height=\"428\" srcset=\"https:\/\/i0.wp.com\/eltrabajo.cl\/portal\/wp-content\/uploads\/2021\/11\/Atropello2.jpg?w=699&amp;ssl=1 699w, https:\/\/i0.wp.com\/eltrabajo.cl\/portal\/wp-content\/uploads\/2021\/11\/Atropello2.jpg?resize=300%2C200&amp;ssl=1 300w, https:\/\/i0.wp.com\/eltrabajo.cl\/portal\/wp-content\/uploads\/2021\/11\/Atropello2.jpg?resize=200%2C134&amp;ssl=1 200w, https:\/\/i0.wp.com\/eltrabajo.cl\/portal\/wp-content\/uploads\/2021\/11\/Atropello2.jpg?resize=696%2C465&amp;ssl=1 696w\" sizes=\"auto, (max-width: 640px) 100vw, 640px\" \/><figcaption id=\"caption-attachment-111530\" class=\"wp-caption-text\">IMPRESIONANTE.- As\u00ed qued\u00f3 el parabrisas del auto involucrado, luego de impactar la cabeza del peat\u00f3n con gran energ\u00eda.<\/figcaption><\/figure>\n<figure id=\"attachment_111531\" aria-describedby=\"caption-attachment-111531\" style=\"width: 699px\" class=\"wp-caption alignnone\"><img data-recalc-dims=\"1\" loading=\"lazy\" decoding=\"async\" class=\"size-full wp-image-111531\" src=\"https:\/\/i0.wp.com\/eltrabajo.cl\/portal\/wp-content\/uploads\/2021\/11\/Atropello3.jpg?resize=640%2C419&#038;ssl=1\" alt=\"INVESTIGAN ACCIDENTE.- Este es el veh\u00edculo involucrado en este atropello de alta energ\u00eda la tarde de este lunes frente a la Panader\u00eda Yungay.\" width=\"640\" height=\"419\" srcset=\"https:\/\/i0.wp.com\/eltrabajo.cl\/portal\/wp-content\/uploads\/2021\/11\/Atropello3.jpg?w=699&amp;ssl=1 699w, https:\/\/i0.wp.com\/eltrabajo.cl\/portal\/wp-content\/uploads\/2021\/11\/Atropello3.jpg?resize=300%2C197&amp;ssl=1 300w, https:\/\/i0.wp.com\/eltrabajo.cl\/portal\/wp-content\/uploads\/2021\/11\/Atropello3.jpg?resize=200%2C131&amp;ssl=1 200w, https:\/\/i0.wp.com\/eltrabajo.cl\/portal\/wp-content\/uploads\/2021\/11\/Atropello3.jpg?resize=696%2C456&amp;ssl=1 696w\" sizes=\"auto, (max-width: 640px) 100vw, 640px\" \/><figcaption id=\"caption-attachment-111531\" class=\"wp-caption-text\">INVESTIGAN ACCIDENTE.- Este es el veh\u00edculo involucrado en este atropello de alta energ\u00eda la tarde de este lunes frente a la Panader\u00eda Yungay.<\/figcaption><\/figure>\n","protected":false},"excerpt":{"rendered":"<p>Su cabeza quebr\u00f3 el parabrisas y cay\u00f3 contra el pavimento: Un atropello de alta energ\u00eda se registr\u00f3 la tarde de este lunes frente a Panader\u00eda Yungay en Sargento Aldea, pasado Avenida Maip\u00fa&#8230;.<\/p>\n","protected":false},"author":482,"featured_media":111529,"comment_status":"closed","ping_status":"open","sticky":false,"template":"","format":"standard","meta":{"advanced_seo_description":"","jetpack_seo_html_title":"","jetpack_seo_noindex":false,"_jetpack_memberships_contains_paid_content":false,"footnotes":""},"categories":[21],"tags":[],"class_list":["post-111528","post","type-post","status-publish","format-standard","has-post-thumbnail","hentry","category-policial"],"jetpack_featured_media_url":"https:\/\/i0.wp.com\/eltrabajo.cl\/portal\/wp-content\/uploads\/2021\/11\/Atropello1.jpg?fit=698%2C439&ssl=1","jetpack_sharing_enabled":true,"jetpack_likes_enabled":true,"jetpack-related-posts":[],"_links":{"self":[{"href":"https:\/\/eltrabajo.cl\/portal\/wp-json\/wp\/v2\/posts\/111528","targetHints":{"allow":["GET"]}}],"collection":[{"href":"https:\/\/eltrabajo.cl\/portal\/wp-json\/wp\/v2\/posts"}],"about":[{"href":"https:\/\/eltrabajo.cl\/portal\/wp-json\/wp\/v2\/types\/post"}],"author":[{"embeddable":true,"href":"https:\/\/eltrabajo.cl\/portal\/wp-json\/wp\/v2\/users\/482"}],"replies":[{"embeddable":true,"href":"https:\/\/eltrabajo.cl\/portal\/wp-json\/wp\/v2\/comments?post=111528"}],"version-history":[{"count":0,"href":"https:\/\/eltrabajo.cl\/portal\/wp-json\/wp\/v2\/posts\/111528\/revisions"}],"wp:featuredmedia":[{"embeddable":true,"href":"https:\/\/eltrabajo.cl\/portal\/wp-json\/wp\/v2\/media\/111529"}],"wp:attachment":[{"href":"https:\/\/eltrabajo.cl\/portal\/wp-json\/wp\/v2\/media?parent=111528"}],"wp:term":[{"taxonomy":"category","embeddable":true,"href":"https:\/\/eltrabajo.cl\/portal\/wp-json\/wp\/v2\/categories?post=111528"},{"taxonomy":"post_tag","embeddable":true,"href":"https:\/\/eltrabajo.cl\/portal\/wp-json\/wp\/v2\/tags?post=111528"}],"curies":[{"name":"wp","href":"https:\/\/api.w.org\/{rel}","templated":true}]}}