{"id":111548,"date":"2021-12-01T07:50:38","date_gmt":"2021-12-01T10:50:38","guid":{"rendered":"https:\/\/eltrabajo.cl\/portal\/?p=111548"},"modified":"2021-11-30T21:24:29","modified_gmt":"2021-12-01T00:24:29","slug":"una-persona-resulto-herida-al-volcar-de-campana-colectivo-en-el-que-viajaba","status":"publish","type":"post","link":"https:\/\/eltrabajo.cl\/portal\/una-persona-resulto-herida-al-volcar-de-campana-colectivo-en-el-que-viajaba\/","title":{"rendered":"Una persona result\u00f3 herida al volcar de campana colectivo en el que viajaba"},"content":{"rendered":"<p style=\"text-align: left;\"><span style=\"color: #ff0000;\"><strong>Colisi\u00f3n en la esquina de Yungay con San Mart\u00edn:<\/strong><\/span><\/p>\n<p style=\"text-align: justify;\">Una pasajera de un colectivo result\u00f3 lesionada tras impactar dicho veh\u00edculo con otro autom\u00f3vil menor en la esquina de Avenida Yungay con calle San Mart\u00edn a las 9:30 horas de este martes. La colisi\u00f3n ocurri\u00f3 cuando el veh\u00edculo que bajaba por San Mart\u00edn intent\u00f3 pasar del bandej\u00f3n a la avenida, por donde ven\u00eda el colectivo con derecho a paso.<\/p>\n<p style=\"text-align: justify;\">El impacto fue tan fuerte que el auto de transporte p\u00fablico dio varias vueltas y se estrell\u00f3 contra los bolardos de la ciclov\u00eda que hay en el bandej\u00f3n, quedando finalmente de campana, o sea, con las ruedas hacia arriba. Al lugar del accidente lleg\u00f3 una ambulancia del SAMU, Bomberos y Carabineros, la paciente fue trasladada al Hospital San Camilo.<\/p>\n<p style=\"text-align: justify;\"><strong>Roberto Gonz\u00e1lez Short<\/strong><\/p>\n<figure id=\"attachment_111549\" aria-describedby=\"caption-attachment-111549\" style=\"width: 700px\" class=\"wp-caption alignnone\"><img data-recalc-dims=\"1\" loading=\"lazy\" decoding=\"async\" class=\"size-full wp-image-111549\" src=\"https:\/\/i0.wp.com\/eltrabajo.cl\/portal\/wp-content\/uploads\/2021\/11\/Choque3.jpg?resize=640%2C428&#038;ssl=1\" alt=\"EL CHOQUE DEL D\u00cdA.- El impacto fue tan fuerte que el auto de transporte p\u00fablico dio varias vueltas y se estrell\u00f3 contra los bolardos de la ciclov\u00eda que hay en el bandej\u00f3n.\" width=\"640\" height=\"428\" srcset=\"https:\/\/i0.wp.com\/eltrabajo.cl\/portal\/wp-content\/uploads\/2021\/11\/Choque3.jpg?w=700&amp;ssl=1 700w, https:\/\/i0.wp.com\/eltrabajo.cl\/portal\/wp-content\/uploads\/2021\/11\/Choque3.jpg?resize=300%2C201&amp;ssl=1 300w, https:\/\/i0.wp.com\/eltrabajo.cl\/portal\/wp-content\/uploads\/2021\/11\/Choque3.jpg?resize=200%2C134&amp;ssl=1 200w, https:\/\/i0.wp.com\/eltrabajo.cl\/portal\/wp-content\/uploads\/2021\/11\/Choque3.jpg?resize=696%2C465&amp;ssl=1 696w\" sizes=\"auto, (max-width: 640px) 100vw, 640px\" \/><figcaption id=\"caption-attachment-111549\" class=\"wp-caption-text\">EL CHOQUE DEL D\u00cdA.- El impacto fue tan fuerte que el auto de transporte p\u00fablico dio varias vueltas y se estrell\u00f3 contra los bolardos de la ciclov\u00eda que hay en el bandej\u00f3n.<\/figcaption><\/figure>\n<figure id=\"attachment_111550\" aria-describedby=\"caption-attachment-111550\" style=\"width: 699px\" class=\"wp-caption alignnone\"><img data-recalc-dims=\"1\" loading=\"lazy\" decoding=\"async\" class=\"size-full wp-image-111550\" src=\"https:\/\/i0.wp.com\/eltrabajo.cl\/portal\/wp-content\/uploads\/2021\/11\/choque2.jpg?resize=640%2C428&#038;ssl=1\" alt=\"DA\u00d1OS MENORES.- Este es el otro veh\u00edculo involucrado en el incidente, ten\u00eda frente a s\u00ed un disco PARE.\" width=\"640\" height=\"428\" srcset=\"https:\/\/i0.wp.com\/eltrabajo.cl\/portal\/wp-content\/uploads\/2021\/11\/choque2.jpg?w=699&amp;ssl=1 699w, https:\/\/i0.wp.com\/eltrabajo.cl\/portal\/wp-content\/uploads\/2021\/11\/choque2.jpg?resize=300%2C200&amp;ssl=1 300w, https:\/\/i0.wp.com\/eltrabajo.cl\/portal\/wp-content\/uploads\/2021\/11\/choque2.jpg?resize=200%2C134&amp;ssl=1 200w, https:\/\/i0.wp.com\/eltrabajo.cl\/portal\/wp-content\/uploads\/2021\/11\/choque2.jpg?resize=696%2C465&amp;ssl=1 696w\" sizes=\"auto, (max-width: 640px) 100vw, 640px\" \/><figcaption id=\"caption-attachment-111550\" class=\"wp-caption-text\">DA\u00d1OS MENORES.- Este es el otro veh\u00edculo involucrado en el incidente, ten\u00eda frente a s\u00ed un disco PARE.<\/figcaption><\/figure>\n","protected":false},"excerpt":{"rendered":"<p>Colisi\u00f3n en la esquina de Yungay con San Mart\u00edn: Una pasajera de un colectivo result\u00f3 lesionada tras impactar dicho veh\u00edculo con otro autom\u00f3vil menor en la esquina de Avenida Yungay con calle&#8230;<\/p>\n","protected":false},"author":482,"featured_media":111549,"comment_status":"closed","ping_status":"open","sticky":false,"template":"","format":"standard","meta":{"advanced_seo_description":"","jetpack_seo_html_title":"","jetpack_seo_noindex":false,"_jetpack_memberships_contains_paid_content":false,"footnotes":""},"categories":[21],"tags":[],"class_list":["post-111548","post","type-post","status-publish","format-standard","has-post-thumbnail","hentry","category-policial"],"jetpack_featured_media_url":"https:\/\/i0.wp.com\/eltrabajo.cl\/portal\/wp-content\/uploads\/2021\/11\/Choque3.jpg?fit=700%2C468&ssl=1","jetpack_sharing_enabled":true,"jetpack_likes_enabled":true,"jetpack-related-posts":[],"_links":{"self":[{"href":"https:\/\/eltrabajo.cl\/portal\/wp-json\/wp\/v2\/posts\/111548","targetHints":{"allow":["GET"]}}],"collection":[{"href":"https:\/\/eltrabajo.cl\/portal\/wp-json\/wp\/v2\/posts"}],"about":[{"href":"https:\/\/eltrabajo.cl\/portal\/wp-json\/wp\/v2\/types\/post"}],"author":[{"embeddable":true,"href":"https:\/\/eltrabajo.cl\/portal\/wp-json\/wp\/v2\/users\/482"}],"replies":[{"embeddable":true,"href":"https:\/\/eltrabajo.cl\/portal\/wp-json\/wp\/v2\/comments?post=111548"}],"version-history":[{"count":0,"href":"https:\/\/eltrabajo.cl\/portal\/wp-json\/wp\/v2\/posts\/111548\/revisions"}],"wp:featuredmedia":[{"embeddable":true,"href":"https:\/\/eltrabajo.cl\/portal\/wp-json\/wp\/v2\/media\/111549"}],"wp:attachment":[{"href":"https:\/\/eltrabajo.cl\/portal\/wp-json\/wp\/v2\/media?parent=111548"}],"wp:term":[{"taxonomy":"category","embeddable":true,"href":"https:\/\/eltrabajo.cl\/portal\/wp-json\/wp\/v2\/categories?post=111548"},{"taxonomy":"post_tag","embeddable":true,"href":"https:\/\/eltrabajo.cl\/portal\/wp-json\/wp\/v2\/tags?post=111548"}],"curies":[{"name":"wp","href":"https:\/\/api.w.org\/{rel}","templated":true}]}}