{"id":111582,"date":"2021-12-02T07:55:03","date_gmt":"2021-12-02T10:55:03","guid":{"rendered":"https:\/\/eltrabajo.cl\/portal\/?p=111582"},"modified":"2021-12-01T22:46:15","modified_gmt":"2021-12-02T01:46:15","slug":"arranco-de-su-base-poste-de-fibra-optica-en-camino-curimon","status":"publish","type":"post","link":"https:\/\/eltrabajo.cl\/portal\/arranco-de-su-base-poste-de-fibra-optica-en-camino-curimon\/","title":{"rendered":"Arranc\u00f3 de su base poste de fibra \u00f3ptica en camino Curim\u00f3n"},"content":{"rendered":"<p style=\"text-align: justify;\">Un poste que sosten\u00eda cable de fibra \u00f3ptica fue arrancado de su base por un veh\u00edculo menor que se dirig\u00eda desde Los Andes a San Felipe por la ruta Curim\u00f3n, a la altura del fundo Estefan\u00eda.<\/p>\n<p style=\"text-align: justify;\">El accidente se registr\u00f3 a las 17:52 horas de este mi\u00e9rcoles y el impacto gener\u00f3 importantes da\u00f1os materiales en la parte lateral izquierda del veh\u00edculo, adem\u00e1s de lesiones de mediana consideraci\u00f3n en la humanidad del conductor, quien qued\u00f3 atrapado en el interior del autom\u00f3vil.<\/p>\n<p style=\"text-align: justify;\">Al lugar llegaron una ambulancia del SAMU, la Unidad R-3 de Bomberos San Felipe y una patrulla de Carabineros del ret\u00e9n Curim\u00f3n. A ra\u00edz del incidente la ruta permaneci\u00f3 cerrada por m\u00e1s de una hora en ambos sentidos. Finalmente y gracias a maniobras de extricaci\u00f3n de los rescatistas de Bomberos, finalmente el conductor pudo ser liberado.<\/p>\n<p style=\"text-align: justify;\">Las autoridades lograron accionar con mayor tranquilidad luego que la empresa Chilquinta confirmara que ese poste arrancado no ten\u00eda cables de alta tensi\u00f3n, sino m\u00e1s bien s\u00f3lo l\u00edneas de fibra \u00f3ptica.<\/p>\n<p style=\"text-align: justify;\"><strong>Roberto Gonz\u00e1lez Short<\/strong><\/p>\n<figure id=\"attachment_111583\" aria-describedby=\"caption-attachment-111583\" style=\"width: 698px\" class=\"wp-caption alignnone\"><img data-recalc-dims=\"1\" loading=\"lazy\" decoding=\"async\" class=\"size-full wp-image-111583\" src=\"https:\/\/i0.wp.com\/eltrabajo.cl\/portal\/wp-content\/uploads\/2021\/12\/Poste1.jpg?resize=640%2C393&#038;ssl=1\" alt=\"EN EL LUGAR.- Las c\u00e1maras de Diario El Trabajo registran el momento del rescate vehicular, en la gr\u00e1fica vemos c\u00f3mo el conductor es trasladado por personal m\u00e9dico a la ambulancia del SAMU.\" width=\"640\" height=\"393\" srcset=\"https:\/\/i0.wp.com\/eltrabajo.cl\/portal\/wp-content\/uploads\/2021\/12\/Poste1.jpg?w=698&amp;ssl=1 698w, https:\/\/i0.wp.com\/eltrabajo.cl\/portal\/wp-content\/uploads\/2021\/12\/Poste1.jpg?resize=300%2C184&amp;ssl=1 300w, https:\/\/i0.wp.com\/eltrabajo.cl\/portal\/wp-content\/uploads\/2021\/12\/Poste1.jpg?resize=200%2C123&amp;ssl=1 200w, https:\/\/i0.wp.com\/eltrabajo.cl\/portal\/wp-content\/uploads\/2021\/12\/Poste1.jpg?resize=696%2C428&amp;ssl=1 696w\" sizes=\"auto, (max-width: 640px) 100vw, 640px\" \/><figcaption id=\"caption-attachment-111583\" class=\"wp-caption-text\">EN EL LUGAR.- Las c\u00e1maras de Diario El Trabajo registran el momento del rescate vehicular, en la gr\u00e1fica vemos c\u00f3mo el conductor es trasladado por personal m\u00e9dico a la ambulancia del SAMU.<\/figcaption><\/figure>\n<figure id=\"attachment_111584\" aria-describedby=\"caption-attachment-111584\" style=\"width: 699px\" class=\"wp-caption alignnone\"><img data-recalc-dims=\"1\" loading=\"lazy\" decoding=\"async\" class=\"size-full wp-image-111584\" src=\"https:\/\/i0.wp.com\/eltrabajo.cl\/portal\/wp-content\/uploads\/2021\/12\/Poste3.jpg?resize=640%2C388&#038;ssl=1\" alt=\"CON GRAN POTENCIA.- Desde la base fue arrancado este poste de concreto, el conductor s\u00f3lo sufri\u00f3 golpes de mediana consideraci\u00f3n.\" width=\"640\" height=\"388\" srcset=\"https:\/\/i0.wp.com\/eltrabajo.cl\/portal\/wp-content\/uploads\/2021\/12\/Poste3.jpg?w=699&amp;ssl=1 699w, https:\/\/i0.wp.com\/eltrabajo.cl\/portal\/wp-content\/uploads\/2021\/12\/Poste3.jpg?resize=300%2C182&amp;ssl=1 300w, https:\/\/i0.wp.com\/eltrabajo.cl\/portal\/wp-content\/uploads\/2021\/12\/Poste3.jpg?resize=200%2C121&amp;ssl=1 200w, https:\/\/i0.wp.com\/eltrabajo.cl\/portal\/wp-content\/uploads\/2021\/12\/Poste3.jpg?resize=696%2C422&amp;ssl=1 696w\" sizes=\"auto, (max-width: 640px) 100vw, 640px\" \/><figcaption id=\"caption-attachment-111584\" class=\"wp-caption-text\">CON GRAN POTENCIA.- Desde la base fue arrancado este poste de concreto, el conductor s\u00f3lo sufri\u00f3 golpes de mediana consideraci\u00f3n.<\/figcaption><\/figure>\n","protected":false},"excerpt":{"rendered":"<p>Un poste que sosten\u00eda cable de fibra \u00f3ptica fue arrancado de su base por un veh\u00edculo menor que se dirig\u00eda desde Los Andes a San Felipe por la ruta Curim\u00f3n, a la&#8230;<\/p>\n","protected":false},"author":482,"featured_media":111583,"comment_status":"closed","ping_status":"open","sticky":false,"template":"","format":"standard","meta":{"advanced_seo_description":"","jetpack_seo_html_title":"","jetpack_seo_noindex":false,"_jetpack_memberships_contains_paid_content":false,"footnotes":""},"categories":[21],"tags":[],"class_list":["post-111582","post","type-post","status-publish","format-standard","has-post-thumbnail","hentry","category-policial"],"jetpack_featured_media_url":"https:\/\/i0.wp.com\/eltrabajo.cl\/portal\/wp-content\/uploads\/2021\/12\/Poste1.jpg?fit=698%2C429&ssl=1","jetpack_sharing_enabled":true,"jetpack_likes_enabled":true,"jetpack-related-posts":[],"_links":{"self":[{"href":"https:\/\/eltrabajo.cl\/portal\/wp-json\/wp\/v2\/posts\/111582","targetHints":{"allow":["GET"]}}],"collection":[{"href":"https:\/\/eltrabajo.cl\/portal\/wp-json\/wp\/v2\/posts"}],"about":[{"href":"https:\/\/eltrabajo.cl\/portal\/wp-json\/wp\/v2\/types\/post"}],"author":[{"embeddable":true,"href":"https:\/\/eltrabajo.cl\/portal\/wp-json\/wp\/v2\/users\/482"}],"replies":[{"embeddable":true,"href":"https:\/\/eltrabajo.cl\/portal\/wp-json\/wp\/v2\/comments?post=111582"}],"version-history":[{"count":0,"href":"https:\/\/eltrabajo.cl\/portal\/wp-json\/wp\/v2\/posts\/111582\/revisions"}],"wp:featuredmedia":[{"embeddable":true,"href":"https:\/\/eltrabajo.cl\/portal\/wp-json\/wp\/v2\/media\/111583"}],"wp:attachment":[{"href":"https:\/\/eltrabajo.cl\/portal\/wp-json\/wp\/v2\/media?parent=111582"}],"wp:term":[{"taxonomy":"category","embeddable":true,"href":"https:\/\/eltrabajo.cl\/portal\/wp-json\/wp\/v2\/categories?post=111582"},{"taxonomy":"post_tag","embeddable":true,"href":"https:\/\/eltrabajo.cl\/portal\/wp-json\/wp\/v2\/tags?post=111582"}],"curies":[{"name":"wp","href":"https:\/\/api.w.org\/{rel}","templated":true}]}}