{"id":111596,"date":"2021-12-03T07:40:35","date_gmt":"2021-12-03T10:40:35","guid":{"rendered":"https:\/\/eltrabajo.cl\/portal\/?p=111596"},"modified":"2021-12-02T23:34:42","modified_gmt":"2021-12-03T02:34:42","slug":"maria-belen-carvajal-se-convertira-en-la-primera-mujer-en-arbitrar-en-la-primera-a","status":"publish","type":"post","link":"https:\/\/eltrabajo.cl\/portal\/maria-belen-carvajal-se-convertira-en-la-primera-mujer-en-arbitrar-en-la-primera-a\/","title":{"rendered":"Mar\u00eda Bel\u00e9n Carvajal se convertir\u00e1 en la primera mujer en arbitrar en la Primera A"},"content":{"rendered":"<p style=\"text-align: justify;\">La Hija Ilustre de San Felipe, <strong>Mar\u00eda Bel\u00e9n Carvajal<\/strong>, entrar\u00e1 en la historia grande del f\u00fatbol profesional chileno cuando ma\u00f1ana s\u00e1bado se convierta en la primera mujer en dirigir un partido oficial de la Primera Divisi\u00f3n A.<\/p>\n<p style=\"text-align: justify;\">El partido en la que la sanfelipe\u00f1a tendr\u00e1 su cita con la historia, ser\u00e1 el que protagonizar\u00e1n en el estadio La Portada de la Serena, Deportes La Serena y Santiago Wanderers, encuentro v\u00e1lido por la \u00faltima fecha del torneo mayor del balompi\u00e9 nacional.<\/p>\n<p style=\"text-align: justify;\">Por medio del sitio oficial de la ANFP, Mar\u00eda Bel\u00e9n Carvajal declar\u00f3: <em>\u00abEsta es una nueva demostraci\u00f3n de que las barreras ya no existen y que nuestra capacidad nos puede llevar hasta donde queramos. Han sido dos a\u00f1os de crecimiento y este es un nuevo gran paso para el arbitraje femenino, pero por sobre todo satisfecha por la confianza en nuestro trabajo\u00bb.<\/em><\/p>\n<figure id=\"attachment_111597\" aria-describedby=\"caption-attachment-111597\" style=\"width: 699px\" class=\"wp-caption alignnone\"><img data-recalc-dims=\"1\" loading=\"lazy\" decoding=\"async\" class=\"size-full wp-image-111597\" src=\"https:\/\/i0.wp.com\/eltrabajo.cl\/portal\/wp-content\/uploads\/2021\/12\/Maria-Belen-Carvajal.jpg?resize=640%2C427&#038;ssl=1\" alt=\"La refer\u00ed sanfelipe\u00f1a se convertir\u00e1 en la primera mujer en impartir justicia en la Primera A.\" width=\"640\" height=\"427\" srcset=\"https:\/\/i0.wp.com\/eltrabajo.cl\/portal\/wp-content\/uploads\/2021\/12\/Maria-Belen-Carvajal.jpg?w=699&amp;ssl=1 699w, https:\/\/i0.wp.com\/eltrabajo.cl\/portal\/wp-content\/uploads\/2021\/12\/Maria-Belen-Carvajal.jpg?resize=300%2C200&amp;ssl=1 300w, https:\/\/i0.wp.com\/eltrabajo.cl\/portal\/wp-content\/uploads\/2021\/12\/Maria-Belen-Carvajal.jpg?resize=200%2C133&amp;ssl=1 200w, https:\/\/i0.wp.com\/eltrabajo.cl\/portal\/wp-content\/uploads\/2021\/12\/Maria-Belen-Carvajal.jpg?resize=696%2C464&amp;ssl=1 696w\" sizes=\"auto, (max-width: 640px) 100vw, 640px\" \/><figcaption id=\"caption-attachment-111597\" class=\"wp-caption-text\">La refer\u00ed sanfelipe\u00f1a se convertir\u00e1 en la primera mujer en impartir justicia en la Primera A.<\/figcaption><\/figure>\n","protected":false},"excerpt":{"rendered":"<p>La Hija Ilustre de San Felipe, Mar\u00eda Bel\u00e9n Carvajal, entrar\u00e1 en la historia grande del f\u00fatbol profesional chileno cuando ma\u00f1ana s\u00e1bado se convierta en la primera mujer en dirigir un partido oficial&#8230;<\/p>\n","protected":false},"author":482,"featured_media":111597,"comment_status":"closed","ping_status":"open","sticky":false,"template":"","format":"standard","meta":{"advanced_seo_description":"","jetpack_seo_html_title":"","jetpack_seo_noindex":false,"_jetpack_memberships_contains_paid_content":false,"footnotes":""},"categories":[19],"tags":[],"class_list":["post-111596","post","type-post","status-publish","format-standard","has-post-thumbnail","hentry","category-deportes"],"jetpack_featured_media_url":"https:\/\/i0.wp.com\/eltrabajo.cl\/portal\/wp-content\/uploads\/2021\/12\/Maria-Belen-Carvajal.jpg?fit=699%2C466&ssl=1","jetpack_sharing_enabled":true,"jetpack_likes_enabled":true,"jetpack-related-posts":[],"_links":{"self":[{"href":"https:\/\/eltrabajo.cl\/portal\/wp-json\/wp\/v2\/posts\/111596","targetHints":{"allow":["GET"]}}],"collection":[{"href":"https:\/\/eltrabajo.cl\/portal\/wp-json\/wp\/v2\/posts"}],"about":[{"href":"https:\/\/eltrabajo.cl\/portal\/wp-json\/wp\/v2\/types\/post"}],"author":[{"embeddable":true,"href":"https:\/\/eltrabajo.cl\/portal\/wp-json\/wp\/v2\/users\/482"}],"replies":[{"embeddable":true,"href":"https:\/\/eltrabajo.cl\/portal\/wp-json\/wp\/v2\/comments?post=111596"}],"version-history":[{"count":0,"href":"https:\/\/eltrabajo.cl\/portal\/wp-json\/wp\/v2\/posts\/111596\/revisions"}],"wp:featuredmedia":[{"embeddable":true,"href":"https:\/\/eltrabajo.cl\/portal\/wp-json\/wp\/v2\/media\/111597"}],"wp:attachment":[{"href":"https:\/\/eltrabajo.cl\/portal\/wp-json\/wp\/v2\/media?parent=111596"}],"wp:term":[{"taxonomy":"category","embeddable":true,"href":"https:\/\/eltrabajo.cl\/portal\/wp-json\/wp\/v2\/categories?post=111596"},{"taxonomy":"post_tag","embeddable":true,"href":"https:\/\/eltrabajo.cl\/portal\/wp-json\/wp\/v2\/tags?post=111596"}],"curies":[{"name":"wp","href":"https:\/\/api.w.org\/{rel}","templated":true}]}}