{"id":111599,"date":"2021-12-03T07:45:07","date_gmt":"2021-12-03T10:45:07","guid":{"rendered":"https:\/\/eltrabajo.cl\/portal\/?p=111599"},"modified":"2021-12-02T23:36:43","modified_gmt":"2021-12-03T02:36:43","slug":"camion-con-toneladas-de-madera-casi-vuelca-en-pleno-centro-de-santa-maria","status":"publish","type":"post","link":"https:\/\/eltrabajo.cl\/portal\/camion-con-toneladas-de-madera-casi-vuelca-en-pleno-centro-de-santa-maria\/","title":{"rendered":"Cami\u00f3n con toneladas de madera casi vuelca en pleno centro de Santa Mar\u00eda"},"content":{"rendered":"<p style=\"text-align: left;\"><span style=\"color: #ff0000;\"><strong>Un \u00e1rbol evit\u00f3 que pesada carga da\u00f1ara una vivienda:<\/strong><\/span><\/p>\n<p style=\"text-align: justify;\"><strong>SANTA MAR\u00cdA.-<\/strong> Un inusual incidente de tr\u00e1nsito se registr\u00f3 cerca de las 9 de la ma\u00f1ana de este jueves en la calle principal de Santa Mar\u00eda, cuando un cami\u00f3n de alto tonelaje cargado con madera casi se vuelca por completo al intentar ingresar cargado a Poblaci\u00f3n Los H\u00e9roes desde calle Jahuel. El acoplado rodante de madera no alcanz\u00f3 a volcarse en su totalidad por un gran \u00e1rbol que lo impidi\u00f3, lo que evit\u00f3 da\u00f1os en una vivienda.<\/p>\n<p style=\"text-align: justify;\"><strong>Diario El Trabajo<\/strong> habl\u00f3 con <strong>Oscar Guerra<\/strong>, administrador municipal de Santa Mar\u00eda, quien nos explic\u00f3 que <em>\u00abrespecto al tema del volcamiento de la carga el d\u00eda de hoy <\/em>(ayer)<em> en la calle Jahuel en la comuna de Santa Mar\u00eda, en el sector urbano, si bien nosotros con respecto al Plan Regulador y al programa de tr\u00e1nsito que tenemos en la comuna, no especifica claramente del tr\u00e1nsito de alto tonelaje, puedo indicar que las \u00fanicas restricciones de las v\u00edas en Chile se restringen a producto de lo tonelaje en lo que son las estructuras de puente viaductos, en fin, en el caso nuestro el puente de La Higuera que accede desde el sector urbano hacia el sector norte de la comuna, el sector de Jahuel est\u00e1 condicionado a la gran cantidad de agricultores y otras funciones que tenemos en el sector, lo cual conlleva a que no podemos generar la restricci\u00f3n, ya que no tenemos otra v\u00eda alternativa para el sector. Es por eso que en este caso, el cami\u00f3n que iba transitando por el sector urbano y con direcci\u00f3n al sector norte, pero producto de la mala estibaci\u00f3n de la carga, fue el problema en s\u00ed, no fue un volcamiento del cami\u00f3n, sino que fue la mala estibaci\u00f3n y el volcamiento de la carga que correspond\u00eda a le\u00f1a, digamos, del propietario\u00bb,<\/em> indic\u00f3 el administrador.<\/p>\n<p style=\"text-align: justify;\">La v\u00eda fue cerrada en ambos sentidos por Carabineros, y las maniobras de descargar pieza por pieza la madera dilat\u00f3 cerca de tres horas. No se registraron da\u00f1os materiales en el cami\u00f3n, viviendas o la misma calle. Nuestro medio visit\u00f3 el aserradero para conocer la versi\u00f3n de los due\u00f1os, pero declinaron hablar con <strong>Diario El Trabajo<\/strong>.<\/p>\n<p style=\"text-align: justify;\"><strong>Roberto Gonz\u00e1lez Short<\/strong><\/p>\n<figure id=\"attachment_111600\" aria-describedby=\"caption-attachment-111600\" style=\"width: 698px\" class=\"wp-caption alignnone\"><img data-recalc-dims=\"1\" loading=\"lazy\" decoding=\"async\" class=\"size-full wp-image-111600\" src=\"https:\/\/i0.wp.com\/eltrabajo.cl\/portal\/wp-content\/uploads\/2021\/12\/Madera1.jpg?resize=640%2C414&#038;ssl=1\" alt=\"EN EL LUGAR JUSTO.- Las c\u00e1maras de Diario El Trabajo captan la escena, ese \u00e1rbol evit\u00f3 que el acoplado cargado de madera cayera sobre la vivienda.\" width=\"640\" height=\"414\" srcset=\"https:\/\/i0.wp.com\/eltrabajo.cl\/portal\/wp-content\/uploads\/2021\/12\/Madera1.jpg?w=698&amp;ssl=1 698w, https:\/\/i0.wp.com\/eltrabajo.cl\/portal\/wp-content\/uploads\/2021\/12\/Madera1.jpg?resize=300%2C194&amp;ssl=1 300w, https:\/\/i0.wp.com\/eltrabajo.cl\/portal\/wp-content\/uploads\/2021\/12\/Madera1.jpg?resize=200%2C129&amp;ssl=1 200w, https:\/\/i0.wp.com\/eltrabajo.cl\/portal\/wp-content\/uploads\/2021\/12\/Madera1.jpg?resize=696%2C450&amp;ssl=1 696w\" sizes=\"auto, (max-width: 640px) 100vw, 640px\" \/><figcaption id=\"caption-attachment-111600\" class=\"wp-caption-text\">EN EL LUGAR JUSTO.- Las c\u00e1maras de Diario El Trabajo captan la escena, ese \u00e1rbol evit\u00f3 que el acoplado cargado de madera cayera sobre la vivienda.<\/figcaption><\/figure>\n<figure id=\"attachment_111601\" aria-describedby=\"caption-attachment-111601\" style=\"width: 699px\" class=\"wp-caption alignnone\"><img data-recalc-dims=\"1\" loading=\"lazy\" decoding=\"async\" class=\"size-full wp-image-111601\" src=\"https:\/\/i0.wp.com\/eltrabajo.cl\/portal\/wp-content\/uploads\/2021\/12\/Madera3.jpg?resize=640%2C288&#038;ssl=1\" alt=\"TONELADAS DE MADERA.- La pesada carga no alcanz\u00f3 a tocar la vivienda, pues un \u00e1rbol lo impidi\u00f3.\" width=\"640\" height=\"288\" srcset=\"https:\/\/i0.wp.com\/eltrabajo.cl\/portal\/wp-content\/uploads\/2021\/12\/Madera3.jpg?w=699&amp;ssl=1 699w, https:\/\/i0.wp.com\/eltrabajo.cl\/portal\/wp-content\/uploads\/2021\/12\/Madera3.jpg?resize=300%2C135&amp;ssl=1 300w, https:\/\/i0.wp.com\/eltrabajo.cl\/portal\/wp-content\/uploads\/2021\/12\/Madera3.jpg?resize=200%2C90&amp;ssl=1 200w, https:\/\/i0.wp.com\/eltrabajo.cl\/portal\/wp-content\/uploads\/2021\/12\/Madera3.jpg?resize=696%2C314&amp;ssl=1 696w\" sizes=\"auto, (max-width: 640px) 100vw, 640px\" \/><figcaption id=\"caption-attachment-111601\" class=\"wp-caption-text\">TONELADAS DE MADERA.- La pesada carga no alcanz\u00f3 a tocar la vivienda, pues un \u00e1rbol lo impidi\u00f3.<\/figcaption><\/figure>\n","protected":false},"excerpt":{"rendered":"<p>Un \u00e1rbol evit\u00f3 que pesada carga da\u00f1ara una vivienda: SANTA MAR\u00cdA.- Un inusual incidente de tr\u00e1nsito se registr\u00f3 cerca de las 9 de la ma\u00f1ana de este jueves en la calle principal&#8230;<\/p>\n","protected":false},"author":482,"featured_media":111600,"comment_status":"closed","ping_status":"open","sticky":false,"template":"","format":"standard","meta":{"advanced_seo_description":"","jetpack_seo_html_title":"","jetpack_seo_noindex":false,"_jetpack_memberships_contains_paid_content":false,"footnotes":""},"categories":[21],"tags":[],"class_list":["post-111599","post","type-post","status-publish","format-standard","has-post-thumbnail","hentry","category-policial"],"jetpack_featured_media_url":"https:\/\/i0.wp.com\/eltrabajo.cl\/portal\/wp-content\/uploads\/2021\/12\/Madera1.jpg?fit=698%2C451&ssl=1","jetpack_sharing_enabled":true,"jetpack_likes_enabled":true,"jetpack-related-posts":[],"_links":{"self":[{"href":"https:\/\/eltrabajo.cl\/portal\/wp-json\/wp\/v2\/posts\/111599","targetHints":{"allow":["GET"]}}],"collection":[{"href":"https:\/\/eltrabajo.cl\/portal\/wp-json\/wp\/v2\/posts"}],"about":[{"href":"https:\/\/eltrabajo.cl\/portal\/wp-json\/wp\/v2\/types\/post"}],"author":[{"embeddable":true,"href":"https:\/\/eltrabajo.cl\/portal\/wp-json\/wp\/v2\/users\/482"}],"replies":[{"embeddable":true,"href":"https:\/\/eltrabajo.cl\/portal\/wp-json\/wp\/v2\/comments?post=111599"}],"version-history":[{"count":0,"href":"https:\/\/eltrabajo.cl\/portal\/wp-json\/wp\/v2\/posts\/111599\/revisions"}],"wp:featuredmedia":[{"embeddable":true,"href":"https:\/\/eltrabajo.cl\/portal\/wp-json\/wp\/v2\/media\/111600"}],"wp:attachment":[{"href":"https:\/\/eltrabajo.cl\/portal\/wp-json\/wp\/v2\/media?parent=111599"}],"wp:term":[{"taxonomy":"category","embeddable":true,"href":"https:\/\/eltrabajo.cl\/portal\/wp-json\/wp\/v2\/categories?post=111599"},{"taxonomy":"post_tag","embeddable":true,"href":"https:\/\/eltrabajo.cl\/portal\/wp-json\/wp\/v2\/tags?post=111599"}],"curies":[{"name":"wp","href":"https:\/\/api.w.org\/{rel}","templated":true}]}}