{"id":111610,"date":"2021-12-03T08:00:05","date_gmt":"2021-12-03T11:00:05","guid":{"rendered":"https:\/\/eltrabajo.cl\/portal\/?p=111610"},"modified":"2021-12-02T23:41:02","modified_gmt":"2021-12-03T02:41:02","slug":"asaltan-y-golpean-en-la-cabeza-a-profesora-de-yoga-para-robarle-celular","status":"publish","type":"post","link":"https:\/\/eltrabajo.cl\/portal\/asaltan-y-golpean-en-la-cabeza-a-profesora-de-yoga-para-robarle-celular\/","title":{"rendered":"Asaltan y golpean en la cabeza a profesora de yoga para robarle celular\u00a0"},"content":{"rendered":"<p style=\"text-align: left;\"><span style=\"color: #ff0000;\"><strong>Realizaba clases al aire libre en Avenida Yungay:<\/strong><\/span><\/p>\n<p style=\"text-align: justify;\">Tras un traum\u00e1tico robo con violencia sufrido por una profesora de Yoga de los Talleres Municipales de San Felipe, personal de la Secci\u00f3n de Investigaci\u00f3n Policial (SIP) de Carabineros de San Felipe detuvo al autor de este cobarde ataque.<\/p>\n<p style=\"text-align: justify;\">Se trata de un peligroso delincuente que finalmente qued\u00f3 en prisi\u00f3n preventiva luego de pasar a control de detenci\u00f3n el d\u00eda de ayer en la ma\u00f1ana ante el Juzgado de Garant\u00eda de San Felipe.<\/p>\n<p style=\"text-align: justify;\">Desde Carabineros indicaron que el hecho delictual ocurri\u00f3 este d\u00eda mi\u00e9rcoles en horas de la tarde, cuando una profesora de Yoga impart\u00eda clases a adultos mayores y una menor de edad en el bandej\u00f3n central de Avenida Yungay, espec\u00edficamente detr\u00e1s de la cancha de tenis, donde un sujeto se acerc\u00f3 al grupo y m\u00e1s espec\u00edficamente a unas especies que manten\u00eda la instructora a su lado mientras realizaba las clases, entre ellas su tel\u00e9fono celular. Al percatarse la profesora\u00a0 de que le estaban robando, comenz\u00f3 un forcejeo con el delincuente, donde \u00e9ste toma una botella y la golpea en la cabeza, dej\u00e1ndola semiinconsciente para luego el delincuente darse a la fuga.<\/p>\n<p style=\"text-align: justify;\">Debido a sus heridas, la profesora tuvo que ser trasladada hasta el Servicio de Urgencia del Hospital San Camilo, donde le diagnosticaron heridas menos graves.<\/p>\n<p style=\"text-align: justify;\">El mayor <strong>Cristian Ram\u00edrez Gald\u00e1mez<\/strong> indic\u00f3 que\u00a0 <em>\u00aben el forcejeo esta persona bota su tel\u00e9fono y ah\u00ed se pudo revisar la identidad de este imputado, gener\u00e1ndose de inmediato un operativo donde tanto con personal de servicio como de esta secci\u00f3n <\/em>(SIP)<em> se logr\u00f3 la detenci\u00f3n de esta persona y fue puesta a control de detenci\u00f3n hoy d\u00eda\u00bb <\/em>(ayer), se\u00f1al\u00f3.<\/p>\n<p style=\"text-align: justify;\">Como se mencion\u00f3 anteriormente, las diligencias investigativas quedaron en manos de la SIP de San Felipe, quienes despu\u00e9s de lograr la identificaci\u00f3n del delincuente, a eso de las 23,00 horas del mismo mi\u00e9rcoles, lograron detenerlo en la v\u00eda p\u00fablica\u00a0 en la poblaci\u00f3n La Escuadra.<\/p>\n<p style=\"text-align: justify;\">El antisocial fue identificado con las iniciales <strong>F.J.C.C.<\/strong>, de 21 a\u00f1os de edad, quien presenta un amplio prontuario policial.<\/p>\n<p style=\"text-align: justify;\">Desde Carabineros fue el mayor y comisario de la Segunda Comisar\u00eda de San Felipe, Cristian Ram\u00edrez Gald\u00e1mez, quien destac\u00f3 el trabajo realizado por personal de la SIP: <em>\u00abNosotros pusimos a disposici\u00f3n todos los recursos para obviamente dar con esta persona antisocial, logrando nuestro cometido y dentro de todo lo malo traerle a la v\u00edctima en este caso un poco de tranquilidad, puesto que esta persona <\/em>(imputado)<em> fuera privada de libertad\u00bb,<\/em> se\u00f1al\u00f3.<\/p>\n<p style=\"text-align: justify;\">Lamentablemente no se pudo recuperar el celular.<\/p>\n<p style=\"text-align: justify;\">Informado el fiscal de turno, dispuso que pasara a control de detenci\u00f3n el d\u00eda de ayer en horas de la ma\u00f1ana.<\/p>\n<p style=\"text-align: justify;\">En el Tribunal de Garant\u00eda, tras ser formalizado por robo con violencia, qued\u00f3 en prisi\u00f3n preventiva.<\/p>\n<figure id=\"attachment_111611\" aria-describedby=\"caption-attachment-111611\" style=\"width: 699px\" class=\"wp-caption alignnone\"><img data-recalc-dims=\"1\" loading=\"lazy\" decoding=\"async\" class=\"size-full wp-image-111611\" src=\"https:\/\/i0.wp.com\/eltrabajo.cl\/portal\/wp-content\/uploads\/2021\/12\/Imputado.jpg?resize=640%2C406&#038;ssl=1\" alt=\"El Imputado en los momentos que es trasladado por Carabineros\" width=\"640\" height=\"406\" srcset=\"https:\/\/i0.wp.com\/eltrabajo.cl\/portal\/wp-content\/uploads\/2021\/12\/Imputado.jpg?w=699&amp;ssl=1 699w, https:\/\/i0.wp.com\/eltrabajo.cl\/portal\/wp-content\/uploads\/2021\/12\/Imputado.jpg?resize=300%2C190&amp;ssl=1 300w, https:\/\/i0.wp.com\/eltrabajo.cl\/portal\/wp-content\/uploads\/2021\/12\/Imputado.jpg?resize=200%2C127&amp;ssl=1 200w, https:\/\/i0.wp.com\/eltrabajo.cl\/portal\/wp-content\/uploads\/2021\/12\/Imputado.jpg?resize=696%2C441&amp;ssl=1 696w\" sizes=\"auto, (max-width: 640px) 100vw, 640px\" \/><figcaption id=\"caption-attachment-111611\" class=\"wp-caption-text\">El Imputado en los momentos que es trasladado por Carabineros<\/figcaption><\/figure>\n","protected":false},"excerpt":{"rendered":"<p>Realizaba clases al aire libre en Avenida Yungay: Tras un traum\u00e1tico robo con violencia sufrido por una profesora de Yoga de los Talleres Municipales de San Felipe, personal de la Secci\u00f3n de&#8230;<\/p>\n","protected":false},"author":482,"featured_media":111611,"comment_status":"closed","ping_status":"open","sticky":false,"template":"","format":"standard","meta":{"advanced_seo_description":"","jetpack_seo_html_title":"","jetpack_seo_noindex":false,"_jetpack_memberships_contains_paid_content":false,"footnotes":""},"categories":[21],"tags":[],"class_list":["post-111610","post","type-post","status-publish","format-standard","has-post-thumbnail","hentry","category-policial"],"jetpack_featured_media_url":"https:\/\/i0.wp.com\/eltrabajo.cl\/portal\/wp-content\/uploads\/2021\/12\/Imputado.jpg?fit=699%2C443&ssl=1","jetpack_sharing_enabled":true,"jetpack_likes_enabled":true,"jetpack-related-posts":[],"_links":{"self":[{"href":"https:\/\/eltrabajo.cl\/portal\/wp-json\/wp\/v2\/posts\/111610","targetHints":{"allow":["GET"]}}],"collection":[{"href":"https:\/\/eltrabajo.cl\/portal\/wp-json\/wp\/v2\/posts"}],"about":[{"href":"https:\/\/eltrabajo.cl\/portal\/wp-json\/wp\/v2\/types\/post"}],"author":[{"embeddable":true,"href":"https:\/\/eltrabajo.cl\/portal\/wp-json\/wp\/v2\/users\/482"}],"replies":[{"embeddable":true,"href":"https:\/\/eltrabajo.cl\/portal\/wp-json\/wp\/v2\/comments?post=111610"}],"version-history":[{"count":0,"href":"https:\/\/eltrabajo.cl\/portal\/wp-json\/wp\/v2\/posts\/111610\/revisions"}],"wp:featuredmedia":[{"embeddable":true,"href":"https:\/\/eltrabajo.cl\/portal\/wp-json\/wp\/v2\/media\/111611"}],"wp:attachment":[{"href":"https:\/\/eltrabajo.cl\/portal\/wp-json\/wp\/v2\/media?parent=111610"}],"wp:term":[{"taxonomy":"category","embeddable":true,"href":"https:\/\/eltrabajo.cl\/portal\/wp-json\/wp\/v2\/categories?post=111610"},{"taxonomy":"post_tag","embeddable":true,"href":"https:\/\/eltrabajo.cl\/portal\/wp-json\/wp\/v2\/tags?post=111610"}],"curies":[{"name":"wp","href":"https:\/\/api.w.org\/{rel}","templated":true}]}}