{"id":111620,"date":"2021-12-06T07:40:17","date_gmt":"2021-12-06T10:40:17","guid":{"rendered":"https:\/\/eltrabajo.cl\/portal\/?p=111620"},"modified":"2021-12-06T00:39:40","modified_gmt":"2021-12-06T03:39:40","slug":"muere-conductor-tras-chocar-y-volcar-en-el-vehiculo-que-conducia","status":"publish","type":"post","link":"https:\/\/eltrabajo.cl\/portal\/muere-conductor-tras-chocar-y-volcar-en-el-vehiculo-que-conducia\/","title":{"rendered":"Muere conductor tras chocar y volcar en el veh\u00edculo que conduc\u00eda"},"content":{"rendered":"<p style=\"text-align: left;\"><span style=\"color: #ff0000;\"><strong>Dos ni\u00f1as heridas de gravedad:<\/strong><\/span><\/p>\n<p style=\"text-align: justify;\">Como <strong>David Antonio Araya L\u00f3pez<\/strong>, de 29 a\u00f1os de edad, fue identificado el conductor que la madrugada de este viernes falleci\u00f3 luego de protagonizar un accidente de tr\u00e1nsito camino a Putaendo.<\/p>\n<p style=\"text-align: justify;\">El subteniente de Carabineros, <strong>Mat\u00edas Fuentes Moya<\/strong>, oficial de la prefectura Aconcagua N\u00ba7, dio a conocer la informaci\u00f3n en el propio lugar: <em>\u00abMantenemos un accidente de tr\u00e1nsito en el cual un veh\u00edculo se habr\u00eda volcado con tres personas en su interior, las cuales resultaron lesionadas. Una de las personas fue atendida en el lugar, se hicieron los intentos de reanimaci\u00f3n efectuado por el personal SAMU, lo cual lamentablemente siendo las 04:50 horas de la ma\u00f1ana fallece en el lugar, ya que por m\u00e1s que se realizaron los esfuerzos necesarios, no fue posible salvar su vida. Mantenemos dos personas lesionadas al parecer de gravedad, las cuales fueron trasladas al Hospital San Camilo\u00bb, <\/em>\u00a0se\u00f1al\u00f3.<\/p>\n<p style=\"text-align: justify;\">En cuanto a las causas del accidente, el uniformado explic\u00f3 que <em>\u00a0\u00abesas a\u00fan no las manejamos, a\u00fan no se mantiene conocimiento, se empadron\u00f3 a testigos los cuales declararon que al parecer habr\u00eda sido una p\u00e9rdida del control del veh\u00edculo al momento de la conducci\u00f3n\u00bb, <\/em>\u00a0indic\u00f3.<\/p>\n<p style=\"text-align: justify;\">Sobre las personas heridas, el oficial indic\u00f3 que una de ellas al parecer ser\u00eda la hija del fallecido.<\/p>\n<p style=\"text-align: justify;\">Tambi\u00e9n en el lugar se apersonaron voluntarios del Cuerpo de Bomberos de San Felipe a cargo del comandante <strong>Juan Carlos Herrera Lillo<\/strong>, quien dijo que <em>\u00abse despacharon dos unidades, la unidad de rescate de la Primera Compa\u00f1\u00eda y la unidad de la S\u00e9ptima Compa\u00f1\u00eda que se encuentra ac\u00e1 en 21 de Mayo. Lamentablemente al llegar al lugar se encuentran con un veh\u00edculo que est\u00e1 volcado, hay una persona que est\u00e1 tendida a un costado, se empezaron a hacer los trabajos de reanimaci\u00f3n en conjunto con el personal del SAMU, las maniobras duraron m\u00e1s de 40 minutos y lamentablemente no teniendo el \u00e9xito y falleciendo una persona en el lugar\u00bb,<\/em> manifest\u00f3 el comandante Herrera.<\/p>\n<p style=\"text-align: justify;\">Desde la SIAT fue su jefe, el capit\u00e1n <strong>Luis Tobar<\/strong>, quien dijo que el accidente consisti\u00f3 en un choque y posterior volcamiento: <em>\u00a0\u00abLamentablemente a ra\u00edz de este siniestro vial falleci\u00f3 del conductor del veh\u00edculo, una persona de sexo masculino de 29 a\u00f1os de edad, quedando adem\u00e1s dos ni\u00f1as lesionadas graves, las cuales fueron trasladadas al hospital de San Felipe\u00bb,<\/em> indic\u00f3.<\/p>\n<p style=\"text-align: justify;\">&#8211;<strong> \u00bfAlguna causa basal que se pueda comentar?<\/strong><\/p>\n<p style=\"text-align: justify;\">&#8211; Claro, la causa es materia de investigaci\u00f3n, sin embargo en el terreno ya se finalizaron los trabajos relativos a este lamentable accidente, en donde ya estamos en condiciones de poder establecer una din\u00e1mica de la causa basal, que va a ser remitida con el respectivo informe al Ministerio P\u00fablico.<\/p>\n<p style=\"text-align: justify;\">Agreg\u00f3 el oficial que por el momento se encuentra en los trabajos de lograr establecer las condiciones f\u00edsicas en que se encontraba el conductor al momento del accidente.<\/p>\n<p style=\"text-align: justify;\">Explic\u00f3 que en paralelo a la autopsia se realiza el examen toxicol\u00f3gico. Diario El Trabajo desea expresar sus condolencias a la familia en el sector El Asiento de San Felipe.<\/p>\n<figure id=\"attachment_111621\" aria-describedby=\"caption-attachment-111621\" style=\"width: 700px\" class=\"wp-caption alignnone\"><img data-recalc-dims=\"1\" loading=\"lazy\" decoding=\"async\" class=\"size-full wp-image-111621\" src=\"https:\/\/i0.wp.com\/eltrabajo.cl\/portal\/wp-content\/uploads\/2021\/12\/FATAL1.jpg?resize=640%2C570&#038;ssl=1\" alt=\"LO FATAL.- En esta posici\u00f3n qued\u00f3 el veh\u00edculo conducido por David Araya L\u00f3pez la madrugada de este viernes. (Foto Gabriel Orellana Pezoa)\" width=\"640\" height=\"570\" srcset=\"https:\/\/i0.wp.com\/eltrabajo.cl\/portal\/wp-content\/uploads\/2021\/12\/FATAL1.jpg?w=700&amp;ssl=1 700w, https:\/\/i0.wp.com\/eltrabajo.cl\/portal\/wp-content\/uploads\/2021\/12\/FATAL1.jpg?resize=300%2C267&amp;ssl=1 300w, https:\/\/i0.wp.com\/eltrabajo.cl\/portal\/wp-content\/uploads\/2021\/12\/FATAL1.jpg?resize=169%2C150&amp;ssl=1 169w, https:\/\/i0.wp.com\/eltrabajo.cl\/portal\/wp-content\/uploads\/2021\/12\/FATAL1.jpg?resize=696%2C619&amp;ssl=1 696w\" sizes=\"auto, (max-width: 640px) 100vw, 640px\" \/><figcaption id=\"caption-attachment-111621\" class=\"wp-caption-text\">LO FATAL.- En esta posici\u00f3n qued\u00f3 el veh\u00edculo conducido por David Araya L\u00f3pez la madrugada de este viernes. (Foto Gabriel Orellana Pezoa)<\/figcaption><\/figure>\n","protected":false},"excerpt":{"rendered":"<p>Dos ni\u00f1as heridas de gravedad: Como David Antonio Araya L\u00f3pez, de 29 a\u00f1os de edad, fue identificado el conductor que la madrugada de este viernes falleci\u00f3 luego de protagonizar un accidente de&#8230;<\/p>\n","protected":false},"author":482,"featured_media":111621,"comment_status":"closed","ping_status":"open","sticky":false,"template":"","format":"standard","meta":{"advanced_seo_description":"","jetpack_seo_html_title":"","jetpack_seo_noindex":false,"_jetpack_memberships_contains_paid_content":false,"footnotes":""},"categories":[21],"tags":[],"class_list":["post-111620","post","type-post","status-publish","format-standard","has-post-thumbnail","hentry","category-policial"],"jetpack_featured_media_url":"https:\/\/i0.wp.com\/eltrabajo.cl\/portal\/wp-content\/uploads\/2021\/12\/FATAL1.jpg?fit=700%2C623&ssl=1","jetpack_sharing_enabled":true,"jetpack_likes_enabled":true,"jetpack-related-posts":[],"_links":{"self":[{"href":"https:\/\/eltrabajo.cl\/portal\/wp-json\/wp\/v2\/posts\/111620","targetHints":{"allow":["GET"]}}],"collection":[{"href":"https:\/\/eltrabajo.cl\/portal\/wp-json\/wp\/v2\/posts"}],"about":[{"href":"https:\/\/eltrabajo.cl\/portal\/wp-json\/wp\/v2\/types\/post"}],"author":[{"embeddable":true,"href":"https:\/\/eltrabajo.cl\/portal\/wp-json\/wp\/v2\/users\/482"}],"replies":[{"embeddable":true,"href":"https:\/\/eltrabajo.cl\/portal\/wp-json\/wp\/v2\/comments?post=111620"}],"version-history":[{"count":0,"href":"https:\/\/eltrabajo.cl\/portal\/wp-json\/wp\/v2\/posts\/111620\/revisions"}],"wp:featuredmedia":[{"embeddable":true,"href":"https:\/\/eltrabajo.cl\/portal\/wp-json\/wp\/v2\/media\/111621"}],"wp:attachment":[{"href":"https:\/\/eltrabajo.cl\/portal\/wp-json\/wp\/v2\/media?parent=111620"}],"wp:term":[{"taxonomy":"category","embeddable":true,"href":"https:\/\/eltrabajo.cl\/portal\/wp-json\/wp\/v2\/categories?post=111620"},{"taxonomy":"post_tag","embeddable":true,"href":"https:\/\/eltrabajo.cl\/portal\/wp-json\/wp\/v2\/tags?post=111620"}],"curies":[{"name":"wp","href":"https:\/\/api.w.org\/{rel}","templated":true}]}}