{"id":111655,"date":"2021-12-07T07:45:35","date_gmt":"2021-12-07T10:45:35","guid":{"rendered":"https:\/\/eltrabajo.cl\/portal\/?p=111655"},"modified":"2021-12-06T23:16:54","modified_gmt":"2021-12-07T02:16:54","slug":"por-la-puerta-grande-maria-belen-carvajal-pena-entro-a-la-historia","status":"publish","type":"post","link":"https:\/\/eltrabajo.cl\/portal\/por-la-puerta-grande-maria-belen-carvajal-pena-entro-a-la-historia\/","title":{"rendered":"Por la puerta grande Mar\u00eda Bel\u00e9n Carvajal Pe\u00f1a entr\u00f3 a la historia"},"content":{"rendered":"<p style=\"text-align: justify;\">La \u00e1rbitra FIFA sanfelipe\u00f1a, <strong>Mar\u00eda Bel\u00e9n Carvajal Pe\u00f1a<\/strong>, se convirti\u00f3 oficialmente en la primera mujer en dirigir un partido de la serie mayor del balompi\u00e9 rentado nacional. La Hija Ilustre de la \u2018Tres Veces Heroica Ciudad\u2019, inscribi\u00f3 su nombre en la historia en el duelo que el s\u00e1bado pasado protagonizaron Deportes La Serena y Santiago Wanderers en el estadio La Portada.<\/p>\n<p style=\"text-align: justify;\">El estreno de Mar\u00eda Bel\u00e9n tuvo amplia repercusi\u00f3n a nivel nacional, no solo en el ambiente futbol\u00edstico, porque el que haya tenido la posibilidad de impartir justicia en un encuentro masculino representa un tremendo avance en la larga lucha por la igualdad de g\u00e9nero en el pa\u00eds.<\/p>\n<p style=\"text-align: justify;\">Mar\u00eda Bel\u00e9n Carvajal se ha ganado de manera muy merecida su lugar en la historia; al hito del s\u00e1bado pasado en la capital de la Cuarta regi\u00f3n, suma otros no menos importantes como lo son por ejemplo el haber arbitrado en el Mundial Femenino de Francia; una final de la Copa Libertadores Femenina, adem\u00e1s de ser la primera mujer en arbitrar partidos de la Segunda Divisi\u00f3n Profesional y la Primera B.<\/p>\n<figure id=\"attachment_111656\" aria-describedby=\"caption-attachment-111656\" style=\"width: 699px\" class=\"wp-caption alignnone\"><img data-recalc-dims=\"1\" loading=\"lazy\" decoding=\"async\" class=\"size-full wp-image-111656\" src=\"https:\/\/i0.wp.com\/eltrabajo.cl\/portal\/wp-content\/uploads\/2021\/12\/Maria-Belen.jpg?resize=640%2C360&#038;ssl=1\" alt=\"En La Serena Mar\u00eda Bel\u00e9n Carvajal se convirti\u00f3 en la primera mujer en arbitrar un partido de la Primera A. En la imagen la sanfelipe\u00f1a aparece junto a sus asistentes de turno.\" width=\"640\" height=\"360\" srcset=\"https:\/\/i0.wp.com\/eltrabajo.cl\/portal\/wp-content\/uploads\/2021\/12\/Maria-Belen.jpg?w=699&amp;ssl=1 699w, https:\/\/i0.wp.com\/eltrabajo.cl\/portal\/wp-content\/uploads\/2021\/12\/Maria-Belen.jpg?resize=300%2C169&amp;ssl=1 300w, https:\/\/i0.wp.com\/eltrabajo.cl\/portal\/wp-content\/uploads\/2021\/12\/Maria-Belen.jpg?resize=200%2C112&amp;ssl=1 200w, https:\/\/i0.wp.com\/eltrabajo.cl\/portal\/wp-content\/uploads\/2021\/12\/Maria-Belen.jpg?resize=696%2C391&amp;ssl=1 696w\" sizes=\"auto, (max-width: 640px) 100vw, 640px\" \/><figcaption id=\"caption-attachment-111656\" class=\"wp-caption-text\">En La Serena Mar\u00eda Bel\u00e9n Carvajal se convirti\u00f3 en la primera mujer en arbitrar un partido de la Primera A. En la imagen la sanfelipe\u00f1a aparece junto a sus asistentes de turno.<\/figcaption><\/figure>\n","protected":false},"excerpt":{"rendered":"<p>La \u00e1rbitra FIFA sanfelipe\u00f1a, Mar\u00eda Bel\u00e9n Carvajal Pe\u00f1a, se convirti\u00f3 oficialmente en la primera mujer en dirigir un partido de la serie mayor del balompi\u00e9 rentado nacional. La Hija Ilustre de la&#8230;<\/p>\n","protected":false},"author":482,"featured_media":111656,"comment_status":"closed","ping_status":"open","sticky":false,"template":"","format":"standard","meta":{"advanced_seo_description":"","jetpack_seo_html_title":"","jetpack_seo_noindex":false,"_jetpack_memberships_contains_paid_content":false,"footnotes":""},"categories":[19],"tags":[],"class_list":["post-111655","post","type-post","status-publish","format-standard","has-post-thumbnail","hentry","category-deportes"],"jetpack_featured_media_url":"https:\/\/i0.wp.com\/eltrabajo.cl\/portal\/wp-content\/uploads\/2021\/12\/Maria-Belen.jpg?fit=699%2C393&ssl=1","jetpack_sharing_enabled":true,"jetpack_likes_enabled":true,"jetpack-related-posts":[],"_links":{"self":[{"href":"https:\/\/eltrabajo.cl\/portal\/wp-json\/wp\/v2\/posts\/111655","targetHints":{"allow":["GET"]}}],"collection":[{"href":"https:\/\/eltrabajo.cl\/portal\/wp-json\/wp\/v2\/posts"}],"about":[{"href":"https:\/\/eltrabajo.cl\/portal\/wp-json\/wp\/v2\/types\/post"}],"author":[{"embeddable":true,"href":"https:\/\/eltrabajo.cl\/portal\/wp-json\/wp\/v2\/users\/482"}],"replies":[{"embeddable":true,"href":"https:\/\/eltrabajo.cl\/portal\/wp-json\/wp\/v2\/comments?post=111655"}],"version-history":[{"count":0,"href":"https:\/\/eltrabajo.cl\/portal\/wp-json\/wp\/v2\/posts\/111655\/revisions"}],"wp:featuredmedia":[{"embeddable":true,"href":"https:\/\/eltrabajo.cl\/portal\/wp-json\/wp\/v2\/media\/111656"}],"wp:attachment":[{"href":"https:\/\/eltrabajo.cl\/portal\/wp-json\/wp\/v2\/media?parent=111655"}],"wp:term":[{"taxonomy":"category","embeddable":true,"href":"https:\/\/eltrabajo.cl\/portal\/wp-json\/wp\/v2\/categories?post=111655"},{"taxonomy":"post_tag","embeddable":true,"href":"https:\/\/eltrabajo.cl\/portal\/wp-json\/wp\/v2\/tags?post=111655"}],"curies":[{"name":"wp","href":"https:\/\/api.w.org\/{rel}","templated":true}]}}