{"id":111754,"date":"2021-12-13T07:55:48","date_gmt":"2021-12-13T10:55:48","guid":{"rendered":"https:\/\/eltrabajo.cl\/portal\/?p=111754"},"modified":"2021-12-12T21:59:25","modified_gmt":"2021-12-13T00:59:25","slug":"usando-gata-hidraulica-ingresan-a-robar-mercaderia-en-almacen-de-barrio","status":"publish","type":"post","link":"https:\/\/eltrabajo.cl\/portal\/usando-gata-hidraulica-ingresan-a-robar-mercaderia-en-almacen-de-barrio\/","title":{"rendered":"Usando gata hidr\u00e1ulica ingresan a robar mercader\u00eda en almac\u00e9n de barrio"},"content":{"rendered":"<p style=\"text-align: left;\"><span style=\"color: #ff0000;\"><strong>Avaluada en medio mill\u00f3n de pesos:<\/strong><\/span><\/p>\n<p style=\"text-align: justify;\">Usando una gata hidr\u00e1ulica, delincuentes forzaron los barrotes de protecci\u00f3n de una ventana para entrar a robar medio mill\u00f3n de pesos aproximadamente en mercader\u00eda, en un negocio ubicado en Abraham Ahumada llegando a Uno Norte en San Felipe.<\/p>\n<p style=\"text-align: justify;\">Los sujetos robaron dinero en efectivo que la due\u00f1a manten\u00eda para cancelar el pan, bebidas energ\u00e9ticas, m\u00e1quinas de afeitar, galletas, todas las cecinas que ten\u00edan para sus clientes. Lo que hace un total como indicamos anteriormente de medio mill\u00f3n de pesos. Un golpe econ\u00f3mico terrible para un almac\u00e9n.<\/p>\n<p style=\"text-align: justify;\">Nuestro medio estuvo en el lugar donde conversamos con <strong>Isidora Campos<\/strong>, hija de la propietaria.<\/p>\n<p style=\"text-align: justify;\">&#8211; <strong>Cu\u00e9ntanos, \u00bfle entraron a robar?<\/strong><\/p>\n<p style=\"text-align: justify;\">&#8211; S\u00ed, ya es segunda vez que se meten a nuestro local; la primera vez mi mam\u00e1 estaba reponiendo cuando un joven le pide una bebida que no estaba en la m\u00e1quina, y mi mam\u00e1 se la fue a buscar y en ese momento aprovech\u00f3 para sacarnos todo el dinero de la caja, que era del d\u00eda.<\/p>\n<p style=\"text-align: justify;\">&#8211; <strong>\u00bfCu\u00e1nto fue m\u00e1s o menos?<\/strong><\/p>\n<p style=\"text-align: justify;\">&#8211; Ciento cincuenta mil pesos, m\u00e1s o menos que estaban en la caja.<\/p>\n<p style=\"text-align: justify;\">\n<p style=\"text-align: justify;\"><span style=\"color: #ff0000;\">SEGUNDO ROBO<\/span><\/p>\n<p style=\"text-align: justify;\">\u00abLa segunda vez se metieron por la ventana, en la cual uno de los delincuentes, con una gata, abrieron los fierros y se meti\u00f3 por ah\u00ed, lo cual abre la puerta de la casa, saca el pestillo y todo y se mete el segundo delincuente, entran y abren ac\u00e1. Como ve se robaron mercader\u00eda, todas las cecinas, robaron helados, bebidas, galletas. M\u00e1s la plata que estaba ah\u00ed que se deja para el pan, se robaron cuarenta mil pesos, robaron todo lo que era cigarro, galletas como le digo.<\/p>\n<p style=\"text-align: justify;\">&#8211; <strong>En general mercader\u00eda.<\/strong><\/p>\n<p style=\"text-align: justify;\">&#8211; Claro y todo lo que era de esta m\u00e1quina. Mi mam\u00e1 tuvo que reponer prestobarbas, Red Bull, todo lo que era energ\u00e9tica se lo llevaron. Todo avaluado como en quinientos mil pesos.<\/p>\n<p style=\"text-align: justify;\">&#8211; <strong>Fue m\u00e1s grande ahora.<\/strong><\/p>\n<p style=\"text-align: justify;\">&#8211; S\u00ed, fue m\u00e1s grande.<\/p>\n<p style=\"text-align: justify;\">&#8211; <strong>\u00bfEso les afecta m\u00e1s como negocio en el fondo?<\/strong><\/p>\n<p style=\"text-align: justify;\">&#8211; Claro.<\/p>\n<p style=\"text-align: justify;\">&#8211; <strong>\u00bfUn golpe econ\u00f3mico?<\/strong><\/p>\n<p style=\"text-align: justify;\">&#8211; S\u00ed, porque la plata se gana para que vengan ellos y se lleven todo, eso no deber\u00eda ser. Estamos rodeados de mucha delincuencia hoy en d\u00eda.<\/p>\n<p style=\"text-align: justify;\">&#8211; <strong>\u00bfHicieron la denuncia en Carabineros?<\/strong><\/p>\n<p style=\"text-align: justify;\">&#8211; Vinieron los Carabineros a tomar declaraciones y no s\u00e9 en qu\u00e9 habr\u00e1 quedado, la verdad porque ellos se fueron. Porque nos dieron la explicaci\u00f3n que ellos ten\u00edan varios procedimientos, entonces no s\u00e9 si lo habr\u00e1n tomado en serio o no (\u2026) Pero igual es grave porque mi mam\u00e1 queda asustada, incluso del primer robo mi mam\u00e1 qued\u00f3 como con secuelas, que entra alguien ella se asusta, entonces eso igual es peligroso.<\/p>\n<p style=\"text-align: justify;\">Cuenta que los delincuentes salieron con unos cinco sacos \u00abcomo esos de palta, llenos de cosas\u00bb, dice.<\/p>\n<p style=\"text-align: justify;\">&#8211; <strong>\u00bfPoca vigilancia policial por ac\u00e1?<\/strong><\/p>\n<p style=\"text-align: justify;\">&#8211; Nada, los Carabineros no pasan, no se ven ac\u00e1, Carabineros ni seguridad ciudadana, o sea esta calle est\u00e1 sola.<\/p>\n<p style=\"text-align: justify;\">&#8211; <strong>\u00bfEste robo cu\u00e1ndo fue?<\/strong><\/p>\n<p style=\"text-align: justify;\">&#8211; El jueves en la noche, a eso de las dos de la madrugada, a las dos de la ma\u00f1ana empezaron a abrir ac\u00e1 con la gata en la ventana y termin\u00f3 como a las cuatro el robo.<\/p>\n<p style=\"text-align: justify;\">&#8211; <strong>\u00bfNo sintieron nada?<\/strong><\/p>\n<p style=\"text-align: justify;\">&#8211; No se sinti\u00f3 nada, incluso al ladr\u00f3n como lo vemos en la c\u00e1mara, entr\u00f3 ni siquiera se sinti\u00f3 la m\u00e1quina, gate\u00f3, abri\u00f3 la puerta y entr\u00f3 el otro, y despu\u00e9s se fueron como en media hora yo creo que a buscar m\u00e1s cosas.<\/p>\n<p style=\"text-align: justify;\">&#8211; <strong>\u00bfSon conocidos del lugar, sospechan ustedes de alguien?<\/strong><\/p>\n<p style=\"text-align: justify;\">&#8211; No s\u00e9 si conocidos, pero uno, el que se ve, porque el otro estaba encapuchado, el que se ve es como conocido.<\/p>\n<p style=\"text-align: justify;\">&#8211; <strong>\u00bfEntregaron todos esos antecedentes a Carabineros?<\/strong><\/p>\n<p style=\"text-align: justify;\">&#8211; Claro, todo, pero&#8230;<\/p>\n<p style=\"text-align: justify;\">&#8211; <strong>\u00bfCarabineros acogi\u00f3 la denuncia y se fue porque ten\u00eda otros procedimientos?<\/strong><\/p>\n<p style=\"text-align: justify;\">&#8211; Ten\u00eda otros procedimiento, otro almac\u00e9n hab\u00edan asaltado y lo \u00fanico que nos dijo la carabinera que ellos los meten presos y al d\u00eda siguiente ya est\u00e1n sueltos, entonces ellos es poco lo que hacen.<\/p>\n<p style=\"text-align: justify;\">&#8211; <strong>Un llamado a la autoridad a preocuparse m\u00e1s.<\/strong><\/p>\n<p style=\"text-align: justify;\">&#8211; Claro, m\u00e1s vigilancia, porque Abraham Ahumada no era una calle que hayan muchos robos o mucha delincuencia, no era una calle as\u00ed y ahora asalto todos los d\u00edas.<\/p>\n<p style=\"text-align: justify;\">&#8211; <strong>\u00bfPr\u00e1cticamente?<\/strong><\/p>\n<p style=\"text-align: justify;\">&#8211; Claro, y eso igual cansa porque mi mam\u00e1 est\u00e1 insegura. Somos mujeres, est\u00e1 mi hermana chica, tiene su pieza, no s\u00e9 si la intenci\u00f3n del ladr\u00f3n era entrar, tengo a mi sobrino que tiene un a\u00f1o, entonces eso asusta m\u00e1s la seguridad de ella.<\/p>\n<p style=\"text-align: justify;\">&#8211; <strong>\u00bfVan a tener que tomar alguna medida?<\/strong><\/p>\n<p style=\"text-align: justify;\">&#8211; Claro, imag\u00ednese, estamos todos enrejados y ahora tenemos que invertir un poquito m\u00e1s, porque vamos a tener que enrejar de nuevo, pero aunque enrejemos usted ve que los ladrones en todo entran.<\/p>\n<p style=\"text-align: justify;\">&#8211; <strong>Eso significa m\u00e1s dinero.<\/strong><\/p>\n<p style=\"text-align: justify;\">&#8211; Claro, m\u00e1s lo que robaron, seguir invirtiendo y usted sabe la pandemia est\u00e1 todo bajo lo que es negocio.<\/p>\n<p style=\"text-align: justify;\">Al finalizar emplaz\u00f3 a las autoridades a preocuparse m\u00e1s de la lucha contra la delincuencia; \u00abque las autoridades se preocupen m\u00e1s de esta calle y de San Felipe en general\u00bb, concluy\u00f3.<\/p>\n<figure id=\"attachment_111755\" aria-describedby=\"caption-attachment-111755\" style=\"width: 699px\" class=\"wp-caption alignnone\"><img data-recalc-dims=\"1\" loading=\"lazy\" decoding=\"async\" class=\"size-full wp-image-111755\" src=\"https:\/\/i0.wp.com\/eltrabajo.cl\/portal\/wp-content\/uploads\/2021\/12\/robo-Duenas.jpg?resize=640%2C481&#038;ssl=1\" alt=\"La propietaria, Paula Henr\u00edquez, junto a su hija Isidora detr\u00e1s del mes\u00f3n, enrejadas para atender a sus clientes.\" width=\"640\" height=\"481\" srcset=\"https:\/\/i0.wp.com\/eltrabajo.cl\/portal\/wp-content\/uploads\/2021\/12\/robo-Duenas.jpg?w=699&amp;ssl=1 699w, https:\/\/i0.wp.com\/eltrabajo.cl\/portal\/wp-content\/uploads\/2021\/12\/robo-Duenas.jpg?resize=300%2C225&amp;ssl=1 300w, https:\/\/i0.wp.com\/eltrabajo.cl\/portal\/wp-content\/uploads\/2021\/12\/robo-Duenas.jpg?resize=200%2C150&amp;ssl=1 200w, https:\/\/i0.wp.com\/eltrabajo.cl\/portal\/wp-content\/uploads\/2021\/12\/robo-Duenas.jpg?resize=696%2C523&amp;ssl=1 696w\" sizes=\"auto, (max-width: 640px) 100vw, 640px\" \/><figcaption id=\"caption-attachment-111755\" class=\"wp-caption-text\">La propietaria, Paula Henr\u00edquez, junto a su hija Isidora detr\u00e1s del mes\u00f3n, enrejadas para atender a sus clientes.<\/figcaption><\/figure>\n<figure id=\"attachment_111756\" aria-describedby=\"caption-attachment-111756\" style=\"width: 700px\" class=\"wp-caption alignnone\"><img data-recalc-dims=\"1\" loading=\"lazy\" decoding=\"async\" class=\"size-full wp-image-111756\" src=\"https:\/\/i0.wp.com\/eltrabajo.cl\/portal\/wp-content\/uploads\/2021\/12\/robo-Antisocial.jpg?resize=640%2C333&#038;ssl=1\" alt=\"Uno de los antisociales captado por la c\u00e1mara de vigilancia del local.\" width=\"640\" height=\"333\" srcset=\"https:\/\/i0.wp.com\/eltrabajo.cl\/portal\/wp-content\/uploads\/2021\/12\/robo-Antisocial.jpg?w=700&amp;ssl=1 700w, https:\/\/i0.wp.com\/eltrabajo.cl\/portal\/wp-content\/uploads\/2021\/12\/robo-Antisocial.jpg?resize=300%2C156&amp;ssl=1 300w, https:\/\/i0.wp.com\/eltrabajo.cl\/portal\/wp-content\/uploads\/2021\/12\/robo-Antisocial.jpg?resize=200%2C104&amp;ssl=1 200w, https:\/\/i0.wp.com\/eltrabajo.cl\/portal\/wp-content\/uploads\/2021\/12\/robo-Antisocial.jpg?resize=696%2C362&amp;ssl=1 696w\" sizes=\"auto, (max-width: 640px) 100vw, 640px\" \/><figcaption id=\"caption-attachment-111756\" class=\"wp-caption-text\">Uno de los antisociales captado por la c\u00e1mara de vigilancia del local.<\/figcaption><\/figure>\n","protected":false},"excerpt":{"rendered":"<p>Avaluada en medio mill\u00f3n de pesos: Usando una gata hidr\u00e1ulica, delincuentes forzaron los barrotes de protecci\u00f3n de una ventana para entrar a robar medio mill\u00f3n de pesos aproximadamente en mercader\u00eda, en un&#8230;<\/p>\n","protected":false},"author":482,"featured_media":111756,"comment_status":"closed","ping_status":"open","sticky":false,"template":"","format":"standard","meta":{"advanced_seo_description":"","jetpack_seo_html_title":"","jetpack_seo_noindex":false,"_jetpack_memberships_contains_paid_content":false,"footnotes":""},"categories":[21],"tags":[],"class_list":["post-111754","post","type-post","status-publish","format-standard","has-post-thumbnail","hentry","category-policial"],"jetpack_featured_media_url":"https:\/\/i0.wp.com\/eltrabajo.cl\/portal\/wp-content\/uploads\/2021\/12\/robo-Antisocial.jpg?fit=700%2C364&ssl=1","jetpack_sharing_enabled":true,"jetpack_likes_enabled":true,"jetpack-related-posts":[],"_links":{"self":[{"href":"https:\/\/eltrabajo.cl\/portal\/wp-json\/wp\/v2\/posts\/111754","targetHints":{"allow":["GET"]}}],"collection":[{"href":"https:\/\/eltrabajo.cl\/portal\/wp-json\/wp\/v2\/posts"}],"about":[{"href":"https:\/\/eltrabajo.cl\/portal\/wp-json\/wp\/v2\/types\/post"}],"author":[{"embeddable":true,"href":"https:\/\/eltrabajo.cl\/portal\/wp-json\/wp\/v2\/users\/482"}],"replies":[{"embeddable":true,"href":"https:\/\/eltrabajo.cl\/portal\/wp-json\/wp\/v2\/comments?post=111754"}],"version-history":[{"count":0,"href":"https:\/\/eltrabajo.cl\/portal\/wp-json\/wp\/v2\/posts\/111754\/revisions"}],"wp:featuredmedia":[{"embeddable":true,"href":"https:\/\/eltrabajo.cl\/portal\/wp-json\/wp\/v2\/media\/111756"}],"wp:attachment":[{"href":"https:\/\/eltrabajo.cl\/portal\/wp-json\/wp\/v2\/media?parent=111754"}],"wp:term":[{"taxonomy":"category","embeddable":true,"href":"https:\/\/eltrabajo.cl\/portal\/wp-json\/wp\/v2\/categories?post=111754"},{"taxonomy":"post_tag","embeddable":true,"href":"https:\/\/eltrabajo.cl\/portal\/wp-json\/wp\/v2\/tags?post=111754"}],"curies":[{"name":"wp","href":"https:\/\/api.w.org\/{rel}","templated":true}]}}