{"id":111803,"date":"2021-12-15T07:35:43","date_gmt":"2021-12-15T10:35:43","guid":{"rendered":"https:\/\/eltrabajo.cl\/portal\/?p=111803"},"modified":"2021-12-14T22:45:56","modified_gmt":"2021-12-15T01:45:56","slug":"arfa-determina-que-el-2022-se-realizaran-las-copas-de-campeones","status":"publish","type":"post","link":"https:\/\/eltrabajo.cl\/portal\/arfa-determina-que-el-2022-se-realizaran-las-copas-de-campeones\/","title":{"rendered":"ARFA determina que el 2022 se realizar\u00e1n las Copas de Campeones"},"content":{"rendered":"<p style=\"text-align: justify;\">En su tradicional reuni\u00f3n anual en la que participan los m\u00e1ximos directivos de todas las asociaciones de f\u00fatbol de la regi\u00f3n de Valpara\u00edso, ARFA Quinta, determin\u00f3 que el 2022 se realizar\u00e1n las Copas de Campeones de Mujeres.<\/p>\n<p style=\"text-align: justify;\">Dentro de las principales resoluciones que se tomaron en la cita directiva realizada durante la jornada del s\u00e1bado pasado en la ciudad de Vi\u00f1a del Mar, tambi\u00e9n sobresalen que el a\u00f1o pr\u00f3ximo se realizar\u00e1n dos torneos regionales de selecciones en mujeres y varones, los que ser\u00e1n un Sub-15 y un S\u00faper S\u00e9nior (mayores de 45 a\u00f1os).<\/p>\n<p style=\"text-align: justify;\">Los directivos pusieron como fecha de inicio para la Copa de Campeones Femenina el 19 de marzo, mientras que la Copa de Campeones Masculina se realizar\u00e1 en el segundo semestre del 2022.<\/p>\n<p style=\"text-align: justify;\">Con esto, el ente rector del balompi\u00e9 aficionado de la regi\u00f3n autoriz\u00f3 a todas las asociaciones que la componen para que realicen los torneos que \u00e9stas estimen convenientes, y de acuerdo a la fase en que se encuentren las comunas en el Plan Paso a Paso.<\/p>\n<figure id=\"attachment_111804\" aria-describedby=\"caption-attachment-111804\" style=\"width: 699px\" class=\"wp-caption alignnone\"><img data-recalc-dims=\"1\" loading=\"lazy\" decoding=\"async\" class=\"size-full wp-image-111804\" src=\"https:\/\/i0.wp.com\/eltrabajo.cl\/portal\/wp-content\/uploads\/2021\/12\/futbol-amateur.jpg?resize=640%2C427&#038;ssl=1\" alt=\"Ya es oficial que el 2022 habr\u00e1 en la regi\u00f3n torneos de selecciones y las copas de campeones.\" width=\"640\" height=\"427\" srcset=\"https:\/\/i0.wp.com\/eltrabajo.cl\/portal\/wp-content\/uploads\/2021\/12\/futbol-amateur.jpg?w=699&amp;ssl=1 699w, https:\/\/i0.wp.com\/eltrabajo.cl\/portal\/wp-content\/uploads\/2021\/12\/futbol-amateur.jpg?resize=300%2C200&amp;ssl=1 300w, https:\/\/i0.wp.com\/eltrabajo.cl\/portal\/wp-content\/uploads\/2021\/12\/futbol-amateur.jpg?resize=200%2C133&amp;ssl=1 200w, https:\/\/i0.wp.com\/eltrabajo.cl\/portal\/wp-content\/uploads\/2021\/12\/futbol-amateur.jpg?resize=696%2C464&amp;ssl=1 696w\" sizes=\"auto, (max-width: 640px) 100vw, 640px\" \/><figcaption id=\"caption-attachment-111804\" class=\"wp-caption-text\">Ya es oficial que el 2022 habr\u00e1 en la regi\u00f3n torneos de selecciones y las copas de campeones.<\/figcaption><\/figure>\n","protected":false},"excerpt":{"rendered":"<p>En su tradicional reuni\u00f3n anual en la que participan los m\u00e1ximos directivos de todas las asociaciones de f\u00fatbol de la regi\u00f3n de Valpara\u00edso, ARFA Quinta, determin\u00f3 que el 2022 se realizar\u00e1n las&#8230;<\/p>\n","protected":false},"author":482,"featured_media":111804,"comment_status":"closed","ping_status":"open","sticky":false,"template":"","format":"standard","meta":{"advanced_seo_description":"","jetpack_seo_html_title":"","jetpack_seo_noindex":false,"_jetpack_memberships_contains_paid_content":false,"footnotes":""},"categories":[19],"tags":[],"class_list":["post-111803","post","type-post","status-publish","format-standard","has-post-thumbnail","hentry","category-deportes"],"jetpack_featured_media_url":"https:\/\/i0.wp.com\/eltrabajo.cl\/portal\/wp-content\/uploads\/2021\/12\/futbol-amateur.jpg?fit=699%2C466&ssl=1","jetpack_sharing_enabled":true,"jetpack_likes_enabled":true,"jetpack-related-posts":[],"_links":{"self":[{"href":"https:\/\/eltrabajo.cl\/portal\/wp-json\/wp\/v2\/posts\/111803","targetHints":{"allow":["GET"]}}],"collection":[{"href":"https:\/\/eltrabajo.cl\/portal\/wp-json\/wp\/v2\/posts"}],"about":[{"href":"https:\/\/eltrabajo.cl\/portal\/wp-json\/wp\/v2\/types\/post"}],"author":[{"embeddable":true,"href":"https:\/\/eltrabajo.cl\/portal\/wp-json\/wp\/v2\/users\/482"}],"replies":[{"embeddable":true,"href":"https:\/\/eltrabajo.cl\/portal\/wp-json\/wp\/v2\/comments?post=111803"}],"version-history":[{"count":0,"href":"https:\/\/eltrabajo.cl\/portal\/wp-json\/wp\/v2\/posts\/111803\/revisions"}],"wp:featuredmedia":[{"embeddable":true,"href":"https:\/\/eltrabajo.cl\/portal\/wp-json\/wp\/v2\/media\/111804"}],"wp:attachment":[{"href":"https:\/\/eltrabajo.cl\/portal\/wp-json\/wp\/v2\/media?parent=111803"}],"wp:term":[{"taxonomy":"category","embeddable":true,"href":"https:\/\/eltrabajo.cl\/portal\/wp-json\/wp\/v2\/categories?post=111803"},{"taxonomy":"post_tag","embeddable":true,"href":"https:\/\/eltrabajo.cl\/portal\/wp-json\/wp\/v2\/tags?post=111803"}],"curies":[{"name":"wp","href":"https:\/\/api.w.org\/{rel}","templated":true}]}}