{"id":111821,"date":"2021-12-15T08:00:02","date_gmt":"2021-12-15T11:00:02","guid":{"rendered":"https:\/\/eltrabajo.cl\/portal\/?p=111821"},"modified":"2021-12-14T22:58:36","modified_gmt":"2021-12-15T01:58:36","slug":"adulto-mayor-agrede-con-arma-blanca-a-guardia-del-terminal-rodoviario","status":"publish","type":"post","link":"https:\/\/eltrabajo.cl\/portal\/adulto-mayor-agrede-con-arma-blanca-a-guardia-del-terminal-rodoviario\/","title":{"rendered":"Adulto mayor agrede con arma blanca a guardia del Terminal Rodoviario"},"content":{"rendered":"<p style=\"text-align: justify;\">Este domingo en la ma\u00f1ana un hombre adulto mayor, de 80 a\u00f1os de edad, fue detenido acusado de haber agredido con un arma blanca a un guardia de seguridad en el terminal de buses de San Felipe. Al parecer por el retardo de la llegada del bus.<\/p>\n<p style=\"text-align: justify;\">Por antecedentes obtenidos por nuestro medio, quisimos confirmar la informaci\u00f3n que nos hab\u00eda llegado. Para eso concurrimos al lugar y nos entrevistamos con el administrador del terminal de buses, <strong>Nelson Leiva<\/strong>.<\/p>\n<p style=\"text-align: justify;\">&#8211; <strong>Don Nelson, \u00bfqu\u00e9 hay de cierto de un incidente este fin de semana donde un guardia resulta herido? <\/strong><\/p>\n<p style=\"text-align: justify;\">&#8211; Bueno, esto es de dominio p\u00fablico, el d\u00eda domingo cerca de las 10 de la ma\u00f1ana, una persona, usuaria de ac\u00e1 del terminal rodoviario, adulta mayor, var\u00f3n de 80 a\u00f1os, apu\u00f1al\u00f3 o sac\u00f3 un arma blanca de entre sus ropas y propin\u00f3 un corte a un guardia de ac\u00e1, lamentablemente un hecho grave. Despu\u00e9s de que sucedi\u00f3 esta situaci\u00f3n el guardia obviamente que fue a constatar lesiones y tuvo las correspondientes atenciones en el hospital, fue curado de sus heridas y bueno ah\u00ed Carabineros tom\u00f3 el procedimiento y se hizo la denuncia al Ministerio P\u00fablico, por lo tanto esta persona fue formalizada, este caballero de 80 a\u00f1os justamente por agresi\u00f3n.<\/p>\n<p style=\"text-align: justify;\">&#8211; <strong>\u00bfFue detenido en el fondo?<\/strong><\/p>\n<p style=\"text-align: justify;\">&#8211; Claro, detenido, se deriv\u00f3 al Ministerio P\u00fablico por la causa y en estos momentos ya van a ser citadas ambas partes y ah\u00ed va el proceso judicial correspondiente.<\/p>\n<p style=\"text-align: justify;\">&#8211; <strong>\u00bfCu\u00e1l ser\u00eda la causa de la agresi\u00f3n?<\/strong><\/p>\n<p style=\"text-align: justify;\">&#8211; Aparentemente la gente cuando ac\u00e1 por ejemplo un servicio que tiene que estar a las 09:30 horas una empresa determinada de buses, por razones de tr\u00e1nsito o del atochamiento y ah\u00ed tambi\u00e9n de los distintos eventos que ocurren a lo largo de la ruta, provocan que generalmente no lleguen a las 09:30 o partan a las 09:30 de ac\u00e1 del terminal y eso parece que hizo la consulta al se\u00f1or guardia y el se\u00f1or guardia le indic\u00f3 que ten\u00eda que esperar, de buena manera porque yo los conozco y ellos tienen un protocolo de atenci\u00f3n a la gente que corresponde, y lamentablemente esta\u00a0 persona se ofusc\u00f3 e hizo&#8230; lamentablemente ten\u00eda su arma blanca al costado y le lanz\u00f3 un corte c\u00f3mo se dice en castellano.<\/p>\n<p style=\"text-align: justify;\">&#8211; <strong>\u00bfPero le lleg\u00f3 al cuerpo como se dice?<\/strong><\/p>\n<p style=\"text-align: justify;\">&#8211; S\u00ed, le lleg\u00f3 al cuerpo, al est\u00f3mago, una herida superficial, aparentemente, me la mostr\u00f3 el guardia, no es una herida profunda, pero igual estamos mal s\u00edquicamente. Ac\u00e1 la gente que viene para ac\u00e1, todos estamos mal a lo mejor.<\/p>\n<p style=\"text-align: justify;\">&#8211; <strong>\u00bfEl guardia c\u00f3mo est\u00e1, volvi\u00f3 a trabajar?<\/strong><\/p>\n<p style=\"text-align: justify;\">&#8211; S\u00ed, est\u00e1 en estos momentos en el sal\u00f3n cumpliendo su misi\u00f3n, no amerit\u00f3 por parte de la autoridad sanitaria, en este caso el m\u00e9dico tratante, el otorgarle una licencia me imagino y est\u00e1 ac\u00e1 cumpliendo el turno correspondiente durante la ma\u00f1ana.<\/p>\n<p style=\"text-align: justify;\">&#8211; <strong>\u00bfUn poco choqueado igual?<\/strong><\/p>\n<p style=\"text-align: justify;\">&#8211; S\u00ed, por supuesto cuando le pasa algo a uno, esas situaciones, mir\u00e1ndolo de afuera uno se hace el fuerte todo lo que quieran, sufri\u00e9ndola, y creo que ah\u00ed la persona incluso tienen temor de qui\u00e9n se le acerca al costado o quien en este momento est\u00e9 conversando con uno, no sabe las intenciones que tiene o la respuesta que da uno tambi\u00e9n uno a veces no le puede caer bien a alguien uno, lamentablemente eso est\u00e1 pasando en este momento, no tan solo ac\u00e1 en el terminal, sino que en la vida diaria.<\/p>\n<figure id=\"attachment_111822\" aria-describedby=\"caption-attachment-111822\" style=\"width: 699px\" class=\"wp-caption alignnone\"><img data-recalc-dims=\"1\" loading=\"lazy\" decoding=\"async\" class=\"size-full wp-image-111822\" src=\"https:\/\/i0.wp.com\/eltrabajo.cl\/portal\/wp-content\/uploads\/2021\/12\/Terminal.jpg?resize=640%2C403&#038;ssl=1\" alt=\"Terminal de buses de San Felipe, donde ocurri\u00f3 la ins\u00f3lita agresi\u00f3ndel adulto mayor.\" width=\"640\" height=\"403\" srcset=\"https:\/\/i0.wp.com\/eltrabajo.cl\/portal\/wp-content\/uploads\/2021\/12\/Terminal.jpg?w=699&amp;ssl=1 699w, https:\/\/i0.wp.com\/eltrabajo.cl\/portal\/wp-content\/uploads\/2021\/12\/Terminal.jpg?resize=300%2C189&amp;ssl=1 300w, https:\/\/i0.wp.com\/eltrabajo.cl\/portal\/wp-content\/uploads\/2021\/12\/Terminal.jpg?resize=200%2C126&amp;ssl=1 200w, https:\/\/i0.wp.com\/eltrabajo.cl\/portal\/wp-content\/uploads\/2021\/12\/Terminal.jpg?resize=696%2C438&amp;ssl=1 696w\" sizes=\"auto, (max-width: 640px) 100vw, 640px\" \/><figcaption id=\"caption-attachment-111822\" class=\"wp-caption-text\">Terminal de buses de San Felipe, donde ocurri\u00f3 la ins\u00f3lita agresi\u00f3ndel adulto mayor.<\/figcaption><\/figure>\n","protected":false},"excerpt":{"rendered":"<p>Este domingo en la ma\u00f1ana un hombre adulto mayor, de 80 a\u00f1os de edad, fue detenido acusado de haber agredido con un arma blanca a un guardia de seguridad en el terminal&#8230;<\/p>\n","protected":false},"author":482,"featured_media":111822,"comment_status":"closed","ping_status":"open","sticky":false,"template":"","format":"standard","meta":{"advanced_seo_description":"","jetpack_seo_html_title":"","jetpack_seo_noindex":false,"_jetpack_memberships_contains_paid_content":false,"footnotes":""},"categories":[21],"tags":[],"class_list":["post-111821","post","type-post","status-publish","format-standard","has-post-thumbnail","hentry","category-policial"],"jetpack_featured_media_url":"https:\/\/i0.wp.com\/eltrabajo.cl\/portal\/wp-content\/uploads\/2021\/12\/Terminal.jpg?fit=699%2C440&ssl=1","jetpack_sharing_enabled":true,"jetpack_likes_enabled":true,"jetpack-related-posts":[],"_links":{"self":[{"href":"https:\/\/eltrabajo.cl\/portal\/wp-json\/wp\/v2\/posts\/111821","targetHints":{"allow":["GET"]}}],"collection":[{"href":"https:\/\/eltrabajo.cl\/portal\/wp-json\/wp\/v2\/posts"}],"about":[{"href":"https:\/\/eltrabajo.cl\/portal\/wp-json\/wp\/v2\/types\/post"}],"author":[{"embeddable":true,"href":"https:\/\/eltrabajo.cl\/portal\/wp-json\/wp\/v2\/users\/482"}],"replies":[{"embeddable":true,"href":"https:\/\/eltrabajo.cl\/portal\/wp-json\/wp\/v2\/comments?post=111821"}],"version-history":[{"count":0,"href":"https:\/\/eltrabajo.cl\/portal\/wp-json\/wp\/v2\/posts\/111821\/revisions"}],"wp:featuredmedia":[{"embeddable":true,"href":"https:\/\/eltrabajo.cl\/portal\/wp-json\/wp\/v2\/media\/111822"}],"wp:attachment":[{"href":"https:\/\/eltrabajo.cl\/portal\/wp-json\/wp\/v2\/media?parent=111821"}],"wp:term":[{"taxonomy":"category","embeddable":true,"href":"https:\/\/eltrabajo.cl\/portal\/wp-json\/wp\/v2\/categories?post=111821"},{"taxonomy":"post_tag","embeddable":true,"href":"https:\/\/eltrabajo.cl\/portal\/wp-json\/wp\/v2\/tags?post=111821"}],"curies":[{"name":"wp","href":"https:\/\/api.w.org\/{rel}","templated":true}]}}