{"id":111842,"date":"2021-12-16T07:50:46","date_gmt":"2021-12-16T10:50:46","guid":{"rendered":"https:\/\/eltrabajo.cl\/portal\/?p=111842"},"modified":"2021-12-15T22:19:02","modified_gmt":"2021-12-16T01:19:02","slug":"angel-vildozo-no-sera-el-tecnico-de-union-san-felipe","status":"publish","type":"post","link":"https:\/\/eltrabajo.cl\/portal\/angel-vildozo-no-sera-el-tecnico-de-union-san-felipe\/","title":{"rendered":"\u00c1ngel Vildozo no ser\u00e1 el t\u00e9cnico de Uni\u00f3n San Felipe"},"content":{"rendered":"<p style=\"text-align: justify;\">Durante la jornada de ayer son\u00f3 con fuerza el rumor que el ex goleador y referente hist\u00f3rico del Un\u00ed Un\u00ed, <strong>\u00c1ngel Vildozo<\/strong>, ser\u00eda el t\u00e9cnico del primer equipo albirrojo para la temporada 2022, cosa que por cierto trajo altas cuotas de ilusi\u00f3n en la hinchada unionista.<\/p>\n<p style=\"text-align: justify;\">El rumor no alcanz\u00f3 a tener muchas horas de vida ya que fue el mism\u00edsimo <strong>\u2018\u00c1ngel del Gol\u2019<\/strong> quien lo desminti\u00f3: <em>\u00abDebe ser porque estoy de paso por la ciudad y la gente cree que ando en eso <\/em>(negociando su llegada),<em> pero solo vine a ver gente amiga. Por ahora estoy echando a andar unos proyectos personales relacionados con el f\u00fatbol, ahora ando de pasada, y seguramente durante el fin de semana volver\u00e9 para reencontrarme con algunos amigos\u00bb,<\/em> dijo.<\/p>\n<p style=\"text-align: justify;\">El exariete reconoci\u00f3 eso s\u00ed que en el futuro espera llegar al Un\u00ed Un\u00ed: <em>\u00abS\u00e9 que en alg\u00fan momento volver\u00e9 al club para aportar, pero por ahora es imposible que yo dirija fuera de mi pa\u00eds por una serie de detalles, m\u00e1s adelante tal vez se d\u00e9 eso. Agradezco el cari\u00f1o de la gente, y estoy seguro que en el futuro los caminos de Uni\u00f3n San Felipe y \u00c1ngel Vildozo se encontrar\u00e1n, pero hoy eso no es una posibilidad\u00bb,<\/em> remat\u00f3 con fuerza la figura unionista en la hist\u00f3rica campa\u00f1a del 2009.<\/p>\n<figure id=\"attachment_111843\" aria-describedby=\"caption-attachment-111843\" style=\"width: 699px\" class=\"wp-caption alignnone\"><img data-recalc-dims=\"1\" loading=\"lazy\" decoding=\"async\" class=\"size-full wp-image-111843\" src=\"https:\/\/i0.wp.com\/eltrabajo.cl\/portal\/wp-content\/uploads\/2021\/12\/vildozo.jpg?resize=640%2C695&#038;ssl=1\" alt=\"\u00c1ngel Vildozo descart\u00f3 que pueda ser el entrenador del Un\u00ed Un\u00ed la pr\u00f3xima temporada.\" width=\"640\" height=\"695\" srcset=\"https:\/\/i0.wp.com\/eltrabajo.cl\/portal\/wp-content\/uploads\/2021\/12\/vildozo.jpg?w=699&amp;ssl=1 699w, https:\/\/i0.wp.com\/eltrabajo.cl\/portal\/wp-content\/uploads\/2021\/12\/vildozo.jpg?resize=276%2C300&amp;ssl=1 276w, https:\/\/i0.wp.com\/eltrabajo.cl\/portal\/wp-content\/uploads\/2021\/12\/vildozo.jpg?resize=138%2C150&amp;ssl=1 138w, https:\/\/i0.wp.com\/eltrabajo.cl\/portal\/wp-content\/uploads\/2021\/12\/vildozo.jpg?resize=696%2C756&amp;ssl=1 696w\" sizes=\"auto, (max-width: 640px) 100vw, 640px\" \/><figcaption id=\"caption-attachment-111843\" class=\"wp-caption-text\">\u00c1ngel Vildozo descart\u00f3 que pueda ser el entrenador del Un\u00ed Un\u00ed la pr\u00f3xima temporada.<\/figcaption><\/figure>\n","protected":false},"excerpt":{"rendered":"<p>Durante la jornada de ayer son\u00f3 con fuerza el rumor que el ex goleador y referente hist\u00f3rico del Un\u00ed Un\u00ed, \u00c1ngel Vildozo, ser\u00eda el t\u00e9cnico del primer equipo albirrojo para la temporada&#8230;<\/p>\n","protected":false},"author":482,"featured_media":111843,"comment_status":"closed","ping_status":"open","sticky":false,"template":"","format":"standard","meta":{"advanced_seo_description":"","jetpack_seo_html_title":"","jetpack_seo_noindex":false,"_jetpack_memberships_contains_paid_content":false,"footnotes":""},"categories":[19],"tags":[],"class_list":["post-111842","post","type-post","status-publish","format-standard","has-post-thumbnail","hentry","category-deportes"],"jetpack_featured_media_url":"https:\/\/i0.wp.com\/eltrabajo.cl\/portal\/wp-content\/uploads\/2021\/12\/vildozo.jpg?fit=699%2C759&ssl=1","jetpack_sharing_enabled":true,"jetpack_likes_enabled":true,"jetpack-related-posts":[],"_links":{"self":[{"href":"https:\/\/eltrabajo.cl\/portal\/wp-json\/wp\/v2\/posts\/111842","targetHints":{"allow":["GET"]}}],"collection":[{"href":"https:\/\/eltrabajo.cl\/portal\/wp-json\/wp\/v2\/posts"}],"about":[{"href":"https:\/\/eltrabajo.cl\/portal\/wp-json\/wp\/v2\/types\/post"}],"author":[{"embeddable":true,"href":"https:\/\/eltrabajo.cl\/portal\/wp-json\/wp\/v2\/users\/482"}],"replies":[{"embeddable":true,"href":"https:\/\/eltrabajo.cl\/portal\/wp-json\/wp\/v2\/comments?post=111842"}],"version-history":[{"count":0,"href":"https:\/\/eltrabajo.cl\/portal\/wp-json\/wp\/v2\/posts\/111842\/revisions"}],"wp:featuredmedia":[{"embeddable":true,"href":"https:\/\/eltrabajo.cl\/portal\/wp-json\/wp\/v2\/media\/111843"}],"wp:attachment":[{"href":"https:\/\/eltrabajo.cl\/portal\/wp-json\/wp\/v2\/media?parent=111842"}],"wp:term":[{"taxonomy":"category","embeddable":true,"href":"https:\/\/eltrabajo.cl\/portal\/wp-json\/wp\/v2\/categories?post=111842"},{"taxonomy":"post_tag","embeddable":true,"href":"https:\/\/eltrabajo.cl\/portal\/wp-json\/wp\/v2\/tags?post=111842"}],"curies":[{"name":"wp","href":"https:\/\/api.w.org\/{rel}","templated":true}]}}