{"id":111845,"date":"2021-12-16T07:55:16","date_gmt":"2021-12-16T10:55:16","guid":{"rendered":"https:\/\/eltrabajo.cl\/portal\/?p=111845"},"modified":"2021-12-15T22:20:49","modified_gmt":"2021-12-16T01:20:49","slug":"momentos-de-angustia-vive-familia-tras-desaparicion-de-menor-de-10-anos","status":"publish","type":"post","link":"https:\/\/eltrabajo.cl\/portal\/momentos-de-angustia-vive-familia-tras-desaparicion-de-menor-de-10-anos\/","title":{"rendered":"Momentos de angustia vive familia tras desaparici\u00f3n de menor de 10 a\u00f1os"},"content":{"rendered":"<ul style=\"text-align: justify;\">\n<li style=\"text-align: left;\"><strong>Infante fue encontrado sano y salvo por vecinos del sector Las Coimas que participaron activamente en su b\u00fasqueda.<\/strong><\/li>\n<\/ul>\n<p style=\"text-align: justify;\">Tras una intensa b\u00fasqueda donde participaron vecinos, familiares, organismos de emergencia, fue encontrado con vida un menor de 10 a\u00f1os a quien se le hab\u00eda perdido el rastro este d\u00eda martes en horas de la noche en el sector Las Coimas de Putaendo.<\/p>\n<p style=\"text-align: justify;\"><strong>\u00c1ngel Pe\u00f1a<\/strong>, vecino del lugar y quien encontr\u00f3 al menor, dijo a <strong>putaendoinforma.com<\/strong>, que \u00e9l fue a ver un familiar. <em>\u00abMe enter\u00e9 que el peque\u00f1o se hab\u00eda perdido, entonces como yo soy de ac\u00e1 de la zona empec\u00e9 a buscar, andaba sin linterna. Al frente de la casa del ni\u00f1o hay un cerro, pens\u00e9 que pod\u00eda estar cerca de la casa, porque es peque\u00f1o, no pod\u00eda estar tan lejos por el susto, la noche. Entonces me voy acercando a una alambrada que hay en el cerro, vi un bulto y el ni\u00f1o sale arrancando cerro abajo. M\u00e1s adelante hab\u00eda otras personas con linternas trataron de agarrarlo, pero no se pudo, se les perdi\u00f3. Yo fui siguiendo la huella, hab\u00eda una bajada muy pronunciada a una casa, entonces me consegu\u00ed una linterna y ah\u00ed empec\u00e9 a buscar con mucho cuidado al ni\u00f1o y uno de esos momentos sent\u00ed un ruido y ah\u00ed encontr\u00e9 al ni\u00f1o, que estaba entre una lavadora y un caj\u00f3n. Ten\u00eda un palito en su mano como para defenderse algo as\u00ed y ese palito fue el que produjo el ruido\u00bb,<\/em> indic\u00f3.<\/p>\n<p style=\"text-align: justify;\">&#8211; <strong>\u00bfQu\u00e9 te dijo el menor cuando lo encontraste?<\/strong><\/p>\n<p style=\"text-align: justify;\">&#8211; Me dijo, bueno yo lo conoc\u00eda de peque\u00f1o, <strong>\u00ab\u00bfusted qu\u00e9 hace aqu\u00ed?\u00bb<\/strong>. Yo le dije que lo and\u00e1bamos buscando. Me dijo <strong>\u00ab\u00a1No!, no quiero estar con nadie, no quiero ver a nadie\u00bb<\/strong>. En ese momento entr\u00f3 la mam\u00e1 y el peque\u00f1o al verla la abraz\u00f3, ah\u00ed se puso a llorar, ah\u00ed yo me retir\u00e9.<\/p>\n<p style=\"text-align: justify;\">El vecino destac\u00f3 la uni\u00f3n que existe en el sector de Las Coimas cuando ocurre algo parecido. <em>\u00abUstedes saben que cuando pasa algo son muy unidos, el ejemplo la Telet\u00f3n, en este pueblo soy nacido y criado aqu\u00ed, reconozco esa ayuda cuando pasa algo en este pueblo, gracias a Dios el ni\u00f1o fue encontrado sano y salvo\u00bb,<\/em> indic\u00f3 \u00c1ngel Pe\u00f1a.<\/p>\n<p style=\"text-align: justify;\">Reiterar que el ni\u00f1o fue encontrado en buenas condiciones.<\/p>\n<p style=\"text-align: justify;\">Cabe destacar que en la b\u00fasqueda del menor particip\u00f3 personal de Bomberos, Carabineros y m\u00e1s de 80 personas.<\/p>\n<figure id=\"attachment_111846\" aria-describedby=\"caption-attachment-111846\" style=\"width: 699px\" class=\"wp-caption alignnone\"><img data-recalc-dims=\"1\" loading=\"lazy\" decoding=\"async\" class=\"size-full wp-image-111846\" src=\"https:\/\/i0.wp.com\/eltrabajo.cl\/portal\/wp-content\/uploads\/2021\/12\/Menor-Carabineros.jpg?resize=640%2C288&#038;ssl=1\" alt=\"Carabineros y Bomberos de Putaendo presentes en el lugar, participando de la b\u00fasqueda del menor. (Fotos Putaendoinforma.com)\" width=\"640\" height=\"288\" srcset=\"https:\/\/i0.wp.com\/eltrabajo.cl\/portal\/wp-content\/uploads\/2021\/12\/Menor-Carabineros.jpg?w=699&amp;ssl=1 699w, https:\/\/i0.wp.com\/eltrabajo.cl\/portal\/wp-content\/uploads\/2021\/12\/Menor-Carabineros.jpg?resize=300%2C135&amp;ssl=1 300w, https:\/\/i0.wp.com\/eltrabajo.cl\/portal\/wp-content\/uploads\/2021\/12\/Menor-Carabineros.jpg?resize=200%2C90&amp;ssl=1 200w, https:\/\/i0.wp.com\/eltrabajo.cl\/portal\/wp-content\/uploads\/2021\/12\/Menor-Carabineros.jpg?resize=696%2C314&amp;ssl=1 696w\" sizes=\"auto, (max-width: 640px) 100vw, 640px\" \/><figcaption id=\"caption-attachment-111846\" class=\"wp-caption-text\">Carabineros y Bomberos de Putaendo presentes en el lugar, participando de la b\u00fasqueda del menor. (Fotos Putaendoinforma.com)<\/figcaption><\/figure>\n<figure id=\"attachment_111847\" aria-describedby=\"caption-attachment-111847\" style=\"width: 699px\" class=\"wp-caption alignnone\"><img data-recalc-dims=\"1\" loading=\"lazy\" decoding=\"async\" class=\"size-full wp-image-111847\" src=\"https:\/\/i0.wp.com\/eltrabajo.cl\/portal\/wp-content\/uploads\/2021\/12\/Menor-vecinos.jpg?resize=640%2C288&#038;ssl=1\" alt=\"Vecinos de Las Coimas colaboraron solidaria y espont\u00e1neamente en la b\u00fasqueda del menor.\" width=\"640\" height=\"288\" srcset=\"https:\/\/i0.wp.com\/eltrabajo.cl\/portal\/wp-content\/uploads\/2021\/12\/Menor-vecinos.jpg?w=699&amp;ssl=1 699w, https:\/\/i0.wp.com\/eltrabajo.cl\/portal\/wp-content\/uploads\/2021\/12\/Menor-vecinos.jpg?resize=300%2C135&amp;ssl=1 300w, https:\/\/i0.wp.com\/eltrabajo.cl\/portal\/wp-content\/uploads\/2021\/12\/Menor-vecinos.jpg?resize=200%2C90&amp;ssl=1 200w, https:\/\/i0.wp.com\/eltrabajo.cl\/portal\/wp-content\/uploads\/2021\/12\/Menor-vecinos.jpg?resize=696%2C314&amp;ssl=1 696w\" sizes=\"auto, (max-width: 640px) 100vw, 640px\" \/><figcaption id=\"caption-attachment-111847\" class=\"wp-caption-text\">Vecinos de Las Coimas colaboraron solidaria y espont\u00e1neamente en la b\u00fasqueda del menor.<\/figcaption><\/figure>\n","protected":false},"excerpt":{"rendered":"<p>Infante fue encontrado sano y salvo por vecinos del sector Las Coimas que participaron activamente en su b\u00fasqueda. Tras una intensa b\u00fasqueda donde participaron vecinos, familiares, organismos de emergencia, fue encontrado con&#8230;<\/p>\n","protected":false},"author":482,"featured_media":111847,"comment_status":"closed","ping_status":"open","sticky":false,"template":"","format":"standard","meta":{"advanced_seo_description":"","jetpack_seo_html_title":"","jetpack_seo_noindex":false,"_jetpack_memberships_contains_paid_content":false,"footnotes":""},"categories":[21],"tags":[],"class_list":["post-111845","post","type-post","status-publish","format-standard","has-post-thumbnail","hentry","category-policial"],"jetpack_featured_media_url":"https:\/\/i0.wp.com\/eltrabajo.cl\/portal\/wp-content\/uploads\/2021\/12\/Menor-vecinos.jpg?fit=699%2C315&ssl=1","jetpack_sharing_enabled":true,"jetpack_likes_enabled":true,"jetpack-related-posts":[],"_links":{"self":[{"href":"https:\/\/eltrabajo.cl\/portal\/wp-json\/wp\/v2\/posts\/111845","targetHints":{"allow":["GET"]}}],"collection":[{"href":"https:\/\/eltrabajo.cl\/portal\/wp-json\/wp\/v2\/posts"}],"about":[{"href":"https:\/\/eltrabajo.cl\/portal\/wp-json\/wp\/v2\/types\/post"}],"author":[{"embeddable":true,"href":"https:\/\/eltrabajo.cl\/portal\/wp-json\/wp\/v2\/users\/482"}],"replies":[{"embeddable":true,"href":"https:\/\/eltrabajo.cl\/portal\/wp-json\/wp\/v2\/comments?post=111845"}],"version-history":[{"count":0,"href":"https:\/\/eltrabajo.cl\/portal\/wp-json\/wp\/v2\/posts\/111845\/revisions"}],"wp:featuredmedia":[{"embeddable":true,"href":"https:\/\/eltrabajo.cl\/portal\/wp-json\/wp\/v2\/media\/111847"}],"wp:attachment":[{"href":"https:\/\/eltrabajo.cl\/portal\/wp-json\/wp\/v2\/media?parent=111845"}],"wp:term":[{"taxonomy":"category","embeddable":true,"href":"https:\/\/eltrabajo.cl\/portal\/wp-json\/wp\/v2\/categories?post=111845"},{"taxonomy":"post_tag","embeddable":true,"href":"https:\/\/eltrabajo.cl\/portal\/wp-json\/wp\/v2\/tags?post=111845"}],"curies":[{"name":"wp","href":"https:\/\/api.w.org\/{rel}","templated":true}]}}