{"id":111882,"date":"2021-12-17T08:00:21","date_gmt":"2021-12-17T11:00:21","guid":{"rendered":"https:\/\/eltrabajo.cl\/portal\/?p=111882"},"modified":"2021-12-16T23:07:58","modified_gmt":"2021-12-17T02:07:58","slug":"hombre-de-50-anos-se-habria-suicidado-al-ser-funado-en-redes-sociales","status":"publish","type":"post","link":"https:\/\/eltrabajo.cl\/portal\/hombre-de-50-anos-se-habria-suicidado-al-ser-funado-en-redes-sociales\/","title":{"rendered":"Hombre de 50 a\u00f1os se habr\u00eda suicidado al ser \u2018funado\u2019 en redes sociales"},"content":{"rendered":"<p style=\"text-align: left;\"><span style=\"color: #ff0000;\"><strong>Acusado de presunto abuso sexual:<\/strong><\/span><\/p>\n<ul style=\"text-align: left;\">\n<li><strong>Fiscal\u00eda local descarta investigaci\u00f3n por supuesto delito sexual contra hombre que se habr\u00eda lanzado al paso de cami\u00f3n.-<\/strong><\/li>\n<\/ul>\n<p style=\"text-align: justify;\">Es incre\u00edble el efecto que puede causar en una persona una \u2018funa\u2019 en redes sociales. Hoy precisamente se va a cumplir en la pr\u00e1ctica una semana desde que un hombre que habr\u00eda sido \u2018funado\u2019 en redes sociales por un presunto delito sexual, se habr\u00eda lanzado al paso de un cami\u00f3n con la intenci\u00f3n de quitarse la vida. Algo que lamentablemente ocurri\u00f3 despu\u00e9s de tres horas de atenci\u00f3n m\u00e9dica.<\/p>\n<p style=\"text-align: justify;\">Se trataba de un hombre de 50 a\u00f1os, identificado como <strong>Juan Guerra<\/strong>, quien estaba siendo acusado de un abuso contra una persona del lugar donde ocurre el incidente.<\/p>\n<p style=\"text-align: justify;\">\n<p style=\"text-align: justify;\"><span style=\"color: #ff0000;\">SIAT EN EL LUGAR<\/span><\/p>\n<p style=\"text-align: justify;\">En el lugar, por tratarse hasta ese momento de un accidente de tr\u00e1nsito, debi\u00f3 concurrir personal de la SIAT de Carabineros, a cargo en este caso del teniente <strong>Maximiliano Mu\u00f1oz<\/strong>, quien dijo p\u00fablicamente que fue a investigar el d\u00eda viernes <em>\u00abcerca de las nueve, diez de la noche, si mal no recuerdo, y efectivamente era al inicio del tramo de la ruta vieja de Panquehue que se le llama all\u00e1, es que unas personas se encontraban en un paradero ah\u00ed pr\u00f3ximo al lugar. Escarmentada por las redes sociales como lo llaman de forma burda, que lo hab\u00edan \u2018funado\u2019, dentro de las hip\u00f3tesis se baraja que \u00e9l haya querido atentar contra su vida, pero eso tambi\u00e9n a lo largo de la investigaci\u00f3n vamos a poder establecer si hubo una intenci\u00f3n o no, pero lo que est\u00e1 claro es que el peat\u00f3n efectivamente cruza esta calzada, desconociendo la intenci\u00f3n, pero al cruzar obstruye la normal circulaci\u00f3n a un cami\u00f3n que iba circulando a muy baja velocidad por ese sector, gener\u00e1ndose el accidente y a posterior el fallecimiento de este peat\u00f3n\u00bb,<\/em> se\u00f1al\u00f3 el oficial.<\/p>\n<p style=\"text-align: justify;\">&#8211; <strong>La hip\u00f3tesis que se maneja es que esta persona, producto de haber sido \u2018funado\u2019 en redes sociales por la presunta comisi\u00f3n de un delito de connotaci\u00f3n sexual, \u00bf\u00e9l se lanza al cami\u00f3n en el fondo?<\/strong><\/p>\n<p style=\"text-align: justify;\">&#8211; S\u00ed, efectivamente como usted lo dice, \u00e9l efect\u00faa el cruce, se mantiene una hip\u00f3tesis que haya querido atentar contra su vida, pero eso hasta que no se establezca con elementos m\u00e1s fuertes con redes sociales, con algunas declaraciones de sus familiares, vamos a poder establecer si tuvo la intenci\u00f3n o no, pero cruza por un lugar que no corresponde para un peat\u00f3n, eso es indudable que es as\u00ed, que la responsabilidad est\u00e1 del peat\u00f3n por sobre el conductor.<\/p>\n<p style=\"text-align: justify;\">Eso era lo que dijo en su momento Carabineros, bas\u00e1ndose en lo que pudo averiguar en el lugar.<\/p>\n<p style=\"text-align: justify;\">\n<p style=\"text-align: justify;\"><span style=\"color: #ff0000;\">NO HAB\u00cdA INVESTIGACI\u00d3N<\/span><\/p>\n<p style=\"text-align: justify;\">En tanto desde la Fiscal\u00eda Local de San Felipe emitieron el siguiente comunicado, descartando que existiera alguna investigaci\u00f3n por delito de connotaci\u00f3n sexual contra este hombre de 50 a\u00f1os:<\/p>\n<p style=\"text-align: justify;\">\u00ab<em>La Fiscal\u00eda Local de San Felipe, en atenci\u00f3n a las consultas realizadas, informa lo siguiente:<\/em><\/p>\n<p style=\"text-align: justify;\">\u00ab<em>El Ministerio P\u00fablico inici\u00f3 investigaci\u00f3n por atropello con resultado de muerte respecto a la v\u00edctima, Juan Guerra. De acuerdo a las primeras diligencias se pudo establecer la responsabilidad del peat\u00f3n en el hecho y se est\u00e1n trabajando varias hip\u00f3tesis en la investigaci\u00f3n, entre ellas el suicidio.<\/em><\/p>\n<p style=\"text-align: justify;\">\u00ab<em>Respecto a denuncias relacionadas con delitos de significaci\u00f3n sexual, a la fecha el Ministerio P\u00fablico no ten\u00eda ning\u00fan antecedente respecto a la v\u00edctima, como tampoco investigaciones en curso en su contra\u00bb. <\/em><\/p>\n<figure id=\"attachment_111883\" aria-describedby=\"caption-attachment-111883\" style=\"width: 698px\" class=\"wp-caption alignnone\"><img data-recalc-dims=\"1\" loading=\"lazy\" decoding=\"async\" class=\"size-full wp-image-111883\" src=\"https:\/\/i0.wp.com\/eltrabajo.cl\/portal\/wp-content\/uploads\/2021\/12\/Urgencia.jpg?resize=640%2C384&#038;ssl=1\" alt=\"Hasta el servicio de urgencia de San Felipe fue trasladado el hombre que habr\u00eda intentado suicidarse tras ser \u2018funado\u2019 en redes sociales, sin que siquiera existiera una denuncia o investigaci\u00f3n en su contra. (Archivo)\" width=\"640\" height=\"384\" srcset=\"https:\/\/i0.wp.com\/eltrabajo.cl\/portal\/wp-content\/uploads\/2021\/12\/Urgencia.jpg?w=698&amp;ssl=1 698w, https:\/\/i0.wp.com\/eltrabajo.cl\/portal\/wp-content\/uploads\/2021\/12\/Urgencia.jpg?resize=300%2C180&amp;ssl=1 300w, https:\/\/i0.wp.com\/eltrabajo.cl\/portal\/wp-content\/uploads\/2021\/12\/Urgencia.jpg?resize=200%2C120&amp;ssl=1 200w, https:\/\/i0.wp.com\/eltrabajo.cl\/portal\/wp-content\/uploads\/2021\/12\/Urgencia.jpg?resize=696%2C418&amp;ssl=1 696w\" sizes=\"auto, (max-width: 640px) 100vw, 640px\" \/><figcaption id=\"caption-attachment-111883\" class=\"wp-caption-text\">Hasta el servicio de urgencia de San Felipe fue trasladado el hombre que habr\u00eda intentado suicidarse tras ser \u2018funado\u2019 en redes sociales, sin que siquiera existiera una denuncia o investigaci\u00f3n en su contra. (Archivo)<\/figcaption><\/figure>\n","protected":false},"excerpt":{"rendered":"<p>Acusado de presunto abuso sexual: Fiscal\u00eda local descarta investigaci\u00f3n por supuesto delito sexual contra hombre que se habr\u00eda lanzado al paso de cami\u00f3n.- Es incre\u00edble el efecto que puede causar en una&#8230;<\/p>\n","protected":false},"author":482,"featured_media":111883,"comment_status":"closed","ping_status":"open","sticky":false,"template":"","format":"standard","meta":{"advanced_seo_description":"","jetpack_seo_html_title":"","jetpack_seo_noindex":false,"_jetpack_memberships_contains_paid_content":false,"footnotes":""},"categories":[21],"tags":[],"class_list":["post-111882","post","type-post","status-publish","format-standard","has-post-thumbnail","hentry","category-policial"],"jetpack_featured_media_url":"https:\/\/i0.wp.com\/eltrabajo.cl\/portal\/wp-content\/uploads\/2021\/12\/Urgencia.jpg?fit=698%2C419&ssl=1","jetpack_sharing_enabled":true,"jetpack_likes_enabled":true,"jetpack-related-posts":[],"_links":{"self":[{"href":"https:\/\/eltrabajo.cl\/portal\/wp-json\/wp\/v2\/posts\/111882","targetHints":{"allow":["GET"]}}],"collection":[{"href":"https:\/\/eltrabajo.cl\/portal\/wp-json\/wp\/v2\/posts"}],"about":[{"href":"https:\/\/eltrabajo.cl\/portal\/wp-json\/wp\/v2\/types\/post"}],"author":[{"embeddable":true,"href":"https:\/\/eltrabajo.cl\/portal\/wp-json\/wp\/v2\/users\/482"}],"replies":[{"embeddable":true,"href":"https:\/\/eltrabajo.cl\/portal\/wp-json\/wp\/v2\/comments?post=111882"}],"version-history":[{"count":0,"href":"https:\/\/eltrabajo.cl\/portal\/wp-json\/wp\/v2\/posts\/111882\/revisions"}],"wp:featuredmedia":[{"embeddable":true,"href":"https:\/\/eltrabajo.cl\/portal\/wp-json\/wp\/v2\/media\/111883"}],"wp:attachment":[{"href":"https:\/\/eltrabajo.cl\/portal\/wp-json\/wp\/v2\/media?parent=111882"}],"wp:term":[{"taxonomy":"category","embeddable":true,"href":"https:\/\/eltrabajo.cl\/portal\/wp-json\/wp\/v2\/categories?post=111882"},{"taxonomy":"post_tag","embeddable":true,"href":"https:\/\/eltrabajo.cl\/portal\/wp-json\/wp\/v2\/tags?post=111882"}],"curies":[{"name":"wp","href":"https:\/\/api.w.org\/{rel}","templated":true}]}}