{"id":111934,"date":"2021-12-21T08:00:05","date_gmt":"2021-12-21T11:00:05","guid":{"rendered":"https:\/\/eltrabajo.cl\/portal\/?p=111934"},"modified":"2021-12-20T23:19:41","modified_gmt":"2021-12-21T02:19:41","slug":"un-muerto-y-dos-mujeres-heridas-dejo-accidente-de-transito-en-ruta-5-en-llay-llay","status":"publish","type":"post","link":"https:\/\/eltrabajo.cl\/portal\/un-muerto-y-dos-mujeres-heridas-dejo-accidente-de-transito-en-ruta-5-en-llay-llay\/","title":{"rendered":"Un muerto y dos mujeres heridas dej\u00f3 accidente de tr\u00e1nsito en ruta 5 en Llay Llay"},"content":{"rendered":"<ul style=\"text-align: justify;\">\n<li style=\"text-align: left;\"><strong>Conductor del cami\u00f3n muri\u00f3 en el lugar, mientras que una mujer y una menor de tres a\u00f1os resultaron con lesiones graves, siendo trasladadas al Hospital de la ciudad.-<\/strong><\/li>\n<\/ul>\n<p style=\"text-align: justify;\">Una verdadera tragedia se vivi\u00f3 la ma\u00f1ana de ayer lunes en la comuna de Llay Llay, luego que a eso de las 7,20 se registrara un fatal accidente en la ruta 5, a la altura del kil\u00f3metro 88 (enlace con la ruta 60 CH).<\/p>\n<p style=\"text-align: justify;\">El conductor de un cami\u00f3n impact\u00f3 a otro veh\u00edculo del mismo tipo por la parte trasera de \u00e9ste, falleciendo en el lugar un hombre de 49 a\u00f1os y resultando con lesiones graves una mujer de 24 a\u00f1os y una menor de tan s\u00f3lo 3 a\u00f1os.<\/p>\n<p style=\"text-align: justify;\">Al lugar lleg\u00f3 personal de la SIAT de Carabineros, quienes realizaron la investigaci\u00f3n respectiva para determinar las causas de este accidente. En este sentido el capit\u00e1n <strong>Luis Tobar<\/strong> se\u00f1al\u00f3 que <em>\u00aba las 7,20 am se produjo este accidente en donde un cami\u00f3n simple, que se desplazaba por la primera pista de circulaci\u00f3n en direcci\u00f3n al norte, y por causas que se investigan, colisiona por la parte posterior al semirremolque, el cual se desplazaba a menor velocidad por la v\u00eda\u00bb. <\/em><\/p>\n<p style=\"text-align: justify;\">Tobar adem\u00e1s agreg\u00f3 que <em>\u00abdel accidente tambi\u00e9n resultaron lesionadas dos personas, una menor de tres a\u00f1os y una mujer de 24 a\u00f1os, las que se encuentran fuera de riesgo vital y fueron atendidas en la Hospital de Llay Llay\u00bb. <\/em><\/p>\n<p style=\"text-align: justify;\">A ra\u00edz del accidente la ruta estuvo suspendida por algunos minutos y posteriormente se habilit\u00f3 una pista para el tr\u00e1nsito vehicular. Ya pasadas las 11,00 de la ma\u00f1ana, personal de la SIAT pudo habilitar las dos pistas en la ruta 5.<\/p>\n<p style=\"text-align: justify;\">Cabe destacar que Carabineros de esta misma unidad lanz\u00f3 hace algunos d\u00edas la campa\u00f1a <strong>\u2018#LaOtraPandemia\u2019<\/strong>, la que busca generar conciencia y llamar a una conducci\u00f3n responsable y atenta a las condiciones del tr\u00e1nsito sobre todo durante las fiestas de fin de a\u00f1o, teniendo en cuenta el aumento considerable de tr\u00e1nsito en las distintas rutas de nuestro valle del Aconcagua.<\/p>\n<figure id=\"attachment_111935\" aria-describedby=\"caption-attachment-111935\" style=\"width: 699px\" class=\"wp-caption alignnone\"><img data-recalc-dims=\"1\" loading=\"lazy\" decoding=\"async\" class=\"size-full wp-image-111935\" src=\"https:\/\/i0.wp.com\/eltrabajo.cl\/portal\/wp-content\/uploads\/2021\/12\/muerte-2.jpg?resize=640%2C481&#038;ssl=1\" alt=\"Personal de la SIAT de Carabineros realizando las pesquisas tras el accidente. \" width=\"640\" height=\"481\" srcset=\"https:\/\/i0.wp.com\/eltrabajo.cl\/portal\/wp-content\/uploads\/2021\/12\/muerte-2.jpg?w=699&amp;ssl=1 699w, https:\/\/i0.wp.com\/eltrabajo.cl\/portal\/wp-content\/uploads\/2021\/12\/muerte-2.jpg?resize=300%2C225&amp;ssl=1 300w, https:\/\/i0.wp.com\/eltrabajo.cl\/portal\/wp-content\/uploads\/2021\/12\/muerte-2.jpg?resize=200%2C150&amp;ssl=1 200w, https:\/\/i0.wp.com\/eltrabajo.cl\/portal\/wp-content\/uploads\/2021\/12\/muerte-2.jpg?resize=696%2C523&amp;ssl=1 696w\" sizes=\"auto, (max-width: 640px) 100vw, 640px\" \/><figcaption id=\"caption-attachment-111935\" class=\"wp-caption-text\">Personal de la SIAT de Carabineros realizando las pesquisas tras el accidente.<\/figcaption><\/figure>\n<figure id=\"attachment_111936\" aria-describedby=\"caption-attachment-111936\" style=\"width: 700px\" class=\"wp-caption alignnone\"><img data-recalc-dims=\"1\" loading=\"lazy\" decoding=\"async\" class=\"size-full wp-image-111936\" src=\"https:\/\/i0.wp.com\/eltrabajo.cl\/portal\/wp-content\/uploads\/2021\/12\/muerte3.jpg?resize=640%2C635&#038;ssl=1\" alt=\"Accidente vehicular de dos camiones dej\u00f3 una v\u00edctima fatal y dos personas con lesiones graves en la ruta 5 en Llay Llay.\" width=\"640\" height=\"635\" srcset=\"https:\/\/i0.wp.com\/eltrabajo.cl\/portal\/wp-content\/uploads\/2021\/12\/muerte3.jpg?w=700&amp;ssl=1 700w, https:\/\/i0.wp.com\/eltrabajo.cl\/portal\/wp-content\/uploads\/2021\/12\/muerte3.jpg?resize=300%2C298&amp;ssl=1 300w, https:\/\/i0.wp.com\/eltrabajo.cl\/portal\/wp-content\/uploads\/2021\/12\/muerte3.jpg?resize=151%2C150&amp;ssl=1 151w, https:\/\/i0.wp.com\/eltrabajo.cl\/portal\/wp-content\/uploads\/2021\/12\/muerte3.jpg?resize=696%2C691&amp;ssl=1 696w\" sizes=\"auto, (max-width: 640px) 100vw, 640px\" \/><figcaption id=\"caption-attachment-111936\" class=\"wp-caption-text\">Accidente vehicular de dos camiones dej\u00f3 una v\u00edctima fatal y dos personas con lesiones graves en la ruta 5 en Llay Llay.<\/figcaption><\/figure>\n","protected":false},"excerpt":{"rendered":"<p>Conductor del cami\u00f3n muri\u00f3 en el lugar, mientras que una mujer y una menor de tres a\u00f1os resultaron con lesiones graves, siendo trasladadas al Hospital de la ciudad.- Una verdadera tragedia se&#8230;<\/p>\n","protected":false},"author":482,"featured_media":111936,"comment_status":"closed","ping_status":"open","sticky":false,"template":"","format":"standard","meta":{"advanced_seo_description":"","jetpack_seo_html_title":"","jetpack_seo_noindex":false,"_jetpack_memberships_contains_paid_content":false,"footnotes":""},"categories":[21],"tags":[],"class_list":["post-111934","post","type-post","status-publish","format-standard","has-post-thumbnail","hentry","category-policial"],"jetpack_featured_media_url":"https:\/\/i0.wp.com\/eltrabajo.cl\/portal\/wp-content\/uploads\/2021\/12\/muerte3.jpg?fit=700%2C695&ssl=1","jetpack_sharing_enabled":true,"jetpack_likes_enabled":true,"jetpack-related-posts":[],"_links":{"self":[{"href":"https:\/\/eltrabajo.cl\/portal\/wp-json\/wp\/v2\/posts\/111934","targetHints":{"allow":["GET"]}}],"collection":[{"href":"https:\/\/eltrabajo.cl\/portal\/wp-json\/wp\/v2\/posts"}],"about":[{"href":"https:\/\/eltrabajo.cl\/portal\/wp-json\/wp\/v2\/types\/post"}],"author":[{"embeddable":true,"href":"https:\/\/eltrabajo.cl\/portal\/wp-json\/wp\/v2\/users\/482"}],"replies":[{"embeddable":true,"href":"https:\/\/eltrabajo.cl\/portal\/wp-json\/wp\/v2\/comments?post=111934"}],"version-history":[{"count":0,"href":"https:\/\/eltrabajo.cl\/portal\/wp-json\/wp\/v2\/posts\/111934\/revisions"}],"wp:featuredmedia":[{"embeddable":true,"href":"https:\/\/eltrabajo.cl\/portal\/wp-json\/wp\/v2\/media\/111936"}],"wp:attachment":[{"href":"https:\/\/eltrabajo.cl\/portal\/wp-json\/wp\/v2\/media?parent=111934"}],"wp:term":[{"taxonomy":"category","embeddable":true,"href":"https:\/\/eltrabajo.cl\/portal\/wp-json\/wp\/v2\/categories?post=111934"},{"taxonomy":"post_tag","embeddable":true,"href":"https:\/\/eltrabajo.cl\/portal\/wp-json\/wp\/v2\/tags?post=111934"}],"curies":[{"name":"wp","href":"https:\/\/api.w.org\/{rel}","templated":true}]}}