{"id":111962,"date":"2021-12-22T08:00:04","date_gmt":"2021-12-22T11:00:04","guid":{"rendered":"https:\/\/eltrabajo.cl\/portal\/?p=111962"},"modified":"2021-12-21T23:21:48","modified_gmt":"2021-12-22T02:21:48","slug":"feroz-rina-entre-comerciantes-ambulantes-deja-cinco-personas-detenidas","status":"publish","type":"post","link":"https:\/\/eltrabajo.cl\/portal\/feroz-rina-entre-comerciantes-ambulantes-deja-cinco-personas-detenidas\/","title":{"rendered":"Feroz ri\u00f1a entre comerciantes ambulantes deja cinco personas detenidas"},"content":{"rendered":"<p style=\"text-align: left;\"><span style=\"color: #ff0000;\"><strong>Entre ellas un menor de edad:<\/strong><\/span><\/p>\n<p style=\"text-align: justify;\">Cinco personas, entre ellas una mujer y un menor de edad, fueron detenidas por Carabineros de San Felipe, acusadas de participar en una ri\u00f1a ayer al mediod\u00eda en la intersecci\u00f3n de Prat con Traslavi\u00f1a.<\/p>\n<p style=\"text-align: justify;\">La informaci\u00f3n fue entregada por el subcomisario de los servicios subrogante, capit\u00e1n <strong>Gast\u00f3n Zamorano<\/strong>, se\u00f1alando que <em>\u00abalrededor de las 12:15 horas, personal focalizado que se encuentra de servicio en la Feria Navide\u00f1a, es alertado por transe\u00fantes que en las esquinas de Prat con Traslavi\u00f1a se estar\u00eda produciendo una ri\u00f1a entre comerciantes ambulantes. Al llegar personal al lugar logra detener a dos personas que estaban involucradas en esta ri\u00f1a, pero lamentablemente los comerciantes ambulantes intentaron arrebatar al personal policial a estos sujetos, inici\u00e1ndose una pelea m\u00e1s grande entre los mismos comerciantes y con Carabineros, por lo cual se solicit\u00f3 la cooperaci\u00f3n del resto del personal, llegando al lugar y logrando la detenci\u00f3n de cinco personas, entre ellos una mujer y un menor de edad, que habr\u00edan estado involucrados en esta ri\u00f1a\u00bb,<\/em> se\u00f1al\u00f3.<\/p>\n<p style=\"text-align: justify;\">Sobre antecedentes de los imputados, el oficial indic\u00f3 que se verificaron algunas identidades, las cuales no registran.<\/p>\n<p style=\"text-align: justify;\">De todas maneras el hecho caus\u00f3 gran expectaci\u00f3n en el lugar, porque esa intersecci\u00f3n es muy concurrida a toda hora, principalmente al medio d\u00eda y a d\u00edas de Navidad.<\/p>\n<figure id=\"attachment_111963\" aria-describedby=\"caption-attachment-111963\" style=\"width: 698px\" class=\"wp-caption alignnone\"><img data-recalc-dims=\"1\" loading=\"lazy\" decoding=\"async\" class=\"size-full wp-image-111963\" src=\"https:\/\/i0.wp.com\/eltrabajo.cl\/portal\/wp-content\/uploads\/2021\/12\/Comerciantes-2.jpg?resize=640%2C360&#038;ssl=1\" alt=\"En el lugar se produjo bastante conmoci\u00f3n ya que al ser detenidos los involucrados en la ri\u00f1a, algunos comerciantes se enfrentaron a Carabineros.\" width=\"640\" height=\"360\" srcset=\"https:\/\/i0.wp.com\/eltrabajo.cl\/portal\/wp-content\/uploads\/2021\/12\/Comerciantes-2.jpg?w=698&amp;ssl=1 698w, https:\/\/i0.wp.com\/eltrabajo.cl\/portal\/wp-content\/uploads\/2021\/12\/Comerciantes-2.jpg?resize=300%2C169&amp;ssl=1 300w, https:\/\/i0.wp.com\/eltrabajo.cl\/portal\/wp-content\/uploads\/2021\/12\/Comerciantes-2.jpg?resize=200%2C113&amp;ssl=1 200w, https:\/\/i0.wp.com\/eltrabajo.cl\/portal\/wp-content\/uploads\/2021\/12\/Comerciantes-2.jpg?resize=696%2C392&amp;ssl=1 696w\" sizes=\"auto, (max-width: 640px) 100vw, 640px\" \/><figcaption id=\"caption-attachment-111963\" class=\"wp-caption-text\">En el lugar se produjo bastante conmoci\u00f3n ya que al ser detenidos los involucrados en la ri\u00f1a, algunos comerciantes se enfrentaron a Carabineros.<\/figcaption><\/figure>\n<figure id=\"attachment_111964\" aria-describedby=\"caption-attachment-111964\" style=\"width: 698px\" class=\"wp-caption alignnone\"><img data-recalc-dims=\"1\" loading=\"lazy\" decoding=\"async\" class=\"size-full wp-image-111964\" src=\"https:\/\/i0.wp.com\/eltrabajo.cl\/portal\/wp-content\/uploads\/2021\/12\/Comerciantes.jpg?resize=640%2C360&#038;ssl=1\" alt=\"Personal de Carabineros en la intersecci\u00f3n de Traslavi\u00f1a con Prat donde se desarrollaron los incidentes.\" width=\"640\" height=\"360\" srcset=\"https:\/\/i0.wp.com\/eltrabajo.cl\/portal\/wp-content\/uploads\/2021\/12\/Comerciantes.jpg?w=698&amp;ssl=1 698w, https:\/\/i0.wp.com\/eltrabajo.cl\/portal\/wp-content\/uploads\/2021\/12\/Comerciantes.jpg?resize=300%2C169&amp;ssl=1 300w, https:\/\/i0.wp.com\/eltrabajo.cl\/portal\/wp-content\/uploads\/2021\/12\/Comerciantes.jpg?resize=200%2C113&amp;ssl=1 200w, https:\/\/i0.wp.com\/eltrabajo.cl\/portal\/wp-content\/uploads\/2021\/12\/Comerciantes.jpg?resize=696%2C392&amp;ssl=1 696w\" sizes=\"auto, (max-width: 640px) 100vw, 640px\" \/><figcaption id=\"caption-attachment-111964\" class=\"wp-caption-text\">Personal de Carabineros en la intersecci\u00f3n de Traslavi\u00f1a con Prat donde se desarrollaron los incidentes.<\/figcaption><\/figure>\n<figure id=\"attachment_111965\" aria-describedby=\"caption-attachment-111965\" style=\"width: 698px\" class=\"wp-caption alignnone\"><img data-recalc-dims=\"1\" loading=\"lazy\" decoding=\"async\" class=\"size-full wp-image-111965\" src=\"https:\/\/i0.wp.com\/eltrabajo.cl\/portal\/wp-content\/uploads\/2021\/12\/Comercientes-3.jpg?resize=640%2C360&#038;ssl=1\" alt=\"Carabineros sale corriendo en busca de las personas que participaron en la ri\u00f1a. (Foto TVmasLlayllay)\" width=\"640\" height=\"360\" srcset=\"https:\/\/i0.wp.com\/eltrabajo.cl\/portal\/wp-content\/uploads\/2021\/12\/Comercientes-3.jpg?w=698&amp;ssl=1 698w, https:\/\/i0.wp.com\/eltrabajo.cl\/portal\/wp-content\/uploads\/2021\/12\/Comercientes-3.jpg?resize=300%2C169&amp;ssl=1 300w, https:\/\/i0.wp.com\/eltrabajo.cl\/portal\/wp-content\/uploads\/2021\/12\/Comercientes-3.jpg?resize=200%2C113&amp;ssl=1 200w, https:\/\/i0.wp.com\/eltrabajo.cl\/portal\/wp-content\/uploads\/2021\/12\/Comercientes-3.jpg?resize=696%2C392&amp;ssl=1 696w\" sizes=\"auto, (max-width: 640px) 100vw, 640px\" \/><figcaption id=\"caption-attachment-111965\" class=\"wp-caption-text\">Carabineros sale corriendo en busca de las personas que participaron en la ri\u00f1a. (Foto TVmasLlayllay)<\/figcaption><\/figure>\n","protected":false},"excerpt":{"rendered":"<p>Entre ellas un menor de edad: Cinco personas, entre ellas una mujer y un menor de edad, fueron detenidas por Carabineros de San Felipe, acusadas de participar en una ri\u00f1a ayer al&#8230;<\/p>\n","protected":false},"author":482,"featured_media":111965,"comment_status":"closed","ping_status":"open","sticky":false,"template":"","format":"standard","meta":{"advanced_seo_description":"","jetpack_seo_html_title":"","jetpack_seo_noindex":false,"_jetpack_memberships_contains_paid_content":false,"footnotes":""},"categories":[21],"tags":[],"class_list":["post-111962","post","type-post","status-publish","format-standard","has-post-thumbnail","hentry","category-policial"],"jetpack_featured_media_url":"https:\/\/i0.wp.com\/eltrabajo.cl\/portal\/wp-content\/uploads\/2021\/12\/Comercientes-3.jpg?fit=698%2C393&ssl=1","jetpack_sharing_enabled":true,"jetpack_likes_enabled":true,"jetpack-related-posts":[],"_links":{"self":[{"href":"https:\/\/eltrabajo.cl\/portal\/wp-json\/wp\/v2\/posts\/111962","targetHints":{"allow":["GET"]}}],"collection":[{"href":"https:\/\/eltrabajo.cl\/portal\/wp-json\/wp\/v2\/posts"}],"about":[{"href":"https:\/\/eltrabajo.cl\/portal\/wp-json\/wp\/v2\/types\/post"}],"author":[{"embeddable":true,"href":"https:\/\/eltrabajo.cl\/portal\/wp-json\/wp\/v2\/users\/482"}],"replies":[{"embeddable":true,"href":"https:\/\/eltrabajo.cl\/portal\/wp-json\/wp\/v2\/comments?post=111962"}],"version-history":[{"count":0,"href":"https:\/\/eltrabajo.cl\/portal\/wp-json\/wp\/v2\/posts\/111962\/revisions"}],"wp:featuredmedia":[{"embeddable":true,"href":"https:\/\/eltrabajo.cl\/portal\/wp-json\/wp\/v2\/media\/111965"}],"wp:attachment":[{"href":"https:\/\/eltrabajo.cl\/portal\/wp-json\/wp\/v2\/media?parent=111962"}],"wp:term":[{"taxonomy":"category","embeddable":true,"href":"https:\/\/eltrabajo.cl\/portal\/wp-json\/wp\/v2\/categories?post=111962"},{"taxonomy":"post_tag","embeddable":true,"href":"https:\/\/eltrabajo.cl\/portal\/wp-json\/wp\/v2\/tags?post=111962"}],"curies":[{"name":"wp","href":"https:\/\/api.w.org\/{rel}","templated":true}]}}