{"id":112018,"date":"2021-12-24T07:55:43","date_gmt":"2021-12-24T10:55:43","guid":{"rendered":"https:\/\/eltrabajo.cl\/portal\/?p=112018"},"modified":"2021-12-23T23:05:54","modified_gmt":"2021-12-24T02:05:54","slug":"una-mujer-herida-tras-chocar-en-abraham-ahumada-con-santa-teresa","status":"publish","type":"post","link":"https:\/\/eltrabajo.cl\/portal\/una-mujer-herida-tras-chocar-en-abraham-ahumada-con-santa-teresa\/","title":{"rendered":"Una mujer herida tras chocar en Abraham Ahumada con Santa Teresa"},"content":{"rendered":"<p style=\"text-align: justify;\">Una colisi\u00f3n vehicular se registr\u00f3 a las 12:41 horas de este jueves en la esquina de Abraham Ahumada con Circunvalaci\u00f3n Santa Teresa, en el que se vieron involucrados un autom\u00f3vil y una camioneta. Como resultado de lo anterior, una mujer adulta result\u00f3 lesionada en el cuello y en su pierna izquierda.<\/p>\n<p style=\"text-align: justify;\">En el lugar los veh\u00edculos involucrados quedaron al centro de la calzada tras el impacto. La camioneta que se desplazaba por Abraham Ahumada, transitaba con derecho a paso, mientras el autom\u00f3vil particular, de color negro, ven\u00eda por Circunvalaci\u00f3n donde existe se\u00f1al Pare.<\/p>\n<p style=\"text-align: justify;\">Al lugar acudieron una patrulla de Carabineros, SAMU y la R-3 de Bomberos.<\/p>\n<p style=\"text-align: justify;\">\n<p style=\"text-align: justify;\"><span style=\"color: #ff0000;\">\u00c1RBOLES\u00a0NO DEJAN VER<\/span><\/p>\n<p style=\"text-align: justify;\">Otros conductores que estaban en el lugar reclamaron que hay \u00e1rboles sin podar en Abraham Ahumada, lo que impide a los conductores ver qui\u00e9n viene, los obliga a meterse en la v\u00eda para poder pasar.<\/p>\n<p style=\"text-align: justify;\">La mujer herida fue trasladada al Hospital San Camilo, lo dem\u00e1s fueron da\u00f1os materiales.<\/p>\n<p style=\"text-align: justify;\"><strong>Roberto Gonz\u00e1lez Short<\/strong><\/p>\n<figure id=\"attachment_112019\" aria-describedby=\"caption-attachment-112019\" style=\"width: 699px\" class=\"wp-caption alignnone\"><img data-recalc-dims=\"1\" loading=\"lazy\" decoding=\"async\" class=\"size-full wp-image-112019\" src=\"https:\/\/i0.wp.com\/eltrabajo.cl\/portal\/wp-content\/uploads\/2021\/12\/Choque1.jpg?resize=640%2C419&#038;ssl=1\" alt=\"MUJER LESIONADA.- Esta es la escena del accidente, la camioneta ven\u00eda por Abraham Ahumada, donde existe derecho a paso, en tanto el veh\u00edculo negro transitaba por Santa Teresa, donde existe se\u00f1al Pare.\" width=\"640\" height=\"419\" srcset=\"https:\/\/i0.wp.com\/eltrabajo.cl\/portal\/wp-content\/uploads\/2021\/12\/Choque1.jpg?w=699&amp;ssl=1 699w, https:\/\/i0.wp.com\/eltrabajo.cl\/portal\/wp-content\/uploads\/2021\/12\/Choque1.jpg?resize=300%2C197&amp;ssl=1 300w, https:\/\/i0.wp.com\/eltrabajo.cl\/portal\/wp-content\/uploads\/2021\/12\/Choque1.jpg?resize=200%2C131&amp;ssl=1 200w, https:\/\/i0.wp.com\/eltrabajo.cl\/portal\/wp-content\/uploads\/2021\/12\/Choque1.jpg?resize=696%2C456&amp;ssl=1 696w\" sizes=\"auto, (max-width: 640px) 100vw, 640px\" \/><figcaption id=\"caption-attachment-112019\" class=\"wp-caption-text\">MUJER LESIONADA.- Esta es la escena del accidente, la camioneta ven\u00eda por Abraham Ahumada, donde existe derecho a paso, en tanto el veh\u00edculo negro transitaba por Santa Teresa, donde existe se\u00f1al Pare.<\/figcaption><\/figure>\n<figure id=\"attachment_112020\" aria-describedby=\"caption-attachment-112020\" style=\"width: 699px\" class=\"wp-caption alignnone\"><img data-recalc-dims=\"1\" loading=\"lazy\" decoding=\"async\" class=\"size-full wp-image-112020\" src=\"https:\/\/i0.wp.com\/eltrabajo.cl\/portal\/wp-content\/uploads\/2021\/12\/Choque3.jpg?resize=640%2C428&#038;ssl=1\" alt=\"La mujer herida fue trasladada al Hospital San Camilo, lo dem\u00e1s fueron da\u00f1os materiales.\" width=\"640\" height=\"428\" srcset=\"https:\/\/i0.wp.com\/eltrabajo.cl\/portal\/wp-content\/uploads\/2021\/12\/Choque3.jpg?w=699&amp;ssl=1 699w, https:\/\/i0.wp.com\/eltrabajo.cl\/portal\/wp-content\/uploads\/2021\/12\/Choque3.jpg?resize=300%2C200&amp;ssl=1 300w, https:\/\/i0.wp.com\/eltrabajo.cl\/portal\/wp-content\/uploads\/2021\/12\/Choque3.jpg?resize=200%2C134&amp;ssl=1 200w, https:\/\/i0.wp.com\/eltrabajo.cl\/portal\/wp-content\/uploads\/2021\/12\/Choque3.jpg?resize=696%2C465&amp;ssl=1 696w\" sizes=\"auto, (max-width: 640px) 100vw, 640px\" \/><figcaption id=\"caption-attachment-112020\" class=\"wp-caption-text\">La mujer herida fue trasladada al Hospital San Camilo, lo dem\u00e1s fueron da\u00f1os materiales.<\/figcaption><\/figure>\n","protected":false},"excerpt":{"rendered":"<p>Una colisi\u00f3n vehicular se registr\u00f3 a las 12:41 horas de este jueves en la esquina de Abraham Ahumada con Circunvalaci\u00f3n Santa Teresa, en el que se vieron involucrados un autom\u00f3vil y una&#8230;<\/p>\n","protected":false},"author":482,"featured_media":112020,"comment_status":"closed","ping_status":"open","sticky":false,"template":"","format":"standard","meta":{"advanced_seo_description":"","jetpack_seo_html_title":"","jetpack_seo_noindex":false,"_jetpack_memberships_contains_paid_content":false,"footnotes":""},"categories":[21],"tags":[],"class_list":["post-112018","post","type-post","status-publish","format-standard","has-post-thumbnail","hentry","category-policial"],"jetpack_featured_media_url":"https:\/\/i0.wp.com\/eltrabajo.cl\/portal\/wp-content\/uploads\/2021\/12\/Choque3.jpg?fit=699%2C467&ssl=1","jetpack_sharing_enabled":true,"jetpack_likes_enabled":true,"jetpack-related-posts":[],"_links":{"self":[{"href":"https:\/\/eltrabajo.cl\/portal\/wp-json\/wp\/v2\/posts\/112018","targetHints":{"allow":["GET"]}}],"collection":[{"href":"https:\/\/eltrabajo.cl\/portal\/wp-json\/wp\/v2\/posts"}],"about":[{"href":"https:\/\/eltrabajo.cl\/portal\/wp-json\/wp\/v2\/types\/post"}],"author":[{"embeddable":true,"href":"https:\/\/eltrabajo.cl\/portal\/wp-json\/wp\/v2\/users\/482"}],"replies":[{"embeddable":true,"href":"https:\/\/eltrabajo.cl\/portal\/wp-json\/wp\/v2\/comments?post=112018"}],"version-history":[{"count":0,"href":"https:\/\/eltrabajo.cl\/portal\/wp-json\/wp\/v2\/posts\/112018\/revisions"}],"wp:featuredmedia":[{"embeddable":true,"href":"https:\/\/eltrabajo.cl\/portal\/wp-json\/wp\/v2\/media\/112020"}],"wp:attachment":[{"href":"https:\/\/eltrabajo.cl\/portal\/wp-json\/wp\/v2\/media?parent=112018"}],"wp:term":[{"taxonomy":"category","embeddable":true,"href":"https:\/\/eltrabajo.cl\/portal\/wp-json\/wp\/v2\/categories?post=112018"},{"taxonomy":"post_tag","embeddable":true,"href":"https:\/\/eltrabajo.cl\/portal\/wp-json\/wp\/v2\/tags?post=112018"}],"curies":[{"name":"wp","href":"https:\/\/api.w.org\/{rel}","templated":true}]}}