{"id":112022,"date":"2021-12-24T08:00:06","date_gmt":"2021-12-24T11:00:06","guid":{"rendered":"https:\/\/eltrabajo.cl\/portal\/?p=112022"},"modified":"2021-12-23T23:08:01","modified_gmt":"2021-12-24T02:08:01","slug":"rencilla-termina-con-dos-familias-enfrentadas-a-balazos-en-bellavista","status":"publish","type":"post","link":"https:\/\/eltrabajo.cl\/portal\/rencilla-termina-con-dos-familias-enfrentadas-a-balazos-en-bellavista\/","title":{"rendered":"Rencilla termina con dos familias enfrentadas a balazos en Bellavista"},"content":{"rendered":"<p style=\"text-align: left;\"><span style=\"color: #ff0000;\"><strong>Carabineros detiene a t\u00edo y sobrino por violencia intrafamiliar:<\/strong><\/span><\/p>\n<p style=\"text-align: justify;\">Una presunta discusi\u00f3n familiar en el sector de Bellavista termin\u00f3 con dos personas detenidas por Carabineros este d\u00eda mi\u00e9rcoles en la noche, oportunidad en la que incluso se incautaron armas de fuego que estaban en poder de los detenidos.<\/p>\n<p style=\"text-align: justify;\">La informaci\u00f3n fue corroborada por el capit\u00e1n <strong>Rafael Ram\u00edrez Vallejos<\/strong>, quien dijo que fueron dos personas detenidas <em>\u00abpor armas de fuego, lo que pasa que a eso de las 21:30 horas aproximadamente, personal de Carabineros toma conocimiento de un procedimiento de violencia intrafamiliar en el sector de Bellavista, por lo que concurre de forma inmediata al lugar y se entrevista con las personas y se puede establecer que hay una violencia intrafamiliar, entre familiares de los cuales dos personas procedieron a sustraer armas de fuego, a efectuar disparos. Gracias a Dios no tenemos ninguna persona lesionada producto de estos disparos, y fue con esos antecedentes que Carabineros procede a la detenci\u00f3n de dos personas de los cuales se logr\u00f3 incautar dos escopetas de calibre 18 y a su vez tambi\u00e9n se recuper\u00f3 un rev\u00f3lver calibre 38, obviamente con una vainilla percutada y conforme a la instrucci\u00f3n del fiscal de turno, ambos detenidos pasaron a control de detenci\u00f3n\u00bb <\/em>(ayer), dijo.<\/p>\n<p style=\"text-align: justify;\">&#8211; <strong>En ese mismo sentido, las armas de fuego \u00bfest\u00e1n inscritas legalmente o no?<\/strong><\/p>\n<p style=\"text-align: justify;\">&#8211; Eso es lo que se est\u00e1 verificando a\u00fan porque est\u00e1n ilegibles los n\u00fameros de serie, as\u00ed es que ah\u00ed se est\u00e1n verificando todav\u00eda con personal de la autoridad fiscalizadora de Los Andes.<\/p>\n<p style=\"text-align: justify;\">&#8211; <strong>Ahora el nivel de parentesco entre los imputados, t\u00edo y sobrino me dec\u00edan algunas personas.<\/strong><\/p>\n<p style=\"text-align: justify;\">&#8211; Exacto, t\u00edo y sobrino son las dos personas detenidas.<\/p>\n<p style=\"text-align: justify;\">&#8211; <strong>\u00bfTodos mayores de edad?<\/strong><\/p>\n<p style=\"text-align: justify;\">&#8211; S\u00ed, todos mayores de edad.<\/p>\n<p style=\"text-align: justify;\">&#8211; <strong>\u00bfPasaron a control de detenci\u00f3n por violencia intrafamiliar?<\/strong><\/p>\n<p style=\"text-align: justify;\">&#8211; S\u00ed, por violencia intrafamiliar y porte ilegal de arma de fuego.<\/p>\n<p style=\"text-align: justify;\">&#8211; <strong>\u00bfEn este caso se supo por qu\u00e9 fue la discusi\u00f3n?<\/strong><\/p>\n<p style=\"text-align: justify;\">&#8211; No, son rencillas que tienen entre familiares solamente y debido a eso fue la principal discusi\u00f3n.<\/p>\n<p style=\"text-align: justify;\">&#8211; <strong>\u00bfT\u00edo y sobrino discutieron y hubo disparos al aire, una cosa as\u00ed?<\/strong><\/p>\n<p style=\"text-align: justify;\">&#8211; Claro, fueron unos disparos al aire que realizaron entre familias, solamente los detenidos que logramos detener anoche (mi\u00e9rcoles), pero fue la familia involucrada en este hecho.<\/p>\n<p style=\"text-align: justify;\">&#8211; <strong>\u00bfAlguna recomendaci\u00f3n en este sentido Capit\u00e1n?<\/strong><\/p>\n<p style=\"text-align: justify;\">&#8211; Bueno, el llamado a la ciudadan\u00eda; primero es hacer este tipo de llamado, denunciar cuando sean testigos de violencia intrafamiliar, ya sea testigos de o\u00edda o presenciales. Hacer el llamado a la ciudadan\u00eda que nos llamen, que nos den a conocer estos hechos, porque si bien es cierto las VIF son delitos que ocurren al interior de los domicilios, es importante que cada persona que sea testigo de este tipo de hechos pueda hacer las denuncia para poder adoptar las medidas necesarias y evitar riesgos mayores hacia las personas.<\/p>\n<figure id=\"attachment_112023\" aria-describedby=\"caption-attachment-112023\" style=\"width: 699px\" class=\"wp-caption alignnone\"><img data-recalc-dims=\"1\" loading=\"lazy\" decoding=\"async\" class=\"size-full wp-image-112023\" src=\"https:\/\/i0.wp.com\/eltrabajo.cl\/portal\/wp-content\/uploads\/2021\/12\/Capitan-Rafael-Ramirez.jpg?resize=640%2C396&#038;ssl=1\" alt=\"El capit\u00e1n Rafael Ram\u00edrez Vallejos entregando la informaci\u00f3n al periodista Ra\u00fal L\u00f3pez de Radio Aconcagua.\" width=\"640\" height=\"396\" srcset=\"https:\/\/i0.wp.com\/eltrabajo.cl\/portal\/wp-content\/uploads\/2021\/12\/Capitan-Rafael-Ramirez.jpg?w=699&amp;ssl=1 699w, https:\/\/i0.wp.com\/eltrabajo.cl\/portal\/wp-content\/uploads\/2021\/12\/Capitan-Rafael-Ramirez.jpg?resize=300%2C186&amp;ssl=1 300w, https:\/\/i0.wp.com\/eltrabajo.cl\/portal\/wp-content\/uploads\/2021\/12\/Capitan-Rafael-Ramirez.jpg?resize=200%2C124&amp;ssl=1 200w, https:\/\/i0.wp.com\/eltrabajo.cl\/portal\/wp-content\/uploads\/2021\/12\/Capitan-Rafael-Ramirez.jpg?resize=696%2C431&amp;ssl=1 696w\" sizes=\"auto, (max-width: 640px) 100vw, 640px\" \/><figcaption id=\"caption-attachment-112023\" class=\"wp-caption-text\">El capit\u00e1n Rafael Ram\u00edrez Vallejos entregando la informaci\u00f3n al periodista Ra\u00fal L\u00f3pez de Radio Aconcagua.<\/figcaption><\/figure>\n","protected":false},"excerpt":{"rendered":"<p>Carabineros detiene a t\u00edo y sobrino por violencia intrafamiliar: Una presunta discusi\u00f3n familiar en el sector de Bellavista termin\u00f3 con dos personas detenidas por Carabineros este d\u00eda mi\u00e9rcoles en la noche, oportunidad&#8230;<\/p>\n","protected":false},"author":482,"featured_media":112023,"comment_status":"closed","ping_status":"open","sticky":false,"template":"","format":"standard","meta":{"advanced_seo_description":"","jetpack_seo_html_title":"","jetpack_seo_noindex":false,"_jetpack_memberships_contains_paid_content":false,"footnotes":""},"categories":[21],"tags":[],"class_list":["post-112022","post","type-post","status-publish","format-standard","has-post-thumbnail","hentry","category-policial"],"jetpack_featured_media_url":"https:\/\/i0.wp.com\/eltrabajo.cl\/portal\/wp-content\/uploads\/2021\/12\/Capitan-Rafael-Ramirez.jpg?fit=699%2C433&ssl=1","jetpack_sharing_enabled":true,"jetpack_likes_enabled":true,"jetpack-related-posts":[],"_links":{"self":[{"href":"https:\/\/eltrabajo.cl\/portal\/wp-json\/wp\/v2\/posts\/112022","targetHints":{"allow":["GET"]}}],"collection":[{"href":"https:\/\/eltrabajo.cl\/portal\/wp-json\/wp\/v2\/posts"}],"about":[{"href":"https:\/\/eltrabajo.cl\/portal\/wp-json\/wp\/v2\/types\/post"}],"author":[{"embeddable":true,"href":"https:\/\/eltrabajo.cl\/portal\/wp-json\/wp\/v2\/users\/482"}],"replies":[{"embeddable":true,"href":"https:\/\/eltrabajo.cl\/portal\/wp-json\/wp\/v2\/comments?post=112022"}],"version-history":[{"count":0,"href":"https:\/\/eltrabajo.cl\/portal\/wp-json\/wp\/v2\/posts\/112022\/revisions"}],"wp:featuredmedia":[{"embeddable":true,"href":"https:\/\/eltrabajo.cl\/portal\/wp-json\/wp\/v2\/media\/112023"}],"wp:attachment":[{"href":"https:\/\/eltrabajo.cl\/portal\/wp-json\/wp\/v2\/media?parent=112022"}],"wp:term":[{"taxonomy":"category","embeddable":true,"href":"https:\/\/eltrabajo.cl\/portal\/wp-json\/wp\/v2\/categories?post=112022"},{"taxonomy":"post_tag","embeddable":true,"href":"https:\/\/eltrabajo.cl\/portal\/wp-json\/wp\/v2\/tags?post=112022"}],"curies":[{"name":"wp","href":"https:\/\/api.w.org\/{rel}","templated":true}]}}