{"id":112025,"date":"2021-12-27T07:35:05","date_gmt":"2021-12-27T10:35:05","guid":{"rendered":"https:\/\/eltrabajo.cl\/portal\/?p=112025"},"modified":"2021-12-26T22:08:56","modified_gmt":"2021-12-27T01:08:56","slug":"trasandino-festejo-en-casa-su-titulo-en-la-tercera-a","status":"publish","type":"post","link":"https:\/\/eltrabajo.cl\/portal\/trasandino-festejo-en-casa-su-titulo-en-la-tercera-a\/","title":{"rendered":"Trasandino festej\u00f3 en casa su t\u00edtulo en la Tercera A"},"content":{"rendered":"<p style=\"text-align: justify;\">Con la compa\u00f1\u00eda de sus seguidores m\u00e1s fieles y en un estadio Regional que en la antesala a Navidad luci\u00f3 notoriamente mucho m\u00e1s p\u00fablico del acostumbrado, Trasandino de Los Andes cerr\u00f3 una temporada brillante que coron\u00f3 con un merecido t\u00edtulo en la serie mayor del balompi\u00e9 aficionado chileno.<\/p>\n<p style=\"text-align: justify;\">En su \u00faltimo partido de la postemporada que se jug\u00f3 el jueves pasado, la escuadra andina enfrent\u00f3 al Real San Joaqu\u00edn, equipo que todav\u00eda aspira a ascender a la Segunda Divisi\u00f3n Profesional chilena.<\/p>\n<p style=\"text-align: justify;\">Para la \u00faltima presentaci\u00f3n del \u2018C\u00f3ndor\u2019 este 2021 se prepar\u00f3 una verdadera fiesta, cargada de simbolismo, porque aparte del encuentro mismo se llevaron a cabo sentidos homenajes a personalidades que siempre han estado junto Trasandino, pese al paso de los a\u00f1os, donde las alegr\u00edas como las vividas la semana pasada, solo se han contado en m\u00ednimas ocasiones.<\/p>\n<p style=\"text-align: justify;\">Del partido mismo se puede decir que este tuvo los t\u00edpicos condimentos de un pleito de la Tercera divisi\u00f3n, donde se corre y raspa mucho, pero en la que se hacen diferencias en lo t\u00e1ctico; fue precisamente ah\u00ed donde \u2018El Tra\u2019 demostr\u00f3 el por qu\u00e9 fue el mejor del torneo, al mostrarse como un cuadro bien organizado en toda su estructura, por lo que no tuvo mayores problemas para imponerse por 2 goles a 0, gracias a las conquistas de un encendido Carlos Svec.<\/p>\n<p style=\"text-align: justify;\"><strong>Tabla de Posiciones<\/strong><\/p>\n<p style=\"text-align: justify;\"><strong>Lugar\u00a0\u00a0\u00a0\u00a0 Ptos<\/strong><\/p>\n<p style=\"text-align: justify;\">Trasandino \u00a0\u00a0\u00a0\u00a0\u00a0\u00a0\u00a0 12<\/p>\n<p style=\"text-align: justify;\">Ranco\u00a0\u00a0 3<\/p>\n<p style=\"text-align: justify;\">Real San Joaqu\u00edn \u00a0\u00a0\u00a0\u00a0\u00a0\u00a0\u00a0\u00a0\u00a0\u00a0\u00a0 \u00a00<\/p>\n<p style=\"text-align: justify;\">NR: Ascienden los dos primeros<\/p>\n<figure id=\"attachment_112026\" aria-describedby=\"caption-attachment-112026\" style=\"width: 699px\" class=\"wp-caption alignnone\"><img data-recalc-dims=\"1\" loading=\"lazy\" decoding=\"async\" class=\"size-full wp-image-112026\" src=\"https:\/\/i0.wp.com\/eltrabajo.cl\/portal\/wp-content\/uploads\/2021\/12\/tra-Trasandino.jpg?resize=640%2C406&#038;ssl=1\" alt=\"Trasandino celebr\u00f3 con su gente el ascenso a la serie de bronce del f\u00fatbol profesional chileno.\" width=\"640\" height=\"406\" srcset=\"https:\/\/i0.wp.com\/eltrabajo.cl\/portal\/wp-content\/uploads\/2021\/12\/tra-Trasandino.jpg?w=699&amp;ssl=1 699w, https:\/\/i0.wp.com\/eltrabajo.cl\/portal\/wp-content\/uploads\/2021\/12\/tra-Trasandino.jpg?resize=300%2C190&amp;ssl=1 300w, https:\/\/i0.wp.com\/eltrabajo.cl\/portal\/wp-content\/uploads\/2021\/12\/tra-Trasandino.jpg?resize=200%2C127&amp;ssl=1 200w, https:\/\/i0.wp.com\/eltrabajo.cl\/portal\/wp-content\/uploads\/2021\/12\/tra-Trasandino.jpg?resize=696%2C441&amp;ssl=1 696w\" sizes=\"auto, (max-width: 640px) 100vw, 640px\" \/><figcaption id=\"caption-attachment-112026\" class=\"wp-caption-text\">Trasandino celebr\u00f3 con su gente el ascenso a la serie de bronce del f\u00fatbol profesional chileno.<\/figcaption><\/figure>\n<figure id=\"attachment_112027\" aria-describedby=\"caption-attachment-112027\" style=\"width: 698px\" class=\"wp-caption alignnone\"><img data-recalc-dims=\"1\" loading=\"lazy\" decoding=\"async\" class=\"size-full wp-image-112027\" src=\"https:\/\/i0.wp.com\/eltrabajo.cl\/portal\/wp-content\/uploads\/2021\/12\/tra-copa.jpg?resize=640%2C568&#038;ssl=1\" alt=\"Los andinos levantan la copa que los acredita como el mejor de la Tercera Divisi\u00f3n A.\" width=\"640\" height=\"568\" srcset=\"https:\/\/i0.wp.com\/eltrabajo.cl\/portal\/wp-content\/uploads\/2021\/12\/tra-copa.jpg?w=698&amp;ssl=1 698w, https:\/\/i0.wp.com\/eltrabajo.cl\/portal\/wp-content\/uploads\/2021\/12\/tra-copa.jpg?resize=300%2C266&amp;ssl=1 300w, https:\/\/i0.wp.com\/eltrabajo.cl\/portal\/wp-content\/uploads\/2021\/12\/tra-copa.jpg?resize=169%2C150&amp;ssl=1 169w, https:\/\/i0.wp.com\/eltrabajo.cl\/portal\/wp-content\/uploads\/2021\/12\/tra-copa.jpg?resize=696%2C617&amp;ssl=1 696w\" sizes=\"auto, (max-width: 640px) 100vw, 640px\" \/><figcaption id=\"caption-attachment-112027\" class=\"wp-caption-text\">Los andinos levantan la copa que los acredita como el mejor de la Tercera Divisi\u00f3n A.<\/figcaption><\/figure>\n","protected":false},"excerpt":{"rendered":"<p>Con la compa\u00f1\u00eda de sus seguidores m\u00e1s fieles y en un estadio Regional que en la antesala a Navidad luci\u00f3 notoriamente mucho m\u00e1s p\u00fablico del acostumbrado, Trasandino de Los Andes cerr\u00f3 una&#8230;<\/p>\n","protected":false},"author":482,"featured_media":112027,"comment_status":"closed","ping_status":"open","sticky":false,"template":"","format":"standard","meta":{"advanced_seo_description":"","jetpack_seo_html_title":"","jetpack_seo_noindex":false,"_jetpack_memberships_contains_paid_content":false,"footnotes":""},"categories":[19],"tags":[],"class_list":["post-112025","post","type-post","status-publish","format-standard","has-post-thumbnail","hentry","category-deportes"],"jetpack_featured_media_url":"https:\/\/i0.wp.com\/eltrabajo.cl\/portal\/wp-content\/uploads\/2021\/12\/tra-copa.jpg?fit=698%2C619&ssl=1","jetpack_sharing_enabled":true,"jetpack_likes_enabled":true,"jetpack-related-posts":[],"_links":{"self":[{"href":"https:\/\/eltrabajo.cl\/portal\/wp-json\/wp\/v2\/posts\/112025","targetHints":{"allow":["GET"]}}],"collection":[{"href":"https:\/\/eltrabajo.cl\/portal\/wp-json\/wp\/v2\/posts"}],"about":[{"href":"https:\/\/eltrabajo.cl\/portal\/wp-json\/wp\/v2\/types\/post"}],"author":[{"embeddable":true,"href":"https:\/\/eltrabajo.cl\/portal\/wp-json\/wp\/v2\/users\/482"}],"replies":[{"embeddable":true,"href":"https:\/\/eltrabajo.cl\/portal\/wp-json\/wp\/v2\/comments?post=112025"}],"version-history":[{"count":0,"href":"https:\/\/eltrabajo.cl\/portal\/wp-json\/wp\/v2\/posts\/112025\/revisions"}],"wp:featuredmedia":[{"embeddable":true,"href":"https:\/\/eltrabajo.cl\/portal\/wp-json\/wp\/v2\/media\/112027"}],"wp:attachment":[{"href":"https:\/\/eltrabajo.cl\/portal\/wp-json\/wp\/v2\/media?parent=112025"}],"wp:term":[{"taxonomy":"category","embeddable":true,"href":"https:\/\/eltrabajo.cl\/portal\/wp-json\/wp\/v2\/categories?post=112025"},{"taxonomy":"post_tag","embeddable":true,"href":"https:\/\/eltrabajo.cl\/portal\/wp-json\/wp\/v2\/tags?post=112025"}],"curies":[{"name":"wp","href":"https:\/\/api.w.org\/{rel}","templated":true}]}}