{"id":112036,"date":"2021-12-27T07:50:39","date_gmt":"2021-12-27T10:50:39","guid":{"rendered":"https:\/\/eltrabajo.cl\/portal\/?p=112036"},"modified":"2021-12-26T22:18:34","modified_gmt":"2021-12-27T01:18:34","slug":"cinco-personas-resultaron-lesionadas-tras-choque-frontal-en-sector-curimon","status":"publish","type":"post","link":"https:\/\/eltrabajo.cl\/portal\/cinco-personas-resultaron-lesionadas-tras-choque-frontal-en-sector-curimon\/","title":{"rendered":"Cinco personas resultaron lesionadas tras choque frontal en sector Curim\u00f3n"},"content":{"rendered":"<ul style=\"text-align: justify;\">\n<li style=\"text-align: left;\"><strong> Afortunadamente no hubo heridos de gravedad en el accidente que se produjo la ma\u00f1ana del pasado s\u00e1bado.-<\/strong><\/li>\n<\/ul>\n<p style=\"text-align: justify;\">Un choque de alta energ\u00eda se produjo la ma\u00f1ana del pasado d\u00eda s\u00e1bado en el sector de Curim\u00f3n en San Felipe, espec\u00edficamente a la altura del cerro Mauco en el Troncal 601. Dos veh\u00edculos menores protagonizaron este accidente, dejando a cinco personas lesionadas, afortunadamente ninguna de ellas de gravedad.<\/p>\n<p style=\"text-align: justify;\">Al lugar concurrieron personal del SAMU, Carabineros y Bomberos. Fue el comandante de esta \u00faltima instituci\u00f3n, <strong>Juan Carlos Herrera Lillo<\/strong>, quien entreg\u00f3 detalles del accidente ocurrido.<\/p>\n<p style=\"text-align: justify;\">Herrera sostuvo que se trat\u00f3 de <em>\u00abuna colisi\u00f3n de alta energ\u00eda entre dos veh\u00edculos menores, donde resultaron cinco personas lesionadas, afortunadamente ninguna de ellas de gravedad. Trabaj\u00f3 bomberos en una primera instancia, despu\u00e9s obviamente lleg\u00f3 SAMU y carabineros al lugar y las personas fueron trasladadas al Hospital San Camilo\u00bb. <\/em><\/p>\n<p style=\"text-align: justify;\">Respecto de la din\u00e1mica del accidente, el comandante Herrera explic\u00f3 que <em>\u00abla colisi\u00f3n que presentaban los veh\u00edculos era por la parte delantera, frontal, se podr\u00eda decir entre frontal y costado del auto, de igual manera es parte de lo que la SIAT de Carabineros tiene que investigar\u00bb. <\/em><\/p>\n<p style=\"text-align: justify;\">Accidente que en una primera instancia hab\u00eda sido informado en el sector del Puente El Rey, pero que posteriormente se pudo establecer que se trataba de otro lugar.<\/p>\n<p style=\"text-align: justify;\">\u00ab<em>Ese sector donde fue el accidente es casi una recta que viene saliendo del camino de Tierras Blancas, es casi una recta donde est\u00e1 en ese sector donde se produjo ese accidente. La verdad es que los antecedentes que ten\u00edamos en una primera instancia es que era un accidente en el sector del Puente El Rey, las unidades se dirigieron hacia Curim\u00f3n y se percataron que el accidente se hab\u00eda producido en ese sector\u00bb,<\/em> cerr\u00f3 el comandante Juan Carlos Herrera Lillo.<\/p>\n<figure id=\"attachment_112037\" aria-describedby=\"caption-attachment-112037\" style=\"width: 699px\" class=\"wp-caption alignnone\"><img data-recalc-dims=\"1\" loading=\"lazy\" decoding=\"async\" class=\"size-full wp-image-112037\" src=\"https:\/\/i0.wp.com\/eltrabajo.cl\/portal\/wp-content\/uploads\/2021\/12\/choque-1.jpg?resize=640%2C360&#038;ssl=1\" alt=\"La colisi\u00f3n fue considerada de alta energ\u00eda, seg\u00fan Bomberos. Afortunadamente ninguno de los heridos fue de gravedad. Im\u00e1genes gentileza @emergenciaVcordillera.\" width=\"640\" height=\"360\" srcset=\"https:\/\/i0.wp.com\/eltrabajo.cl\/portal\/wp-content\/uploads\/2021\/12\/choque-1.jpg?w=699&amp;ssl=1 699w, https:\/\/i0.wp.com\/eltrabajo.cl\/portal\/wp-content\/uploads\/2021\/12\/choque-1.jpg?resize=300%2C169&amp;ssl=1 300w, https:\/\/i0.wp.com\/eltrabajo.cl\/portal\/wp-content\/uploads\/2021\/12\/choque-1.jpg?resize=200%2C112&amp;ssl=1 200w, https:\/\/i0.wp.com\/eltrabajo.cl\/portal\/wp-content\/uploads\/2021\/12\/choque-1.jpg?resize=696%2C391&amp;ssl=1 696w\" sizes=\"auto, (max-width: 640px) 100vw, 640px\" \/><figcaption id=\"caption-attachment-112037\" class=\"wp-caption-text\">La colisi\u00f3n fue considerada de alta energ\u00eda, seg\u00fan Bomberos. Afortunadamente ninguno de los heridos fue de gravedad. Im\u00e1genes gentileza @emergenciaVcordillera.<\/figcaption><\/figure>\n<figure id=\"attachment_112038\" aria-describedby=\"caption-attachment-112038\" style=\"width: 699px\" class=\"wp-caption alignnone\"><img data-recalc-dims=\"1\" loading=\"lazy\" decoding=\"async\" class=\"size-full wp-image-112038\" src=\"https:\/\/i0.wp.com\/eltrabajo.cl\/portal\/wp-content\/uploads\/2021\/12\/choque-2.jpg?resize=640%2C452&#038;ssl=1\" alt=\"Cinco personas lesionadas dej\u00f3 accidente de tr\u00e1nsito en el troncal 601 en Curim\u00f3n.\" width=\"640\" height=\"452\" srcset=\"https:\/\/i0.wp.com\/eltrabajo.cl\/portal\/wp-content\/uploads\/2021\/12\/choque-2.jpg?w=699&amp;ssl=1 699w, https:\/\/i0.wp.com\/eltrabajo.cl\/portal\/wp-content\/uploads\/2021\/12\/choque-2.jpg?resize=300%2C212&amp;ssl=1 300w, https:\/\/i0.wp.com\/eltrabajo.cl\/portal\/wp-content\/uploads\/2021\/12\/choque-2.jpg?resize=200%2C141&amp;ssl=1 200w, https:\/\/i0.wp.com\/eltrabajo.cl\/portal\/wp-content\/uploads\/2021\/12\/choque-2.jpg?resize=696%2C492&amp;ssl=1 696w\" sizes=\"auto, (max-width: 640px) 100vw, 640px\" \/><figcaption id=\"caption-attachment-112038\" class=\"wp-caption-text\">Cinco personas lesionadas dej\u00f3 accidente de tr\u00e1nsito en el troncal 601 en Curim\u00f3n.<\/figcaption><\/figure>\n","protected":false},"excerpt":{"rendered":"<p>Afortunadamente no hubo heridos de gravedad en el accidente que se produjo la ma\u00f1ana del pasado s\u00e1bado.- Un choque de alta energ\u00eda se produjo la ma\u00f1ana del pasado d\u00eda s\u00e1bado en el&#8230;<\/p>\n","protected":false},"author":482,"featured_media":112037,"comment_status":"closed","ping_status":"open","sticky":false,"template":"","format":"standard","meta":{"advanced_seo_description":"","jetpack_seo_html_title":"","jetpack_seo_noindex":false,"_jetpack_memberships_contains_paid_content":false,"footnotes":""},"categories":[21],"tags":[],"class_list":["post-112036","post","type-post","status-publish","format-standard","has-post-thumbnail","hentry","category-policial"],"jetpack_featured_media_url":"https:\/\/i0.wp.com\/eltrabajo.cl\/portal\/wp-content\/uploads\/2021\/12\/choque-1.jpg?fit=699%2C393&ssl=1","jetpack_sharing_enabled":true,"jetpack_likes_enabled":true,"jetpack-related-posts":[],"_links":{"self":[{"href":"https:\/\/eltrabajo.cl\/portal\/wp-json\/wp\/v2\/posts\/112036","targetHints":{"allow":["GET"]}}],"collection":[{"href":"https:\/\/eltrabajo.cl\/portal\/wp-json\/wp\/v2\/posts"}],"about":[{"href":"https:\/\/eltrabajo.cl\/portal\/wp-json\/wp\/v2\/types\/post"}],"author":[{"embeddable":true,"href":"https:\/\/eltrabajo.cl\/portal\/wp-json\/wp\/v2\/users\/482"}],"replies":[{"embeddable":true,"href":"https:\/\/eltrabajo.cl\/portal\/wp-json\/wp\/v2\/comments?post=112036"}],"version-history":[{"count":0,"href":"https:\/\/eltrabajo.cl\/portal\/wp-json\/wp\/v2\/posts\/112036\/revisions"}],"wp:featuredmedia":[{"embeddable":true,"href":"https:\/\/eltrabajo.cl\/portal\/wp-json\/wp\/v2\/media\/112037"}],"wp:attachment":[{"href":"https:\/\/eltrabajo.cl\/portal\/wp-json\/wp\/v2\/media?parent=112036"}],"wp:term":[{"taxonomy":"category","embeddable":true,"href":"https:\/\/eltrabajo.cl\/portal\/wp-json\/wp\/v2\/categories?post=112036"},{"taxonomy":"post_tag","embeddable":true,"href":"https:\/\/eltrabajo.cl\/portal\/wp-json\/wp\/v2\/tags?post=112036"}],"curies":[{"name":"wp","href":"https:\/\/api.w.org\/{rel}","templated":true}]}}