{"id":112040,"date":"2021-12-27T07:55:50","date_gmt":"2021-12-27T10:55:50","guid":{"rendered":"https:\/\/eltrabajo.cl\/portal\/?p=112040"},"modified":"2021-12-26T22:20:12","modified_gmt":"2021-12-27T01:20:12","slug":"cae-sujeto-por-balear-y-robar-bicicleta-a-hombre-en-departamentos-encon","status":"publish","type":"post","link":"https:\/\/eltrabajo.cl\/portal\/cae-sujeto-por-balear-y-robar-bicicleta-a-hombre-en-departamentos-encon\/","title":{"rendered":"Cae sujeto por balear y robar bicicleta a hombre en Departamentos Enc\u00f3n"},"content":{"rendered":"<p style=\"text-align: left;\"><span style=\"color: #ff0000;\"><strong>Asalto en Noche Buena:<\/strong><\/span><\/p>\n<p style=\"text-align: justify;\">Personal de la SIP de Carabineros de San Felipe detuvo en \u2018Noche Buena\u2019 a un sujeto de 31 a\u00f1os de edad, acusado de haber baleado en el muslo derecho y robarle la bicicleta a un hombre cuando iba a visitar a un amigo en los Departamentos Enc\u00f3n.<\/p>\n<p style=\"text-align: justify;\">Desde Carabineros informaron que este hecho ocurri\u00f3 en horas de la madrugada de este s\u00e1bado 25 de diciembre, aproximadamente a eso de las 04:00 horas, cuando la v\u00edctima se trasladaba en su bicicleta marca Oxford, color azul, desde la casa de su hija en direcci\u00f3n a los Departamentos Enc\u00f3n, con la finalidad de visitar un amigo. En el momento en que intenta subir la escala de los mismos departamentos, en el lugar se encontraba una persona que ubica, de iniciales <strong>P.F.C.R.<\/strong>, quien lo comenz\u00f3 a insultar y amenazar, seg\u00fan detall\u00f3 el afectado a los funcionarios policiales.<\/p>\n<p style=\"text-align: justify;\">Ante esta situaci\u00f3n la v\u00edctima, atemorizada por las amenazas, decide retirarse del lugar y al momento de darse vuelta, d\u00e1ndole la espalda al agresor, recibe un balazo en el muslo de su pierna derecha cayendo al suelo. Situaci\u00f3n que es aprovechada por el peligroso delincuente para robarle su bicicleta.<\/p>\n<p style=\"text-align: justify;\">Eso no fue todo, porque en el instante que la v\u00edctima intenta levantarse, recibe por parte del antisocial un golpe con la empu\u00f1adura del arma de fuego en el rostro, caus\u00e1ndole una herida en su ceja izquierda.<\/p>\n<p style=\"text-align: justify;\">El delincuente una vez que agredi\u00f3 y rob\u00f3 la bicicleta a la v\u00edctima, se retira del lugar. Sin embargo no contaba con que a eso de las nueve de la ma\u00f1ana del d\u00eda de navidad, el afectado llam\u00f3 al 133 denunciando el hecho.<\/p>\n<p style=\"text-align: justify;\">De inmediato se env\u00eda un veh\u00edculo del cuadrante para entrevistarse con el afectado, quien les cont\u00f3 todo lo sucedido, reiterando que lo hab\u00edan golpeado y robado su bicicleta marca Oxford, color azul.<\/p>\n<p style=\"text-align: justify;\">Comunicado el fiscal de turno de la comisi\u00f3n de este delito, instruy\u00f3 que fuera personal de la SIP de San Felipe la encargada de seguir con el procedimiento.<\/p>\n<p style=\"text-align: justify;\">Fue as\u00ed que la SIP, al tener la identidad del maleante, pudo dar con su paradero. Al llegar al lugar los polic\u00edas comprobaron que el sujeto denunciado estaba al interior del inmueble. R\u00e1pidamente llamaron al fiscal de turno de nuevo para solicitar la orden de entrada y registro. Al ser autorizados los efectivos policiales hicieron ingreso al domicilio, encontrando al delincuente en su casa.<\/p>\n<p style=\"text-align: justify;\">La detenci\u00f3n seg\u00fan registro de Carabineros se produjo a eso de las 11:00 horas de este 25 de diciembre.<\/p>\n<p style=\"text-align: justify;\">Aparte de la detenci\u00f3n del sujeto, personal policial efectu\u00f3 un registro de la casa con el fin de encontrar la bicicleta robada y el arma de fuego para herir a la v\u00edctima, lamentablemente esa diligencia no tuvo resultados positivos al no encontrarse ni la bicicleta ni el arma de fuego.<\/p>\n<p style=\"text-align: justify;\">Por instrucciones del fiscal de turno, el imputado pas\u00f3 a control de detenci\u00f3n el d\u00eda de ayer ante el Juzgado de Garant\u00eda de San Felipe, para su formalizaci\u00f3n, quedando en prisi\u00f3n preventiva por ser un peligro para la sociedad.<\/p>\n<figure id=\"attachment_112041\" aria-describedby=\"caption-attachment-112041\" style=\"width: 700px\" class=\"wp-caption alignnone\"><img data-recalc-dims=\"1\" loading=\"lazy\" decoding=\"async\" class=\"size-full wp-image-112041\" src=\"https:\/\/i0.wp.com\/eltrabajo.cl\/portal\/wp-content\/uploads\/2021\/12\/Imputado-2.jpg?resize=640%2C640&#038;ssl=1\" alt=\"El imputado subiendo al carro policial custodiado por personal de Carabineros de San Felipe.\" width=\"640\" height=\"640\" srcset=\"https:\/\/i0.wp.com\/eltrabajo.cl\/portal\/wp-content\/uploads\/2021\/12\/Imputado-2.jpg?w=700&amp;ssl=1 700w, https:\/\/i0.wp.com\/eltrabajo.cl\/portal\/wp-content\/uploads\/2021\/12\/Imputado-2.jpg?resize=300%2C300&amp;ssl=1 300w, https:\/\/i0.wp.com\/eltrabajo.cl\/portal\/wp-content\/uploads\/2021\/12\/Imputado-2.jpg?resize=150%2C150&amp;ssl=1 150w, https:\/\/i0.wp.com\/eltrabajo.cl\/portal\/wp-content\/uploads\/2021\/12\/Imputado-2.jpg?resize=696%2C696&amp;ssl=1 696w\" sizes=\"auto, (max-width: 640px) 100vw, 640px\" \/><figcaption id=\"caption-attachment-112041\" class=\"wp-caption-text\">El imputado subiendo al carro policial custodiado por personal de Carabineros de San Felipe.<\/figcaption><\/figure>\n","protected":false},"excerpt":{"rendered":"<p>Asalto en Noche Buena: Personal de la SIP de Carabineros de San Felipe detuvo en \u2018Noche Buena\u2019 a un sujeto de 31 a\u00f1os de edad, acusado de haber baleado en el muslo&#8230;<\/p>\n","protected":false},"author":482,"featured_media":112041,"comment_status":"closed","ping_status":"open","sticky":false,"template":"","format":"standard","meta":{"advanced_seo_description":"","jetpack_seo_html_title":"","jetpack_seo_noindex":false,"_jetpack_memberships_contains_paid_content":false,"footnotes":""},"categories":[21],"tags":[],"class_list":["post-112040","post","type-post","status-publish","format-standard","has-post-thumbnail","hentry","category-policial"],"jetpack_featured_media_url":"https:\/\/i0.wp.com\/eltrabajo.cl\/portal\/wp-content\/uploads\/2021\/12\/Imputado-2.jpg?fit=700%2C700&ssl=1","jetpack_sharing_enabled":true,"jetpack_likes_enabled":true,"jetpack-related-posts":[],"_links":{"self":[{"href":"https:\/\/eltrabajo.cl\/portal\/wp-json\/wp\/v2\/posts\/112040","targetHints":{"allow":["GET"]}}],"collection":[{"href":"https:\/\/eltrabajo.cl\/portal\/wp-json\/wp\/v2\/posts"}],"about":[{"href":"https:\/\/eltrabajo.cl\/portal\/wp-json\/wp\/v2\/types\/post"}],"author":[{"embeddable":true,"href":"https:\/\/eltrabajo.cl\/portal\/wp-json\/wp\/v2\/users\/482"}],"replies":[{"embeddable":true,"href":"https:\/\/eltrabajo.cl\/portal\/wp-json\/wp\/v2\/comments?post=112040"}],"version-history":[{"count":0,"href":"https:\/\/eltrabajo.cl\/portal\/wp-json\/wp\/v2\/posts\/112040\/revisions"}],"wp:featuredmedia":[{"embeddable":true,"href":"https:\/\/eltrabajo.cl\/portal\/wp-json\/wp\/v2\/media\/112041"}],"wp:attachment":[{"href":"https:\/\/eltrabajo.cl\/portal\/wp-json\/wp\/v2\/media?parent=112040"}],"wp:term":[{"taxonomy":"category","embeddable":true,"href":"https:\/\/eltrabajo.cl\/portal\/wp-json\/wp\/v2\/categories?post=112040"},{"taxonomy":"post_tag","embeddable":true,"href":"https:\/\/eltrabajo.cl\/portal\/wp-json\/wp\/v2\/tags?post=112040"}],"curies":[{"name":"wp","href":"https:\/\/api.w.org\/{rel}","templated":true}]}}