{"id":112048,"date":"2021-12-28T07:30:23","date_gmt":"2021-12-28T10:30:23","guid":{"rendered":"https:\/\/eltrabajo.cl\/portal\/?p=112048"},"modified":"2021-12-27T23:26:24","modified_gmt":"2021-12-28T02:26:24","slug":"carabineros-detuvo-a-sujeto-por-porte-de-arma-de-fuego-y-cuchillo-en-putaendo","status":"publish","type":"post","link":"https:\/\/eltrabajo.cl\/portal\/carabineros-detuvo-a-sujeto-por-porte-de-arma-de-fuego-y-cuchillo-en-putaendo\/","title":{"rendered":"Carabineros detuvo a sujeto por porte de arma de fuego y cuchillo en Putaendo"},"content":{"rendered":"<ul style=\"text-align: justify;\">\n<li style=\"text-align: left;\"><strong>Hombre que ten\u00eda antecedentes penales fue descubierto con este armamento en el puente Cimbra de esa comuna.-<\/strong><\/li>\n<\/ul>\n<p style=\"text-align: justify;\">Carabineros del ret\u00e9n de Putaendo logr\u00f3 detener a un sujeto que portaba un arma de fuego modificada y un arma blanca en el sector del puente Cimbra de esa comuna. Alertados por personas que estaban en el lugar, personal policial realiz\u00f3 un control de identidad percat\u00e1ndose que el tipo portaba este armamento.<\/p>\n<p style=\"text-align: justify;\">La sub teniente <strong>Yasminia\u00a0 Andrade<\/strong>, jefa del ret\u00e9n policial de esa comuna, detall\u00f3 que <em>\u00aben el sector del puente cimbra, mientras Carabineros realizaba controles de identidad, procedi\u00f3 a la fiscalizaci\u00f3n de este sujeto, quien portaba una pistola tipo fogueo modificada para el disparo y un cuchillo que es considerado como arma blanca\u00bb. <\/em><\/p>\n<p style=\"text-align: justify;\">La subteniente agreg\u00f3 que <em>\u00abmomentos anteriores unas personas hab\u00edan alertado a Carabineros de la presencia de este sujeto portando este armamento, por lo que Carabineros lo fiscaliz\u00f3 y lo detuvo. El detenido no hab\u00eda alcanzado a cometer alg\u00fan delito, se detuvo por el porte ilegal de arma\u00bb. <\/em><\/p>\n<p style=\"text-align: justify;\">La persona, quien ten\u00eda antecedentes penales, fue identificado como <strong>L.M.M.<\/strong>, quien pas\u00f3 a control de detenci\u00f3n.<\/p>\n<figure id=\"attachment_112049\" aria-describedby=\"caption-attachment-112049\" style=\"width: 698px\" class=\"wp-caption alignnone\"><img data-recalc-dims=\"1\" loading=\"lazy\" decoding=\"async\" class=\"size-full wp-image-112049\" src=\"https:\/\/i0.wp.com\/eltrabajo.cl\/portal\/wp-content\/uploads\/2021\/12\/armas.jpg?resize=640%2C532&#038;ssl=1\" alt=\"Un arma de fuego modificada y un cuchillo portaba la persona detenida en el sector del puente Cimbra en Putaendo.\" width=\"640\" height=\"532\" srcset=\"https:\/\/i0.wp.com\/eltrabajo.cl\/portal\/wp-content\/uploads\/2021\/12\/armas.jpg?w=698&amp;ssl=1 698w, https:\/\/i0.wp.com\/eltrabajo.cl\/portal\/wp-content\/uploads\/2021\/12\/armas.jpg?resize=300%2C249&amp;ssl=1 300w, https:\/\/i0.wp.com\/eltrabajo.cl\/portal\/wp-content\/uploads\/2021\/12\/armas.jpg?resize=181%2C150&amp;ssl=1 181w, https:\/\/i0.wp.com\/eltrabajo.cl\/portal\/wp-content\/uploads\/2021\/12\/armas.jpg?resize=696%2C578&amp;ssl=1 696w\" sizes=\"auto, (max-width: 640px) 100vw, 640px\" \/><figcaption id=\"caption-attachment-112049\" class=\"wp-caption-text\">Un arma de fuego modificada y un cuchillo portaba la persona detenida en el sector del puente Cimbra en Putaendo.<\/figcaption><\/figure>\n","protected":false},"excerpt":{"rendered":"<p>Hombre que ten\u00eda antecedentes penales fue descubierto con este armamento en el puente Cimbra de esa comuna.- Carabineros del ret\u00e9n de Putaendo logr\u00f3 detener a un sujeto que portaba un arma de&#8230;<\/p>\n","protected":false},"author":482,"featured_media":112049,"comment_status":"closed","ping_status":"open","sticky":false,"template":"","format":"standard","meta":{"advanced_seo_description":"","jetpack_seo_html_title":"","jetpack_seo_noindex":false,"_jetpack_memberships_contains_paid_content":false,"footnotes":""},"categories":[21],"tags":[],"class_list":["post-112048","post","type-post","status-publish","format-standard","has-post-thumbnail","hentry","category-policial"],"jetpack_featured_media_url":"https:\/\/i0.wp.com\/eltrabajo.cl\/portal\/wp-content\/uploads\/2021\/12\/armas.jpg?fit=698%2C580&ssl=1","jetpack_sharing_enabled":true,"jetpack_likes_enabled":true,"jetpack-related-posts":[],"_links":{"self":[{"href":"https:\/\/eltrabajo.cl\/portal\/wp-json\/wp\/v2\/posts\/112048","targetHints":{"allow":["GET"]}}],"collection":[{"href":"https:\/\/eltrabajo.cl\/portal\/wp-json\/wp\/v2\/posts"}],"about":[{"href":"https:\/\/eltrabajo.cl\/portal\/wp-json\/wp\/v2\/types\/post"}],"author":[{"embeddable":true,"href":"https:\/\/eltrabajo.cl\/portal\/wp-json\/wp\/v2\/users\/482"}],"replies":[{"embeddable":true,"href":"https:\/\/eltrabajo.cl\/portal\/wp-json\/wp\/v2\/comments?post=112048"}],"version-history":[{"count":0,"href":"https:\/\/eltrabajo.cl\/portal\/wp-json\/wp\/v2\/posts\/112048\/revisions"}],"wp:featuredmedia":[{"embeddable":true,"href":"https:\/\/eltrabajo.cl\/portal\/wp-json\/wp\/v2\/media\/112049"}],"wp:attachment":[{"href":"https:\/\/eltrabajo.cl\/portal\/wp-json\/wp\/v2\/media?parent=112048"}],"wp:term":[{"taxonomy":"category","embeddable":true,"href":"https:\/\/eltrabajo.cl\/portal\/wp-json\/wp\/v2\/categories?post=112048"},{"taxonomy":"post_tag","embeddable":true,"href":"https:\/\/eltrabajo.cl\/portal\/wp-json\/wp\/v2\/tags?post=112048"}],"curies":[{"name":"wp","href":"https:\/\/api.w.org\/{rel}","templated":true}]}}