{"id":112057,"date":"2021-12-28T07:45:31","date_gmt":"2021-12-28T10:45:31","guid":{"rendered":"https:\/\/eltrabajo.cl\/portal\/?p=112057"},"modified":"2021-12-27T23:48:55","modified_gmt":"2021-12-28T02:48:55","slug":"nuevamente-se-registro-incendio-de-pastizales-en-el-estadio-fiscal","status":"publish","type":"post","link":"https:\/\/eltrabajo.cl\/portal\/nuevamente-se-registro-incendio-de-pastizales-en-el-estadio-fiscal\/","title":{"rendered":"Nuevamente se registr\u00f3 incendio de pastizales en el Estadio Fiscal"},"content":{"rendered":"<ul style=\"text-align: justify;\">\n<li><strong>Desde Bomberos aseguraron que este tipo de siniestros son intencionales.-<\/strong><\/li>\n<\/ul>\n<p style=\"text-align: justify;\">La noche de este domingo nuevamente personal de Bomberos debi\u00f3 concurrir hasta el sector del Estadio Fiscal en San Felipe, para trabajar en un incendio de pastizales que se estaba produciendo. Durante algunos minutos personal de nuestra ciudad debi\u00f3 trabajar en el sitio, para extinguir las llamas y evitar que estas pudieran propagarse y alcanzar a viviendas cercanas el lugar de los hechos.<\/p>\n<p style=\"text-align: justify;\">El comandante <strong>Juan Carlos Herrera Lillo<\/strong> detall\u00f3 que <em>\u00abanoche se recibi\u00f3 un llamado por incendio de pastizales en el estadio fiscal, esto se viene saliendo hace varios d\u00edas en el mismo sector, hemos tenido algunos incendios de pastizales, la verdad que como todos ya conocen ese sector tiene una gran cantidad de vegetaci\u00f3n seca, estos incendios son intencionales, hay gente que va a compartir, hemos analizado porque ese sector se viene quemando hace mucho tiempo\u00bb. <\/em><\/p>\n<p style=\"text-align: justify;\">Lugar que muestra un considerable abandono y que adem\u00e1s, producto de la sequ\u00eda, la vegetaci\u00f3n se encuentra totalmente seca, lo que es material combustible para la propagaci\u00f3n de las llamas. <em>\u00abLa verdad es que se han dado las informaciones que corresponde, pero hemos tenido grandes incendios en ese sector, el \u00faltimo cuando se quemaron los camarines en ese sector y ahora no deja de ser que hay alguien quemando la vegetaci\u00f3n\u00bb,<\/em> agreg\u00f3 el comandante Herrera.<\/p>\n<p style=\"text-align: justify;\">En este sentido, Herrera adem\u00e1s explic\u00f3 que este tipo de siniestros siempre tienen un inicio intencional: <em>\u00abLa verdad es que son todos intencionales, hemos concurrido varias veces y lamentablemente son estructuras que adem\u00e1s est\u00e1n cerca de la vegetaci\u00f3n seca y hemos estado a metros que agarren estructuras en ese sector, como viviendas por ejemplo. <\/em><\/p>\n<p style=\"text-align: justify;\">\u00ab<em>No queda nada m\u00e1s que decir que son intencionales, no hay otro factor que podamos decir, casi el 99% de estos incendios son producidos por terceros\u00bb,<\/em> finaliz\u00f3 el comandante Juan Carlos Herrera Lillo.<\/p>\n<figure id=\"attachment_112058\" aria-describedby=\"caption-attachment-112058\" style=\"width: 699px\" class=\"wp-caption alignnone\"><img data-recalc-dims=\"1\" loading=\"lazy\" decoding=\"async\" class=\"size-full wp-image-112058\" src=\"https:\/\/i0.wp.com\/eltrabajo.cl\/portal\/wp-content\/uploads\/2021\/12\/fuego.jpg?resize=640%2C821&#038;ssl=1\" alt=\"Nuevamente se registr\u00f3 un incendio de pastizales en el estadio Fiscal de San Felipe. (Imagen referencial).\" width=\"640\" height=\"821\" srcset=\"https:\/\/i0.wp.com\/eltrabajo.cl\/portal\/wp-content\/uploads\/2021\/12\/fuego.jpg?w=699&amp;ssl=1 699w, https:\/\/i0.wp.com\/eltrabajo.cl\/portal\/wp-content\/uploads\/2021\/12\/fuego.jpg?resize=234%2C300&amp;ssl=1 234w, https:\/\/i0.wp.com\/eltrabajo.cl\/portal\/wp-content\/uploads\/2021\/12\/fuego.jpg?resize=117%2C150&amp;ssl=1 117w, https:\/\/i0.wp.com\/eltrabajo.cl\/portal\/wp-content\/uploads\/2021\/12\/fuego.jpg?resize=696%2C893&amp;ssl=1 696w\" sizes=\"auto, (max-width: 640px) 100vw, 640px\" \/><figcaption id=\"caption-attachment-112058\" class=\"wp-caption-text\">Nuevamente se registr\u00f3 un incendio de pastizales en el estadio Fiscal de San Felipe. (Imagen referencial).<\/figcaption><\/figure>\n","protected":false},"excerpt":{"rendered":"<p>Desde Bomberos aseguraron que este tipo de siniestros son intencionales.- La noche de este domingo nuevamente personal de Bomberos debi\u00f3 concurrir hasta el sector del Estadio Fiscal en San Felipe, para trabajar&#8230;<\/p>\n","protected":false},"author":482,"featured_media":112058,"comment_status":"closed","ping_status":"open","sticky":false,"template":"","format":"standard","meta":{"advanced_seo_description":"","jetpack_seo_html_title":"","jetpack_seo_noindex":false,"_jetpack_memberships_contains_paid_content":false,"footnotes":""},"categories":[21],"tags":[],"class_list":["post-112057","post","type-post","status-publish","format-standard","has-post-thumbnail","hentry","category-policial"],"jetpack_featured_media_url":"https:\/\/i0.wp.com\/eltrabajo.cl\/portal\/wp-content\/uploads\/2021\/12\/fuego.jpg?fit=699%2C897&ssl=1","jetpack_sharing_enabled":true,"jetpack_likes_enabled":true,"jetpack-related-posts":[],"_links":{"self":[{"href":"https:\/\/eltrabajo.cl\/portal\/wp-json\/wp\/v2\/posts\/112057","targetHints":{"allow":["GET"]}}],"collection":[{"href":"https:\/\/eltrabajo.cl\/portal\/wp-json\/wp\/v2\/posts"}],"about":[{"href":"https:\/\/eltrabajo.cl\/portal\/wp-json\/wp\/v2\/types\/post"}],"author":[{"embeddable":true,"href":"https:\/\/eltrabajo.cl\/portal\/wp-json\/wp\/v2\/users\/482"}],"replies":[{"embeddable":true,"href":"https:\/\/eltrabajo.cl\/portal\/wp-json\/wp\/v2\/comments?post=112057"}],"version-history":[{"count":0,"href":"https:\/\/eltrabajo.cl\/portal\/wp-json\/wp\/v2\/posts\/112057\/revisions"}],"wp:featuredmedia":[{"embeddable":true,"href":"https:\/\/eltrabajo.cl\/portal\/wp-json\/wp\/v2\/media\/112058"}],"wp:attachment":[{"href":"https:\/\/eltrabajo.cl\/portal\/wp-json\/wp\/v2\/media?parent=112057"}],"wp:term":[{"taxonomy":"category","embeddable":true,"href":"https:\/\/eltrabajo.cl\/portal\/wp-json\/wp\/v2\/categories?post=112057"},{"taxonomy":"post_tag","embeddable":true,"href":"https:\/\/eltrabajo.cl\/portal\/wp-json\/wp\/v2\/tags?post=112057"}],"curies":[{"name":"wp","href":"https:\/\/api.w.org\/{rel}","templated":true}]}}