{"id":112060,"date":"2021-12-28T07:50:17","date_gmt":"2021-12-28T10:50:17","guid":{"rendered":"https:\/\/eltrabajo.cl\/portal\/?p=112060"},"modified":"2021-12-27T23:50:17","modified_gmt":"2021-12-28T02:50:17","slug":"un-herido-tras-accidente-y-posterior-volcamiento-de-vehiculo-en-santa-maria","status":"publish","type":"post","link":"https:\/\/eltrabajo.cl\/portal\/un-herido-tras-accidente-y-posterior-volcamiento-de-vehiculo-en-santa-maria\/","title":{"rendered":"Un herido tras accidente y posterior volcamiento de veh\u00edculo en Santa Mar\u00eda"},"content":{"rendered":"<ul style=\"text-align: justify;\">\n<li style=\"text-align: left;\"><strong>Hombre fue rescatado por bomberos y personas que transitaban por el lugar.-<\/strong><\/li>\n<\/ul>\n<p style=\"text-align: justify;\">Un grave accidente vehicular se produjo la ma\u00f1ana de ayer lunes en la ruta que une las comunas de San Felipe con Santa Mar\u00eda, espec\u00edficamente en el sector de \u2018Guillisarti\u2019. Pasadas las 8:00 de la ma\u00f1ana, el conductor de un auto menor perdi\u00f3 el control de \u00e9ste y termin\u00f3 volcado a un costado del camino.<\/p>\n<p style=\"text-align: justify;\">El relacionador p\u00fablico del Cuerpo de Bomberos de Santa Mar\u00eda, <strong>Diego Arancibia<\/strong>, detall\u00f3 que <em>\u00abpasadas las 8 de la ma\u00f1ana un veh\u00edculo que viaja desde Santa Mar\u00eda a San Felipe, por razones que desconocemos, perdi\u00f3 el control colisionando con un peque\u00f1o muro de un canal que existe en el sector, volc\u00e1ndose. Seg\u00fan testigos, el volcamiento fue de alta energ\u00eda, dejando una persona lesionada, que era el conductor del auto de al menos unos 30 a\u00f1os\u00bb. <\/em><\/p>\n<p style=\"text-align: justify;\">Al lugar llegaron voluntarios de Bomberos quienes junto con personas que transitaban a esa hora de la ma\u00f1ana por el sector, brindaron los primeros auxilios a la persona que hab\u00eda quedado atrapada en el veh\u00edculo.<\/p>\n<p style=\"text-align: justify;\">\u00ab<em>\u00c9l estaba consciente, poli contuso, pero imposibilitado de salir del veh\u00edculo por sus propios medios. Bomberos junto a algunos civiles lo lograron estabilizar en una primera instancia y poder rescatarlo del auto. La persona no ten\u00eda ninguna fractura y algo que imposibilitara la maniobra. Fue necesario sacar el parabrisas del auto y poder sacarlo por ese lugar\u00bb,<\/em> agreg\u00f3 Arancibia.<\/p>\n<p style=\"text-align: justify;\">\u00ab<em>El sector de Guillisarti es una recta que se encuentra no m\u00e1s de dos kil\u00f3metros de la plaza de Santa Mar\u00eda al terminar calle Latorre, donde est\u00e1 el cementerio de Santa Mar\u00eda\u00bb,<\/em> finaliz\u00f3 Diego Arancibia.<\/p>\n<figure id=\"attachment_112061\" aria-describedby=\"caption-attachment-112061\" style=\"width: 699px\" class=\"wp-caption alignnone\"><img data-recalc-dims=\"1\" loading=\"lazy\" decoding=\"async\" class=\"size-full wp-image-112061\" src=\"https:\/\/i0.wp.com\/eltrabajo.cl\/portal\/wp-content\/uploads\/2021\/12\/choque-3.jpg?resize=640%2C360&#038;ssl=1\" alt=\"Bomberos rescat\u00f3 a un hombre que volc\u00f3 en su veh\u00edculo en Santa Mar\u00eda. \" width=\"640\" height=\"360\" srcset=\"https:\/\/i0.wp.com\/eltrabajo.cl\/portal\/wp-content\/uploads\/2021\/12\/choque-3.jpg?w=699&amp;ssl=1 699w, https:\/\/i0.wp.com\/eltrabajo.cl\/portal\/wp-content\/uploads\/2021\/12\/choque-3.jpg?resize=300%2C169&amp;ssl=1 300w, https:\/\/i0.wp.com\/eltrabajo.cl\/portal\/wp-content\/uploads\/2021\/12\/choque-3.jpg?resize=200%2C112&amp;ssl=1 200w, https:\/\/i0.wp.com\/eltrabajo.cl\/portal\/wp-content\/uploads\/2021\/12\/choque-3.jpg?resize=696%2C391&amp;ssl=1 696w\" sizes=\"auto, (max-width: 640px) 100vw, 640px\" \/><figcaption id=\"caption-attachment-112061\" class=\"wp-caption-text\">Bomberos rescat\u00f3 a un hombre que volc\u00f3 en su veh\u00edculo en Santa Mar\u00eda.<\/figcaption><\/figure>\n","protected":false},"excerpt":{"rendered":"<p>Hombre fue rescatado por bomberos y personas que transitaban por el lugar.- Un grave accidente vehicular se produjo la ma\u00f1ana de ayer lunes en la ruta que une las comunas de San&#8230;<\/p>\n","protected":false},"author":482,"featured_media":112061,"comment_status":"closed","ping_status":"open","sticky":false,"template":"","format":"standard","meta":{"advanced_seo_description":"","jetpack_seo_html_title":"","jetpack_seo_noindex":false,"_jetpack_memberships_contains_paid_content":false,"footnotes":""},"categories":[21],"tags":[],"class_list":["post-112060","post","type-post","status-publish","format-standard","has-post-thumbnail","hentry","category-policial"],"jetpack_featured_media_url":"https:\/\/i0.wp.com\/eltrabajo.cl\/portal\/wp-content\/uploads\/2021\/12\/choque-3.jpg?fit=699%2C393&ssl=1","jetpack_sharing_enabled":true,"jetpack_likes_enabled":true,"jetpack-related-posts":[],"_links":{"self":[{"href":"https:\/\/eltrabajo.cl\/portal\/wp-json\/wp\/v2\/posts\/112060","targetHints":{"allow":["GET"]}}],"collection":[{"href":"https:\/\/eltrabajo.cl\/portal\/wp-json\/wp\/v2\/posts"}],"about":[{"href":"https:\/\/eltrabajo.cl\/portal\/wp-json\/wp\/v2\/types\/post"}],"author":[{"embeddable":true,"href":"https:\/\/eltrabajo.cl\/portal\/wp-json\/wp\/v2\/users\/482"}],"replies":[{"embeddable":true,"href":"https:\/\/eltrabajo.cl\/portal\/wp-json\/wp\/v2\/comments?post=112060"}],"version-history":[{"count":0,"href":"https:\/\/eltrabajo.cl\/portal\/wp-json\/wp\/v2\/posts\/112060\/revisions"}],"wp:featuredmedia":[{"embeddable":true,"href":"https:\/\/eltrabajo.cl\/portal\/wp-json\/wp\/v2\/media\/112061"}],"wp:attachment":[{"href":"https:\/\/eltrabajo.cl\/portal\/wp-json\/wp\/v2\/media?parent=112060"}],"wp:term":[{"taxonomy":"category","embeddable":true,"href":"https:\/\/eltrabajo.cl\/portal\/wp-json\/wp\/v2\/categories?post=112060"},{"taxonomy":"post_tag","embeddable":true,"href":"https:\/\/eltrabajo.cl\/portal\/wp-json\/wp\/v2\/tags?post=112060"}],"curies":[{"name":"wp","href":"https:\/\/api.w.org\/{rel}","templated":true}]}}